{"id":9736,"date":"2018-03-08T09:09:01","date_gmt":"2018-03-08T09:09:01","guid":{"rendered":"http:\/\/www.dumitra.net\/blog\/?p=9736"},"modified":"2021-02-27T08:02:40","modified_gmt":"2021-02-27T08:02:40","slug":"de-ziua-ta-femeie","status":"publish","type":"post","link":"https:\/\/www.dumitra.net\/blog\/?p=9736","title":{"rendered":"De ziua ta, FEMEIE!"},"content":{"rendered":"<p>Azi, cerul e limpede ca o femeie dezgolit\u0103 de toate misterele p\u0103m\u00e2nte\u0219ti.<\/p>\n<p>Lumina \u021b\u00e2\u0219ne\u0219te de pretutindeni;<\/p>\n<p>te str\u0103punge cu cea mai ardenta promisiune a unei dezinvolturi carnale sfid\u00e2nd memoria \u0219lefuit\u0103 a tuturor anotimpurilor \u0219i a tuturor torentelor care-\u021bi vor fi m\u00e2ng\u00e2iat \u0219i cre\u0219tetul, \u0219i p\u00e2ntecul, \u0219i umbrele, \u0219i visele, \u0219i dorin\u021bele.<\/p>\n<p>V\u00e2ntul e molatic \u0219i nu te mai \u00eentoarce cu prora-n cheremul lui.<\/p>\n<p>M\u0103-ncarc de pofta timpului \u0103sta timid \u0219i negr\u0103bit, care mu\u0219c\u0103 din mine ca dintr-un m\u0103r plesnind de sev\u0103 \u0219i culoare rumenie.<a href=\"https:\/\/www.dumitra.net\/blog\/wp-content\/fileStore\/2018\/03\/studio-2015-1.jpg\"><img loading=\"lazy\" decoding=\"async\" class=\"size-medium wp-image-9751 alignleft\" src=\"https:\/\/www.dumitra.net\/blog\/wp-content\/fileStore\/2018\/03\/studio-2015-1-300x182.jpg\" alt=\"studio 2015\" width=\"300\" height=\"182\" srcset=\"https:\/\/www.dumitra.net\/blog\/wp-content\/fileStore\/2018\/03\/studio-2015-1-300x182.jpg 300w, https:\/\/www.dumitra.net\/blog\/wp-content\/fileStore\/2018\/03\/studio-2015-1-768x465.jpg 768w, https:\/\/www.dumitra.net\/blog\/wp-content\/fileStore\/2018\/03\/studio-2015-1-600x363.jpg 600w, https:\/\/www.dumitra.net\/blog\/wp-content\/fileStore\/2018\/03\/studio-2015-1-624x378.jpg 624w, https:\/\/www.dumitra.net\/blog\/wp-content\/fileStore\/2018\/03\/studio-2015-1.jpg 806w\" sizes=\"auto, (max-width: 300px) 100vw, 300px\" \/><\/a><\/p>\n<p>Aud un saxofon \u00eensingurat pe marea m\u0103rilor c\u00e2nt\u00e2du-\u0219i albastrul;<\/p>\n<p>privesc prin hubloul v\u00e2rstei mele \u0219i prim\u0103vara asta nu mi se mai pare o prin\u021bes\u0103 \u00eencununat\u0103;<\/p>\n<p>e-un saxofonist solitar \u00eentr-o camer\u0103 goal\u0103, denudat de convenien\u021bele supunerii unui timp m\u0103surat \u0219i ostil;<\/p>\n<p style=\"text-align: left;\">e-un pianist dus de valuri,&nbsp; m\u00e2ng\u00e2ind trupesc \u0219i nes\u0103tul clapele pianului ca-n ultima zi de speran\u021b\u0103&nbsp;\u0219i amor.<\/p>\n<p class=\"alignnone\">M\u0103 fream\u0103t\u0103 neast\u00e2mp\u0103rul \u0103sta al anotimpului promis azi mie \u0219i m\u0103 las cuprins\u0103 \u00een ghemul degetelor \u021besute \u00eemprejur.<\/p>\n<p>Pentru ca din timpul meu de femeie s\u0103-l nasc pe al t\u0103u ca un <em>infinit turbulent<\/em> al poetului Michaud.<\/p>\n<p style=\"text-align: left;\">&#8230;.<strong><em>plafonul alb al cabinei mele,<\/em><\/strong><\/p>\n<p><strong><em>apoi perdeaua care acoper\u0103 hubloul tribord,<\/em><\/strong><\/p>\n<p><strong><em>\u00eencerc\u00e2nd s\u0103&nbsp;ghicesc culoarea cerului <\/em><\/strong><\/p>\n<p><strong><em>la exterior&#8230;.<\/em><\/strong><\/p>\n<p><strong>La mul\u021bi ani, FEMEIE!&nbsp; &nbsp;<\/strong><\/p>\n","protected":false},"excerpt":{"rendered":"<p>Azi, cerul e limpede ca o femeie dezgolit\u0103 de toate misterele p\u0103m\u00e2nte\u0219ti. Lumina \u021b\u00e2\u0219ne\u0219te de pretutindeni; te str\u0103punge cu cea mai ardenta promisiune a unei dezinvolturi carnale sfid\u00e2nd memoria \u0219lefuit\u0103 a tuturor anotimpurilor \u0219i&#46;&#46;&#46;<\/p>\n","protected":false},"author":1,"featured_media":0,"comment_status":"open","ping_status":"closed","sticky":false,"template":"","format":"standard","meta":{"ngg_post_thumbnail":0,"footnotes":""},"categories":[4],"tags":[1366,1367],"class_list":["post-9736","post","type-post","status-publish","format-standard","hentry","category-personal","tag-cantec-de-femeie","tag-poezie-de-8-martie-dedicata-femeii"],"_links":{"self":[{"href":"https:\/\/www.dumitra.net\/blog\/index.php?rest_route=\/wp\/v2\/posts\/9736","targetHints":{"allow":["GET"]}}],"collection":[{"href":"https:\/\/www.dumitra.net\/blog\/index.php?rest_route=\/wp\/v2\/posts"}],"about":[{"href":"https:\/\/www.dumitra.net\/blog\/index.php?rest_route=\/wp\/v2\/types\/post"}],"author":[{"embeddable":true,"href":"https:\/\/www.dumitra.net\/blog\/index.php?rest_route=\/wp\/v2\/users\/1"}],"replies":[{"embeddable":true,"href":"https:\/\/www.dumitra.net\/blog\/index.php?rest_route=%2Fwp%2Fv2%2Fcomments&post=9736"}],"version-history":[{"count":23,"href":"https:\/\/www.dumitra.net\/blog\/index.php?rest_route=\/wp\/v2\/posts\/9736\/revisions"}],"predecessor-version":[{"id":12217,"href":"https:\/\/www.dumitra.net\/blog\/index.php?rest_route=\/wp\/v2\/posts\/9736\/revisions\/12217"}],"wp:attachment":[{"href":"https:\/\/www.dumitra.net\/blog\/index.php?rest_route=%2Fwp%2Fv2%2Fmedia&parent=9736"}],"wp:term":[{"taxonomy":"category","embeddable":true,"href":"https:\/\/www.dumitra.net\/blog\/index.php?rest_route=%2Fwp%2Fv2%2Fcategories&post=9736"},{"taxonomy":"post_tag","embeddable":true,"href":"https:\/\/www.dumitra.net\/blog\/index.php?rest_route=%2Fwp%2Fv2%2Ftags&post=9736"}],"curies":[{"name":"wp","href":"https:\/\/api.w.org\/{rel}","templated":true}]}}