{"id":9677,"date":"2018-02-22T06:59:23","date_gmt":"2018-02-22T06:59:23","guid":{"rendered":"http:\/\/www.dumitra.net\/blog\/?p=9677"},"modified":"2018-02-22T07:03:21","modified_gmt":"2018-02-22T07:03:21","slug":"dieta-sisi-pentru-o-talie-cat-un-pomelo","status":"publish","type":"post","link":"https:\/\/www.dumitra.net\/blog\/?p=9677","title":{"rendered":"Dieta Sisi pentru o talie c\u00e2t un pomelo"},"content":{"rendered":"<p class=\"alignnone\"><a href=\"https:\/\/www.dumitra.net\/blog\/wp-content\/fileStore\/2018\/02\/Winterhalter_Elisabeth_in_true_collours.jpg\"><img loading=\"lazy\" decoding=\"async\" class=\"alignright size-medium wp-image-9703\" src=\"https:\/\/www.dumitra.net\/blog\/wp-content\/fileStore\/2018\/02\/Winterhalter_Elisabeth_in_true_collours-199x300.jpg\" alt=\"Winterhalter_Elisabeth_in_true_collours\" width=\"199\" height=\"300\" srcset=\"https:\/\/www.dumitra.net\/blog\/wp-content\/fileStore\/2018\/02\/Winterhalter_Elisabeth_in_true_collours-199x300.jpg 199w, https:\/\/www.dumitra.net\/blog\/wp-content\/fileStore\/2018\/02\/Winterhalter_Elisabeth_in_true_collours.jpg 220w\" sizes=\"auto, (max-width: 199px) 100vw, 199px\" \/><\/a>Tot ceea ce \u0219tiam \u00een copil\u0103ria mea comunist\u0103 despre Sisi era legat nu de \u0219unc\u0103, ci de balcon: &#8220;e\u0219ti Sisi la balcon!&#8221;, iar\u00a0chestia asta o foloseam pentru a \u00eenlocui elegant un ireveren\u021bio\u0219 &#8220;b\u0103i, e\u0219ti nebun!&#8221;\u00a0 \u00een toiul vreunei dispute printre ciulinii din fa\u021ba casei alor mei, asta \u00eenainte s\u0103 se extind\u0103 reteaua de transport a Br\u0103ilei \u0219i locul ciulinilor s\u0103 fie luat de un depou unde se garau tramvaiele.<\/p>\n<p>Nu mi-am pus niciodat\u0103 \u00eentrebarea de unde venea vorba asta pe care to\u021bi copiii o foloseau la vremea respectiv\u0103. La ni\u0219te zeci de ani distan\u021b\u0103, periplul recent prin muzeele Vienei avea s\u0103 m\u0103 l\u0103mureasc\u0103.<\/p>\n<p>Chiar \u00een Palatul Hofburg\u00a0(care g\u0103zduie\u0219te muzeul Sisi \u0219i apartametele regale) fiiind \u0219i ascult\u00e2nd istoria (aparent )\u00a0<em>adev\u0103rat\u0103<\/em> a \u00eemp\u0103r\u0103tesei Sisi,\u00a0 povestesc fetei mele despre\u00a0&#8220;Sisi la balcon&#8221;. R\u00e2de \u0219i-mi spune c\u0103 ea \u0219tie de \u0219unc\u0103. Eu cu balconul, ea cu \u0219unca&#8230;.Alte vremuri, alte scorneli&#8230;<\/p>\n<p>Ghidul audio \u00een limba rom\u00e2n\u0103 (!) tocmai ne spuse c\u0103 Sisi nu fusese nici pe departe <em>icoana<\/em> pe care avea s\u0103 o impun\u0103\u00a0 Romy Schneider, \u00een 1955, cu filmul\u00a0&#8220;Prin\u021besa Sisi&#8221;. Dimpotriv\u0103. Fire depresiv\u0103 \u0219i melancolic\u0103, suferind de anorexie nervoas\u0103, Sisi n-a prea fost iubit\u0103 \u00een epoc\u0103, iar ziarele vremii au criticat <em>ie\u0219irile<\/em> prin\u021besei rebele.<\/p>\n<p>Nici vremurile \u00een care a tr\u0103it n-au ajutat caracterului av\u00e2ntat \u0219i neobosit, care nu suporta colivia de aur a confortului de care se bucura. Dac\u0103 \u00eemp\u0103r\u0103teasa Sisi (Elisabeth de Austria, 1837 &#8211; 1898) ar fi avut o pagina de Facebook, n-ar mai fi trecut drept o rebel\u0103 \u0219i o extravagant\u0103 a epocii, iar deprinderile \u0219i \u00eendr\u0103znelile ei ar fi devenit \u00een scurt timp mod\u0103.<\/p>\n<p>A\u0219a, a fost nevoie de vreo 100 de ani pentru ca obsesia \u00eemp\u0103r\u0103tesei Sisi pentu diet\u0103, pentru un corp sub\u021bire \u0219i pentru sport s\u0103 devin\u0103 norm\u0103. Pe linia asta se \u00eenscrie \u0219i a noastr\u0103 Mi\u021ba Biciclista, dar asta-i o alt\u0103 poveste&#8230;.<\/p>\n<p><strong>Obsesia de a fi slab\u0103<\/strong><\/p>\n<p class=\"alignnone\"><a href=\"https:\/\/www.dumitra.net\/blog\/wp-content\/fileStore\/2018\/02\/sissi-inele.jpg\"><img loading=\"lazy\" decoding=\"async\" class=\"alignright size-medium wp-image-9690\" src=\"https:\/\/www.dumitra.net\/blog\/wp-content\/fileStore\/2018\/02\/sissi-inele-300x254.jpg\" alt=\"sissi inele\" width=\"300\" height=\"254\" srcset=\"https:\/\/www.dumitra.net\/blog\/wp-content\/fileStore\/2018\/02\/sissi-inele-300x254.jpg 300w, https:\/\/www.dumitra.net\/blog\/wp-content\/fileStore\/2018\/02\/sissi-inele.jpg 472w\" sizes=\"auto, (max-width: 300px) 100vw, 300px\" \/><\/a>Trec\u00e2nd prin camerele de\u021binute de Sisi la Hofburg, una e cel pu\u021bin neobi\u0219nuit\u0103. Cea \u00een care f\u0103cea dou\u0103 ore de gimnastic\u0103 pe zi. \u00ce\u021bi sar imediat \u00een ochi inelele suspendate \u00een ancadramentul gros al u\u0219ii, spalierul cu trepte, bara de trac\u021biuni. Ba chiar folosea \u0219i haltere. Peste tot pe unde mergea, avea amenajat\u0103 o sala de gimnastic\u0103 cum este cea de la Hofburg (vezi foto).<\/p>\n<p class=\"alignnone\" style=\"text-align: left;\"><a href=\"https:\/\/www.dumitra.net\/blog\/wp-content\/fileStore\/2018\/02\/sisi-scara.jpg\"><img loading=\"lazy\" decoding=\"async\" class=\"size-medium wp-image-9691 alignright\" src=\"https:\/\/www.dumitra.net\/blog\/wp-content\/fileStore\/2018\/02\/sisi-scara-300x200.jpg\" alt=\"sisi scara\" width=\"300\" height=\"200\" srcset=\"https:\/\/www.dumitra.net\/blog\/wp-content\/fileStore\/2018\/02\/sisi-scara-300x200.jpg 300w, https:\/\/www.dumitra.net\/blog\/wp-content\/fileStore\/2018\/02\/sisi-scara-768x512.jpg 768w, https:\/\/www.dumitra.net\/blog\/wp-content\/fileStore\/2018\/02\/sisi-scara.jpg 1024w, https:\/\/www.dumitra.net\/blog\/wp-content\/fileStore\/2018\/02\/sisi-scara-600x400.jpg 600w, https:\/\/www.dumitra.net\/blog\/wp-content\/fileStore\/2018\/02\/sisi-scara-624x416.jpg 624w\" sizes=\"auto, (max-width: 300px) 100vw, 300px\" \/><\/a>\u00ce\u0219i chinuia suita de doamne cu mar\u0219uri for\u021bate de c\u00e2te 10 ore (asta \u00eensemn\u00e2nd aproape un semimarathon) \u0219i practica \u00eenotul, echita\u021bia, scrima. De altfel, era cea mai bun\u0103 c\u0103l\u0103rea\u021b\u0103 a timpului s\u0103u, merg\u00e2nd chiar \u00een Irlanda pentru curse care aveau reputa\u021bia de a fi periculoase.<a href=\"https:\/\/www.dumitra.net\/blog\/wp-content\/fileStore\/2018\/02\/sisi-calare.jpg\" target=\"_blank\"><img loading=\"lazy\" decoding=\"async\" class=\"wp-image-9695 size-full alignnone\" src=\"https:\/\/www.dumitra.net\/blog\/wp-content\/fileStore\/2018\/02\/sisi-calare.jpg\" alt=\"sisi calare\" width=\"285\" height=\"290\" \/><\/a><\/p>\n<p><strong>51 de cm \u00een talie\u00a0<\/strong><\/p>\n<p class=\"alignnone\"><a href=\"https:\/\/www.dumitra.net\/blog\/wp-content\/fileStore\/2018\/02\/sisi-rochie1.jpg\"><img loading=\"lazy\" decoding=\"async\" class=\"alignright size-medium wp-image-9692\" src=\"https:\/\/www.dumitra.net\/blog\/wp-content\/fileStore\/2018\/02\/sisi-rochie1-300x297.jpg\" alt=\"sisi rochie1\" width=\"300\" height=\"297\" srcset=\"https:\/\/www.dumitra.net\/blog\/wp-content\/fileStore\/2018\/02\/sisi-rochie1-300x297.jpg 300w, https:\/\/www.dumitra.net\/blog\/wp-content\/fileStore\/2018\/02\/sisi-rochie1-150x150.jpg 150w, https:\/\/www.dumitra.net\/blog\/wp-content\/fileStore\/2018\/02\/sisi-rochie1-768x761.jpg 768w, https:\/\/www.dumitra.net\/blog\/wp-content\/fileStore\/2018\/02\/sisi-rochie1-600x595.jpg 600w, https:\/\/www.dumitra.net\/blog\/wp-content\/fileStore\/2018\/02\/sisi-rochie1-144x144.jpg 144w, https:\/\/www.dumitra.net\/blog\/wp-content\/fileStore\/2018\/02\/sisi-rochie1-624x618.jpg 624w, https:\/\/www.dumitra.net\/blog\/wp-content\/fileStore\/2018\/02\/sisi-rochie1.jpg 772w\" sizes=\"auto, (max-width: 300px) 100vw, 300px\" \/><\/a><a href=\"https:\/\/www.dumitra.net\/blog\/wp-content\/fileStore\/2018\/02\/sisi-corset.jpg\"><img loading=\"lazy\" decoding=\"async\" class=\"alignright size-medium wp-image-9694\" src=\"https:\/\/www.dumitra.net\/blog\/wp-content\/fileStore\/2018\/02\/sisi-corset-300x264.jpg\" alt=\"sisi corset\" width=\"300\" height=\"264\" srcset=\"https:\/\/www.dumitra.net\/blog\/wp-content\/fileStore\/2018\/02\/sisi-corset-300x264.jpg 300w, https:\/\/www.dumitra.net\/blog\/wp-content\/fileStore\/2018\/02\/sisi-corset.jpg 500w\" sizes=\"auto, (max-width: 300px) 100vw, 300px\" \/><\/a>51 de\u00a0 cm \u00een talie \u00eenseamn\u0103 diametrul unui pomelo. De necrezut, dar at\u00e2t m\u0103sura Sisi \u00een talie. \u0218i, dac\u0103 n-a\u0219 fi v\u0103zut, \u00een colec\u021bia de argint\u0103rie \u0219i por\u021belanuri a palatului, cu propriii mei ochi presa de carne (din p\u0103cate, n-am poz\u0103), a\u0219 fi zis c\u0103 obiceiul de a bea suc de carne crud\u0103 e o fabula\u021bie. Ca s\u0103-\u0219i p\u0103streze sub\u021birimea taliei, Sisi se hr\u0103nea cu suc de carne, ou\u0103, portocale, bea 6 pahare de lapte pe zi. Alterna zilele de post \u0219i regim, c\u00e2nd m\u00e2nca un singur aliment. Nu-i deloc de mirare c\u0103 se sim\u021bea anxioas\u0103 \u0219i sl\u0103bit\u0103, suferind de malnutri\u021bie, dar \u0219i de pe urma cocainei cu care \u00ee\u0219i trata durerile menstruale. La vremea respectic\u0103, cocaina se prescria \u00een cazul durerilor&#8230;.<\/p>\n<p><strong>C\u0103prioar\u0103 la mij&#8217;oc&#8230;<\/strong><\/p>\n<p>O alt\u0103 ciud\u0103\u021benie a \u00eemp\u0103r\u0103tesei era s\u0103-\u0219i pun\u0103 un corset din piele de c\u0103prioar\u0103 \u00eenmuiat\u00a0 \u00een o\u021bet. Pe m\u0103sur\u0103 ce acesta se usca, se comprima, iar Sisi \u00ee\u0219i imagina c\u0103 pierdea al\u021bi centimetri \u00een talie. Ca s\u0103 vede\u021bi unde \u00ee\u0219i are originea centura care <em>te sl\u0103be\u0219te<\/em>.<\/p>\n<p class=\"alignnone\"><a href=\"https:\/\/www.dumitra.net\/blog\/wp-content\/fileStore\/2018\/02\/robe_110.jpg\"><img loading=\"lazy\" decoding=\"async\" class=\"alignright size-medium wp-image-9693\" src=\"https:\/\/www.dumitra.net\/blog\/wp-content\/fileStore\/2018\/02\/robe_110-200x300.jpg\" alt=\"robe_110\" width=\"200\" height=\"300\" srcset=\"https:\/\/www.dumitra.net\/blog\/wp-content\/fileStore\/2018\/02\/robe_110-200x300.jpg 200w, https:\/\/www.dumitra.net\/blog\/wp-content\/fileStore\/2018\/02\/robe_110.jpg 320w\" sizes=\"auto, (max-width: 200px) 100vw, 200px\" \/><\/a>\u00cenainte de a ajunge \u00een camera de gimnastic\u0103, vizitatorul face cuno\u0219tin\u021b\u0103 cu c\u00e2teva piese din garderoba lui Sisi. Chiar \u0219i ochiul neexperimentat este izbit de neobi\u0219nuita sub\u021birime a taliei rochiilor care, dac\u0103 n-ar fi de dimensiuni umane ( \u00eemp\u0103r\u0103teasa avea o \u00een\u0103l\u021bime de 1,72 cm), ai crede c\u0103 au fost destinate p\u0103pu\u0219ilor. Cerea ca rochiile s\u0103 fie cusute direct pe ea \u0219i \u00ee\u0219i purta corsetul foarte str\u00e2ns ca s\u0103 nu se \u00eengra\u0219e. Dup\u0103 moartea fiului, avea s\u0103 poarte numai rochii negre \u0219i folosea accesorii precum umbrela sau evantaiul ca s\u0103 se ascund\u0103 de privirile indiscrete.<\/p>\n<p class=\"alignnone\"><em>\u00cen articolul urm\u0103tor, despre obsesia lui Sisi pentru propria-i frumus\u021be.<\/em><\/p>\n<p class=\"alignnone\">Surse foto: <a href=\"https:\/\/passionchateau.fr\" target=\"_blank\">passionchateau.fr<\/a>, Wikipedia<\/p>\n<p class=\"alignnone\">Ghidul audio al Palatului Hofburg <a href=\"https:\/\/player.fm\/series\/hofburg-de-vienne-appartements-impriaux-muse-sisi-collection-dargenterie\" target=\"_blank\">este aici (in franceza)<\/a><\/p>\n","protected":false},"excerpt":{"rendered":"<p>Tot ceea ce \u0219tiam \u00een copil\u0103ria mea comunist\u0103 despre Sisi era legat nu de \u0219unc\u0103, ci de balcon: &#8220;e\u0219ti Sisi la balcon!&#8221;, iar\u00a0chestia asta o foloseam pentru a \u00eenlocui elegant un ireveren\u021bio\u0219 &#8220;b\u0103i, e\u0219ti&#46;&#46;&#46;<\/p>\n","protected":false},"author":1,"featured_media":0,"comment_status":"open","ping_status":"closed","sticky":false,"template":"","format":"standard","meta":{"ngg_post_thumbnail":0,"footnotes":""},"categories":[11,4,1],"tags":[1354,1365,1361,1357,1362,1360,1364,1358,1356,1359,1363,1355],"class_list":["post-9677","post","type-post","status-publish","format-standard","hentry","category-dieta","category-personal","category-sport","tag-ce-manca-sisi","tag-cine-a-vizitat-hofburg","tag-cine-era-sisi","tag-cum-se-facea-sport-la-1850","tag-cum-slabesti-cu-sunca-sisi","tag-muzeu-sisi-viena","tag-opinii-muzeu-sisi-viena","tag-originea-centurii-pentru-slabit","tag-sport-sisi","tag-sunca-sisi","tag-sunca-sisi-slabeste","tag-vizita-hofburg-apartamentele-lui-sisi"],"_links":{"self":[{"href":"https:\/\/www.dumitra.net\/blog\/index.php?rest_route=\/wp\/v2\/posts\/9677","targetHints":{"allow":["GET"]}}],"collection":[{"href":"https:\/\/www.dumitra.net\/blog\/index.php?rest_route=\/wp\/v2\/posts"}],"about":[{"href":"https:\/\/www.dumitra.net\/blog\/index.php?rest_route=\/wp\/v2\/types\/post"}],"author":[{"embeddable":true,"href":"https:\/\/www.dumitra.net\/blog\/index.php?rest_route=\/wp\/v2\/users\/1"}],"replies":[{"embeddable":true,"href":"https:\/\/www.dumitra.net\/blog\/index.php?rest_route=%2Fwp%2Fv2%2Fcomments&post=9677"}],"version-history":[{"count":22,"href":"https:\/\/www.dumitra.net\/blog\/index.php?rest_route=\/wp\/v2\/posts\/9677\/revisions"}],"predecessor-version":[{"id":9709,"href":"https:\/\/www.dumitra.net\/blog\/index.php?rest_route=\/wp\/v2\/posts\/9677\/revisions\/9709"}],"wp:attachment":[{"href":"https:\/\/www.dumitra.net\/blog\/index.php?rest_route=%2Fwp%2Fv2%2Fmedia&parent=9677"}],"wp:term":[{"taxonomy":"category","embeddable":true,"href":"https:\/\/www.dumitra.net\/blog\/index.php?rest_route=%2Fwp%2Fv2%2Fcategories&post=9677"},{"taxonomy":"post_tag","embeddable":true,"href":"https:\/\/www.dumitra.net\/blog\/index.php?rest_route=%2Fwp%2Fv2%2Ftags&post=9677"}],"curies":[{"name":"wp","href":"https:\/\/api.w.org\/{rel}","templated":true}]}}