{"id":948,"date":"2012-03-29T10:45:12","date_gmt":"2012-03-29T10:45:12","guid":{"rendered":"http:\/\/www.dumitra.net\/blog\/?p=948"},"modified":"2012-03-29T10:55:50","modified_gmt":"2012-03-29T10:55:50","slug":"ce-au-ungurii-si-noi-nu","status":"publish","type":"post","link":"https:\/\/www.dumitra.net\/blog\/?p=948","title":{"rendered":"Ce au ungurii \u015fi noi nu:"},"content":{"rendered":"<p><a href=\"https:\/\/www.dumitra.net\/blog\/?attachment_id=958\" rel=\"attachment wp-att-958\"><img loading=\"lazy\" decoding=\"async\" class=\"alignleft size-full wp-image-958\" title=\"Kep20341\" src=\"https:\/\/www.dumitra.net\/blog\/wp-content\/fileStore\/2012\/03\/Kep20341.jpg\" alt=\"\" width=\"259\" height=\"163\" \/><\/a>de exemplu, s\u0103li de sport- imense ca ni\u015fte mall-uri, cum nu \u015ftiu s\u0103 existe la noi, cel pu\u0163in \u00een Bucure\u015fti. M-a uimit s\u0103 v\u0103d luni, la ora 8.30, un grup de unguri \u00eenfirb\u00e2nta\u0163i \u015fi cu obraji rozalii, d\u00e2nd pe dinafar\u0103 de energie, mai s\u0103 ne proiecteze pe perete \u00een graba lor de a ie\u015fi din sala de sport. Sau, mai corect spus, hala de sport. <strong><\/strong><\/p>\n<p><strong>Numai la <strong>parter<\/strong> am num\u0103rat<em><\/em> cel pu\u0163in 4 s\u0103li mari de squash &#8211; un sport favorit la unguri, cu turnee \u00een toat\u0103 regula (centrul are \u00een total 8 s\u0103li de squash&#8230;.), 2 mini terenuri de fotbal, o sal\u0103 de aerobic av\u00e2nd aproximativ 150<\/strong> <strong>metri p\u0103tra\u0163i, solar, saun\u0103, vestiare generoase, restaurant. <\/strong><\/p>\n<p><strong>Asta e doar ceea ce am putut vedea la parter dintr-o privire. \u00cens\u0103, centrul mai are \u00eenc\u0103 un etaj unde se desf\u0103\u015foar\u0103 activit\u0103\u0163ile de box, fitness, spinning, yoga. Tot aici mai sunt \u015fi dou\u0103 saloane de biliard pentru nefum\u0103tori<\/strong><strong>-fum\u0103tori, bowling, darts, wellness&#8230;\u015fi deja m-am plictisit enumer\u00e2nd&#8230;.:). <\/strong><\/p>\n<p><strong>Accesul \u00een centru se face pe baza unei br\u0103\u0163\u0103ri ca de ceas, care \u00ee\u0163i permite nu doar intrarea \u00een s\u0103li, dar \u015fi \u00eencuierea dulapului din vestiar. Simplu \u015fi elegant.<\/strong><\/p>\n<p>Ca s\u0103 \u00een\u0163elegi pe deplin despre ce dimensiune vorbim,\u00a0 spun c\u0103 centrul are \u00een total 6 000 metri p\u0103tra\u0163i \u015fi se g\u0103se\u015fte \u00een Buda, partea st\u00e2ng\u0103 a imaginii de mai jos &#8211; dup\u0103 gustul meu, mult mai spectaculoas\u0103 dec\u00e2t Pesta.<\/p>\n<p>Privind de aici, de sus, de unde am surpins \u015fi eu cele dou\u0103 p\u0103r\u0163i ale Budapestei, realizezi grandoarea unui ora\u015f cu o popula\u0163ie comparabil\u0103 cu a Bucure\u015ftiului, dar infinit mai afirmat\u0103<a href=\"https:\/\/www.dumitra.net\/blog\/?attachment_id=953\" rel=\"attachment wp-att-953\"><img loading=\"lazy\" decoding=\"async\" class=\"size-medium wp-image-953 alignnone\" title=\"Budapesta de sus\" src=\"https:\/\/www.dumitra.net\/blog\/wp-content\/fileStore\/2012\/03\/Budapesta-de-sus1-300x200.jpg\" alt=\"\" width=\"300\" height=\"200\" srcset=\"https:\/\/www.dumitra.net\/blog\/wp-content\/fileStore\/2012\/03\/Budapesta-de-sus1-300x200.jpg 300w, https:\/\/www.dumitra.net\/blog\/wp-content\/fileStore\/2012\/03\/Budapesta-de-sus1.jpg 1024w\" sizes=\"auto, (max-width: 300px) 100vw, 300px\" \/><\/a> cultural \u015fi mai con\u015ftient\u0103 de propria-i valoare. P\u00e2nza impresionant\u0103 de b\u0103i termale, monumentele, cl\u0103dirile, multitudinea statuilor, re\u0163eaua de metrou, podurile peste Dun\u0103re sunt spectacole \u00een sine. Este pentru a doua oar\u0103 c\u00e2nd vizitez Budapesta. E un ora\u015f \u00een care m-a\u015f \u00eentoarece pentru un alt sejur \u015fi a\u015f m\u00e2nca o sup\u0103 de pe\u015fte pe malul Dun\u0103rii, la restaurantul \u00een care o orchestr\u0103 de unguri &#8220;qui ont travaille a Paris&#8221; ne-a c\u00e2ntat la ureche De\u015fteapt\u0103-te rom\u00e2ne, Ionel, Ionelule, Sanie cu zurg\u0103l\u0103i \u015fi \u00eenc\u0103 vreo dou\u0103 melodii. M-a suprins pl\u0103cut \u015fi extrema amabilitate a ungurilor.<\/p>\n<p>Spun\u00e2ndu-\u0163i toate acestea, s\u0103 nu credezi c\u0103 sunt \u00een fund de admira\u0163ie fa\u0163\u0103 de poporul ungar. Vegetativ, port \u015fi eu ca mul\u0163i al\u0163i rom\u00e2ni, povara istoriei. Dar, dincolo de aspectele fragile pe care nu le discut aici, reprezint\u0103 un model de civiliza\u0163ie \u015fi trebuie considerat ca atare. \u015ei dac\u0103 ne mai &#8220;op\u0103rim&#8221; c\u00e2nd vine vorba de &#8220;Hello Budapesta!&#8221; rostit de vreun str\u0103in care vine la Bucure\u015fti, s\u0103 mergem la vecini s\u0103 \u00een\u0163elegem de ce.<\/p>\n<p><a href=\"https:\/\/www.dumitra.net\/blog\/?attachment_id=979\" rel=\"attachment wp-att-979\"><img loading=\"lazy\" decoding=\"async\" class=\"alignright size-medium wp-image-979\" title=\"Sala aerobic Budapesta\" src=\"https:\/\/www.dumitra.net\/blog\/wp-content\/fileStore\/2012\/03\/Sala-aerobic-Budapesta-300x200.jpg\" alt=\"\" width=\"300\" height=\"200\" srcset=\"https:\/\/www.dumitra.net\/blog\/wp-content\/fileStore\/2012\/03\/Sala-aerobic-Budapesta-300x200.jpg 300w, https:\/\/www.dumitra.net\/blog\/wp-content\/fileStore\/2012\/03\/Sala-aerobic-Budapesta.jpg 1024w\" sizes=\"auto, (max-width: 300px) 100vw, 300px\" \/><\/a>Revenind la &#8220;hala&#8221; de sport \u00een care s-a desf\u0103\u015furat trainingul de instructori Zumba Toning, o singur\u0103 concluzie, nepl\u0103cut\u0103 pentru noi, rom\u00e2nii, pot s\u0103 trag: ungurii fac mai mult sport. Altfel n-ar putea exista asemenea s\u0103li imense. Ajut\u0103 concluziei mele \u015fi faptul c\u0103 la finalul lui 2011, o statistic\u0103 publicat\u0103 de Ziarul Financiar (din p\u0103cate nu am p\u0103strat link-ul) ar\u0103ta c\u0103 un rom\u00e2n dintr-o sut\u0103\u00a0 face sport; \u00een timp ce la bulgari raportul este de 1 la 10, polonezi, slovaci, unguri 3 la 10.<\/p>\n<p>Ce departe suntem&#8230;&#8230;!<\/p>\n","protected":false},"excerpt":{"rendered":"<p>de exemplu, s\u0103li de sport- imense ca ni\u015fte mall-uri, cum nu \u015ftiu s\u0103 existe la noi, cel pu\u0163in \u00een Bucure\u015fti. M-a uimit s\u0103 v\u0103d luni, la ora 8.30, un grup de unguri \u00eenfirb\u00e2nta\u0163i \u015fi&#46;&#46;&#46;<\/p>\n","protected":false},"author":1,"featured_media":0,"comment_status":"open","ping_status":"closed","sticky":false,"template":"","format":"standard","meta":{"ngg_post_thumbnail":0,"footnotes":""},"categories":[4,1],"tags":[],"class_list":["post-948","post","type-post","status-publish","format-standard","hentry","category-personal","category-sport"],"_links":{"self":[{"href":"https:\/\/www.dumitra.net\/blog\/index.php?rest_route=\/wp\/v2\/posts\/948","targetHints":{"allow":["GET"]}}],"collection":[{"href":"https:\/\/www.dumitra.net\/blog\/index.php?rest_route=\/wp\/v2\/posts"}],"about":[{"href":"https:\/\/www.dumitra.net\/blog\/index.php?rest_route=\/wp\/v2\/types\/post"}],"author":[{"embeddable":true,"href":"https:\/\/www.dumitra.net\/blog\/index.php?rest_route=\/wp\/v2\/users\/1"}],"replies":[{"embeddable":true,"href":"https:\/\/www.dumitra.net\/blog\/index.php?rest_route=%2Fwp%2Fv2%2Fcomments&post=948"}],"version-history":[{"count":49,"href":"https:\/\/www.dumitra.net\/blog\/index.php?rest_route=\/wp\/v2\/posts\/948\/revisions"}],"predecessor-version":[{"id":998,"href":"https:\/\/www.dumitra.net\/blog\/index.php?rest_route=\/wp\/v2\/posts\/948\/revisions\/998"}],"wp:attachment":[{"href":"https:\/\/www.dumitra.net\/blog\/index.php?rest_route=%2Fwp%2Fv2%2Fmedia&parent=948"}],"wp:term":[{"taxonomy":"category","embeddable":true,"href":"https:\/\/www.dumitra.net\/blog\/index.php?rest_route=%2Fwp%2Fv2%2Fcategories&post=948"},{"taxonomy":"post_tag","embeddable":true,"href":"https:\/\/www.dumitra.net\/blog\/index.php?rest_route=%2Fwp%2Fv2%2Ftags&post=948"}],"curies":[{"name":"wp","href":"https:\/\/api.w.org\/{rel}","templated":true}]}}