{"id":9306,"date":"2017-09-10T08:12:05","date_gmt":"2017-09-10T08:12:05","guid":{"rendered":"http:\/\/www.dumitra.net\/blog\/?p=9306"},"modified":"2017-09-10T08:21:45","modified_gmt":"2017-09-10T08:21:45","slug":"o-tarta-cu-mere-si-cu-minte","status":"publish","type":"post","link":"https:\/\/www.dumitra.net\/blog\/?p=9306","title":{"rendered":"O tart\u0103 cu mere \u0219i cu(&#8230;.)minte"},"content":{"rendered":"<p>Ner\u0103bdarea merelor \u0103stora tomnatice trebuie musai potolit\u0103 \u0219i \u00eentr-o tart\u0103 simpl\u0103 \u0219i rapid\u0103, lipsit\u0103 oarecum de fine\u021buri \u0219i de zah\u0103<a href=\"https:\/\/www.dumitra.net\/blog\/wp-content\/fileStore\/2017\/09\/Mere-din-gradina2017.jpg\" target=\"_blank\"><img loading=\"lazy\" decoding=\"async\" class=\"alignleft wp-image-9308 size-medium\" src=\"https:\/\/www.dumitra.net\/blog\/wp-content\/fileStore\/2017\/09\/Mere-din-gradina2017-300x200.jpg\" alt=\"Mere din gradina2017\" width=\"300\" height=\"200\" srcset=\"https:\/\/www.dumitra.net\/blog\/wp-content\/fileStore\/2017\/09\/Mere-din-gradina2017-300x200.jpg 300w, https:\/\/www.dumitra.net\/blog\/wp-content\/fileStore\/2017\/09\/Mere-din-gradina2017-768x512.jpg 768w, https:\/\/www.dumitra.net\/blog\/wp-content\/fileStore\/2017\/09\/Mere-din-gradina2017-600x400.jpg 600w, https:\/\/www.dumitra.net\/blog\/wp-content\/fileStore\/2017\/09\/Mere-din-gradina2017-624x416.jpg 624w, https:\/\/www.dumitra.net\/blog\/wp-content\/fileStore\/2017\/09\/Mere-din-gradina2017.jpg 800w\" sizes=\"auto, (max-width: 300px) 100vw, 300px\" \/><\/a>r. Perele, suratele, se prind \u0219i ele de tart\u0103.<\/p>\n<p>Aluatul nu m-am obosit s\u0103-l fac (fiindu-mi mai pre\u021bios timpul cu Amos Oz). Mi-a fost <em>livrat\u00a0<\/em>la u\u0219\u0103 direct dintr-un supermarket (c\u0103uta\u021bi varianta cu unt \u00een detrimentul celei cu margarin\u0103 \u0219i ulei de palmier). Am o r\u0103fuial\u0103 permanent\u0103 cu aluatul \u0103sta plin de gr\u0103sime&#8230;.. Dar, din c\u00e2nd \u00een c\u00e2nd, o mai comit. De dragul merelor \u0219i \u00eenc\u00e2nt\u0103rii pe care mi-o arat\u0103 copiii c\u00e2nd adulmec\u0103 mirosul.<\/p>\n<p><a href=\"https:\/\/www.dumitra.net\/blog\/wp-content\/fileStore\/2017\/09\/Marmelada-de-merepere2017.jpg\" target=\"_blank\"><img loading=\"lazy\" decoding=\"async\" class=\"alignright wp-image-9309 size-medium\" src=\"https:\/\/www.dumitra.net\/blog\/wp-content\/fileStore\/2017\/09\/Marmelada-de-merepere2017-300x200.jpg\" alt=\"Marmelada de merepere2017\" width=\"300\" height=\"200\" srcset=\"https:\/\/www.dumitra.net\/blog\/wp-content\/fileStore\/2017\/09\/Marmelada-de-merepere2017-300x200.jpg 300w, https:\/\/www.dumitra.net\/blog\/wp-content\/fileStore\/2017\/09\/Marmelada-de-merepere2017-768x512.jpg 768w, https:\/\/www.dumitra.net\/blog\/wp-content\/fileStore\/2017\/09\/Marmelada-de-merepere2017-600x400.jpg 600w, https:\/\/www.dumitra.net\/blog\/wp-content\/fileStore\/2017\/09\/Marmelada-de-merepere2017-624x416.jpg 624w, https:\/\/www.dumitra.net\/blog\/wp-content\/fileStore\/2017\/09\/Marmelada-de-merepere2017.jpg 800w\" sizes=\"auto, (max-width: 300px) 100vw, 300px\" \/><\/a>Cum \u00eens\u0103 m-am obosit s\u0103 fac din vreme marmelad\u0103 din mere \u0219i pere (reteta e <a href=\"https:\/\/www.dumitra.net\/blog\/?p=9281\" target=\"_blank\">aici<\/a>), simpl\u0103 \u0219i f\u0103r\u0103 zah\u0103r, am folosit-o degrab\u0103 \u0219i toat\u0103 povestea asta cu tarta a durat 35 de minute, incluz\u00e2nd aici \u0219i timpul de coacere.<\/p>\n<p><strong><a href=\"https:\/\/www.dumitra.net\/blog\/wp-content\/fileStore\/2017\/09\/Marmelada-mere_pere2-300x200-1.jpg\" target=\"_blank\"><img loading=\"lazy\" decoding=\"async\" class=\"alignleft wp-image-9288 size-medium\" src=\"https:\/\/www.dumitra.net\/blog\/wp-content\/fileStore\/2017\/09\/Marmelada-mere_pere2-300x200-1-300x200.jpg\" alt=\"rp_Marmelada-mere_pere2-300x200.jpg\" width=\"300\" height=\"200\" \/><\/a>INGREDIENTE:<\/strong><\/p>\n<ul>\n<li>aluat de tart\u0103<\/li>\n<li>3-4 mere dulci \u0219i zemoase pentru piureul de mere (daca n-ati f\u0103cut deja marmelad\u0103)<\/li>\n<li>2 mere feliate fin pentru stratul superior<\/li>\n<li>1-2 linguri\u021be de miere pentru tu\u0219a final\u0103 sau 2-3 linguri\u021be dulcea\u021b\u0103 de caise<\/li>\n<li>scor\u021bi\u0219oar\u0103<\/li>\n<\/ul>\n<p><strong>PREPARARE:<\/strong><\/p>\n<p>Merele, t\u0103iate \u00een cuburi mici, se pun la fiert cu pu\u021bintic\u0103 ap\u0103 \u0219i se transform\u0103 \u00een piure dup\u0103 ce au devenit moi. Se cur\u0103\u021b\u0103 de coaj\u0103 \u0219i se feliaz\u0103 merele.<\/p>\n<p><a href=\"https:\/\/www.dumitra.net\/blog\/wp-content\/fileStore\/2017\/09\/Tarta-cu-marmelada-de-mere.jpg\" target=\"_blank\"><img loading=\"lazy\" decoding=\"async\" class=\"alignright wp-image-9310 size-medium\" src=\"https:\/\/www.dumitra.net\/blog\/wp-content\/fileStore\/2017\/09\/Tarta-cu-marmelada-de-mere-300x200.jpg\" alt=\"Tarta cu marmelada de mere\" width=\"300\" height=\"200\" srcset=\"https:\/\/www.dumitra.net\/blog\/wp-content\/fileStore\/2017\/09\/Tarta-cu-marmelada-de-mere-300x200.jpg 300w, https:\/\/www.dumitra.net\/blog\/wp-content\/fileStore\/2017\/09\/Tarta-cu-marmelada-de-mere-768x512.jpg 768w, https:\/\/www.dumitra.net\/blog\/wp-content\/fileStore\/2017\/09\/Tarta-cu-marmelada-de-mere-600x400.jpg 600w, https:\/\/www.dumitra.net\/blog\/wp-content\/fileStore\/2017\/09\/Tarta-cu-marmelada-de-mere-624x416.jpg 624w, https:\/\/www.dumitra.net\/blog\/wp-content\/fileStore\/2017\/09\/Tarta-cu-marmelada-de-mere.jpg 800w\" sizes=\"auto, (max-width: 300px) 100vw, 300px\" \/><\/a>Stratul de piure se \u00eentinde uniform peste aluatul de tart\u0103. A\u0219ezi apoi salba de mere fin feliate. Tu\u0219a final\u0103 e dat\u0103 de dulcea\u021ba de caise, pe care o distribui uniform cu ajutorul unei pensule. Eu am preferat s\u0103 pun 2 linguri\u021be de miere, dup\u0103 ce s-a scurs timpul de coacere.<\/p>\n<p>Treaba-i simpl\u0103 \u0219i-\u021bi menajezi \u0219i timpul, \u0219i silueta (oarecum&#8230;).<\/p>\n","protected":false},"excerpt":{"rendered":"<p>Ner\u0103bdarea merelor \u0103stora tomnatice trebuie musai potolit\u0103 \u0219i \u00eentr-o tart\u0103 simpl\u0103 \u0219i rapid\u0103, lipsit\u0103 oarecum de fine\u021buri \u0219i de zah\u0103r. Perele, suratele, se prind \u0219i ele de tart\u0103. Aluatul nu m-am obosit s\u0103-l fac&#46;&#46;&#46;<\/p>\n","protected":false},"author":1,"featured_media":0,"comment_status":"open","ping_status":"closed","sticky":false,"template":"","format":"standard","meta":{"ngg_post_thumbnail":0,"footnotes":""},"categories":[823],"tags":[1264,1263,1261,1262],"class_list":["post-9306","post","type-post","status-publish","format-standard","hentry","category-retete-usurele-pentru-subtirele","tag-tarta-cu-fructe-fara-zahar","tag-tarta-cu-pere-dietetica-fara-zahar","tag-tarta-dietetica-cu-mere-si-pere","tag-tarta-fara-zahar-si-mere"],"_links":{"self":[{"href":"https:\/\/www.dumitra.net\/blog\/index.php?rest_route=\/wp\/v2\/posts\/9306","targetHints":{"allow":["GET"]}}],"collection":[{"href":"https:\/\/www.dumitra.net\/blog\/index.php?rest_route=\/wp\/v2\/posts"}],"about":[{"href":"https:\/\/www.dumitra.net\/blog\/index.php?rest_route=\/wp\/v2\/types\/post"}],"author":[{"embeddable":true,"href":"https:\/\/www.dumitra.net\/blog\/index.php?rest_route=\/wp\/v2\/users\/1"}],"replies":[{"embeddable":true,"href":"https:\/\/www.dumitra.net\/blog\/index.php?rest_route=%2Fwp%2Fv2%2Fcomments&post=9306"}],"version-history":[{"count":4,"href":"https:\/\/www.dumitra.net\/blog\/index.php?rest_route=\/wp\/v2\/posts\/9306\/revisions"}],"predecessor-version":[{"id":9314,"href":"https:\/\/www.dumitra.net\/blog\/index.php?rest_route=\/wp\/v2\/posts\/9306\/revisions\/9314"}],"wp:attachment":[{"href":"https:\/\/www.dumitra.net\/blog\/index.php?rest_route=%2Fwp%2Fv2%2Fmedia&parent=9306"}],"wp:term":[{"taxonomy":"category","embeddable":true,"href":"https:\/\/www.dumitra.net\/blog\/index.php?rest_route=%2Fwp%2Fv2%2Fcategories&post=9306"},{"taxonomy":"post_tag","embeddable":true,"href":"https:\/\/www.dumitra.net\/blog\/index.php?rest_route=%2Fwp%2Fv2%2Ftags&post=9306"}],"curies":[{"name":"wp","href":"https:\/\/api.w.org\/{rel}","templated":true}]}}