{"id":8681,"date":"2016-07-01T05:18:15","date_gmt":"2016-07-01T05:18:15","guid":{"rendered":"http:\/\/www.dumitra.net\/blog\/?p=8681"},"modified":"2016-07-03T05:25:33","modified_gmt":"2016-07-03T05:25:33","slug":"bors-de-peste-hamsii-si-alte-mezelicuri-de-la-mare-ii","status":"publish","type":"post","link":"https:\/\/www.dumitra.net\/blog\/?p=8681","title":{"rendered":"Bor\u0219 de pe\u0219te, hamsii \u0219i alte mezelicuri de la mare (II)"},"content":{"rendered":"<p><a href=\"https:\/\/www.dumitra.net\/blog\/wp-content\/fileStore\/2016\/07\/Plaja1.jpg\" target=\"_blank\"><img loading=\"lazy\" decoding=\"async\" class=\"wp-image-8691 size-medium alignleft\" src=\"https:\/\/www.dumitra.net\/blog\/wp-content\/fileStore\/2016\/07\/Plaja1-300x199.jpg\" alt=\"Plaja1\" width=\"300\" height=\"199\" srcset=\"https:\/\/www.dumitra.net\/blog\/wp-content\/fileStore\/2016\/07\/Plaja1-300x199.jpg 300w, https:\/\/www.dumitra.net\/blog\/wp-content\/fileStore\/2016\/07\/Plaja1-600x399.jpg 600w, https:\/\/www.dumitra.net\/blog\/wp-content\/fileStore\/2016\/07\/Plaja1-624x415.jpg 624w, https:\/\/www.dumitra.net\/blog\/wp-content\/fileStore\/2016\/07\/Plaja1.jpg 800w\" sizes=\"auto, (max-width: 300px) 100vw, 300px\" \/><\/a>\u00cemi men\u021bin un suflu constant. Alerg \u0219i observ \u00een detaliu construc\u021biile abandonate nisipului \u0219i buruienilor, dar \u0219i gardurile verzi sau albastre, anoste \u0219i anapoda, care m\u0103rginesc c\u00e2te o proprietate sau hotel. Aici, esteticul e \u00een fundul gol \u0219i abuzat la fiecare 50 de metri. Turistul, care debarc\u0103 \u00een locurile acestea dup\u0103 un an de munc\u0103 ne\u00eentrerupt\u0103, e musai s\u0103 devin\u0103, pre\u021b de un sejur, u\u0219or autist.<\/p>\n<p>Incontinen\u021ba g\u00e2ndurilor \u00a0legate de arhitectura zonei (sau lipsa acesteia) \u00eemi e \u00eentrerupt\u0103 de <a href=\"https:\/\/www.dumitra.net\/blog\/wp-content\/fileStore\/2016\/07\/Plaja2.jpg\" target=\"_blank\"><img loading=\"lazy\" decoding=\"async\" class=\"alignright wp-image-8692 size-medium\" src=\"https:\/\/www.dumitra.net\/blog\/wp-content\/fileStore\/2016\/07\/Plaja2-300x199.jpg\" alt=\"Plaja2\" width=\"300\" height=\"199\" srcset=\"https:\/\/www.dumitra.net\/blog\/wp-content\/fileStore\/2016\/07\/Plaja2-300x199.jpg 300w, https:\/\/www.dumitra.net\/blog\/wp-content\/fileStore\/2016\/07\/Plaja2-600x399.jpg 600w, https:\/\/www.dumitra.net\/blog\/wp-content\/fileStore\/2016\/07\/Plaja2-624x415.jpg 624w, https:\/\/www.dumitra.net\/blog\/wp-content\/fileStore\/2016\/07\/Plaja2.jpg 800w\" sizes=\"auto, (max-width: 300px) 100vw, 300px\" \/><\/a>fo\u0219netul nisipos al unor pa\u0219i \u0219i de o respira\u021bie neregulat\u0103. Z\u0103resc, cu coada ochiului, o doamn\u0103, o temerar\u0103, a\u0219 putea zice. Aleag\u0103 ceva mai repede, m\u0103 dep\u0103\u0219e\u0219te, dar are s\u0103 se opreasc\u0103 60-70 de metri mai \u00een fa\u021b\u0103. O alerg\u0103toare de ocazie. Bine \u0219i a\u0219a!<\/p>\n<p>Continuu, a\u0219a cum am \u00eenv\u0103\u021bat de c\u00e2\u021biva ani buni \u00eencoace, ignor\u00e2nd primele semne pe care mi le trimit genunchii. Ajung la prima cazemat\u0103. Un minibuldozer garat al\u0103turi \u00eei rotunje\u0219te aerul r\u0103zboinic. Apare\u021bele sunt salvate de c\u00e2teva sticle de bere odihnind pe treptele \u00a0unei cutii de beton construit\u0103 ulterior ca o extensie a vestigiului. O istorie devenit\u0103 util\u0103.<\/p>\n<p>Urmeaz\u0103 o bucat\u0103 de plaj\u0103 lat\u0103<img loading=\"lazy\" decoding=\"async\" class=\"alignleft wp-image-8694 size-medium\" src=\"https:\/\/www.dumitra.net\/blog\/wp-content\/fileStore\/2016\/07\/Plaja4-300x199.jpg\" alt=\"Plaja4\" width=\"300\" height=\"199\" srcset=\"https:\/\/www.dumitra.net\/blog\/wp-content\/fileStore\/2016\/07\/Plaja4-300x199.jpg 300w, https:\/\/www.dumitra.net\/blog\/wp-content\/fileStore\/2016\/07\/Plaja4-600x399.jpg 600w, https:\/\/www.dumitra.net\/blog\/wp-content\/fileStore\/2016\/07\/Plaja4-624x415.jpg 624w, https:\/\/www.dumitra.net\/blog\/wp-content\/fileStore\/2016\/07\/Plaja4.jpg 800w\" sizes=\"auto, (max-width: 300px) 100vw, 300px\" \/>, poate cea mai<a href=\"https:\/\/www.dumitra.net\/blog\/wp-content\/fileStore\/2016\/07\/Plaja6.jpg\"><img loading=\"lazy\" decoding=\"async\" class=\"alignright size-medium wp-image-8696\" src=\"https:\/\/www.dumitra.net\/blog\/wp-content\/fileStore\/2016\/07\/Plaja6-300x199.jpg\" alt=\"Plaja6\" width=\"300\" height=\"199\" srcset=\"https:\/\/www.dumitra.net\/blog\/wp-content\/fileStore\/2016\/07\/Plaja6-300x199.jpg 300w, https:\/\/www.dumitra.net\/blog\/wp-content\/fileStore\/2016\/07\/Plaja6-600x399.jpg 600w, https:\/\/www.dumitra.net\/blog\/wp-content\/fileStore\/2016\/07\/Plaja6-624x415.jpg 624w, https:\/\/www.dumitra.net\/blog\/wp-content\/fileStore\/2016\/07\/Plaja6.jpg 800w\" sizes=\"auto, (max-width: 300px) 100vw, 300px\" \/><\/a> lat\u0103 din zona Eforiei Nord. \u00a0Aici, inexplicabil pentru mine, nu sunt turi\u0219ti. 3 cl\u0103diri, deosebite doar de culoarea \u0219tears\u0103 a vopselei, privesc marea de ni\u0219te zeci de ani. Au un singur etaj, sunt placate cu piatr\u0103 de mare, iar tencuiala e c\u0103zut\u0103 pe alocuri. Din masin\u0103, sunt u\u0219or de obsevat datorit\u0103 celor 3 rampe de acces.<\/p>\n<p>Brusc, malul se \u00eengusteaz\u0103 \u00een drepul celei de-a doua cazemate. Trec cu greutate peste algele adunate la mal. Picioarele mi se afund\u0103 u\u0219or. Patinez. Locul e un vechi reper. Ce c\u0103l\u0103tor cu CFR-ul nu s-a bucurat de saluturi despuiate de normele costumului de baie?\u2026.; poate singurul moment \u00een care \u021bi se p\u0103rea c\u0103 trenul merge prea repede.<\/p>\n<p>Am o tres\u0103rire de pudoare\u2026 Dou\u0103 prosoape cu\u00a0 Pinocchio odihnesc contorsionate pe sezlong. Deduc personajul dup\u0103 forma nasului. F\u0103r\u0103 s\u0103 vreau, caut proprietarii. \u201cSunt \u00eencep\u0103tori\u201d, \u00eemi zic. C\u00e2teva trupuri , ale c\u0103ror p\u0103r\u021bi esen\u021biale sunt acoperite de m\u00e2ini sau alte straturi de c\u0103rnuri, \u0219ed la\u2026umbra gardului delimitator de priviri indiscrete \u0219i se roag\u0103, probabil, s\u0103 ias\u0103 soarele\u2026. \u00cendr\u0103zne\u021bii, cool, veteranii \u2013 e evident \u00a0dup\u0103 deschiderea manifestata \u2013 stau \u00een centrul zonei \u0219i au o atitudine dezinvolt\u0103. Am \u00een fa\u021b\u0103 un b\u0103rbat (ce noroc cu ochelarii de soare! La o adic\u0103, se poate deduce c\u0103 pot privi aiurea). St\u0103 \u00een picioare \u0219i, oarecum, pe traiectoria mea de alergare. \u00cemi adun mai greu g\u00e2ndurile. Privesc \u00een jos\u2026.\u0218i el, la fel. De la Henry Miller \u00eencoace, sexul se afi\u0219eaz\u0103 p<img loading=\"lazy\" decoding=\"async\" class=\"alignright wp-image-8693 size-medium\" src=\"https:\/\/www.dumitra.net\/blog\/wp-content\/fileStore\/2016\/07\/Plaja3-300x199.jpg\" alt=\"Plaja3\" width=\"300\" height=\"199\" srcset=\"https:\/\/www.dumitra.net\/blog\/wp-content\/fileStore\/2016\/07\/Plaja3-300x199.jpg 300w, https:\/\/www.dumitra.net\/blog\/wp-content\/fileStore\/2016\/07\/Plaja3-600x399.jpg 600w, https:\/\/www.dumitra.net\/blog\/wp-content\/fileStore\/2016\/07\/Plaja3-624x415.jpg 624w, https:\/\/www.dumitra.net\/blog\/wp-content\/fileStore\/2016\/07\/Plaja3.jpg 800w\" sizes=\"auto, (max-width: 300px) 100vw, 300px\" \/>lenar. Inclusiv gastronomia, \u00een literatur\u0103, e o chestiune de sex (am citat-o pe Maria Pilchin*). Scap, aparent, de fiorul de pudoare, dar, c\u00e2nd \u00eemi ridic privirile, dau cu ochii de dou\u0103 doamne. Partea cea mai sudic\u0103 a uneia dintre ele fream\u0103t\u0103 s\u0103 ias\u0103 ca un vapor din rada portului.<\/p>\n<p>U\u0219urat\u0103, \u00eentruc\u00e2tva, ies din perimetrul proverbial al Eforiei Nord \u0219i m\u0103 \u00eendrept c\u0103tre zona cosmopolit\u0103 a sta\u021biunii. Umbrelele noi, strident colorate, \u0219i sticlele de bere sunt singurele repere ale zilele noastre. Cel mai mare hotel din zona \u0219i-a reg\u0103sit, precum proprietarul, libertatea literei pierdute de pe firmamentul luminos, \u00een anul \u00een care m-am cazat acolo ca s\u0103-mi tratez durerile de spate. Acum, numele hotelului e <em>integru<\/em>.<\/p>\n<p>Aici, malul este \u00eenclinat la 45 de grade. \u00cenaintez greu, din ce \u00een ce mai geu. Genunchii m\u0103 dor. \u00cemi propun s\u0103 alerg p\u00e2n\u0103 la golful unde Copos \u00ee\u0219i are ambarca\u021biunile. Buza plajei devin<img loading=\"lazy\" decoding=\"async\" class=\"alignright size-medium wp-image-8695\" src=\"https:\/\/www.dumitra.net\/blog\/wp-content\/fileStore\/2016\/07\/Plaja7-300x153.jpg\" alt=\"Plaja7\" width=\"300\" height=\"153\" srcset=\"https:\/\/www.dumitra.net\/blog\/wp-content\/fileStore\/2016\/07\/Plaja7-300x153.jpg 300w, https:\/\/www.dumitra.net\/blog\/wp-content\/fileStore\/2016\/07\/Plaja7-600x306.jpg 600w, https:\/\/www.dumitra.net\/blog\/wp-content\/fileStore\/2016\/07\/Plaja7-624x319.jpg 624w, https:\/\/www.dumitra.net\/blog\/wp-content\/fileStore\/2016\/07\/Plaja7.jpg 800w\" sizes=\"auto, (max-width: 300px) 100vw, 300px\" \/>e dens\u0103 precum galeria Stelei la meciul cu Rapid. &#8220;Cet\u0103\u021beni, sta\u021bi la locurili voastri!&#8221; Turi\u0219tiii stau prosop l\u00e2ng\u0103 prosop,\u00a0<em>shoulder<\/em> l\u00e2ng\u0103 <em>shoulder<\/em>. Intimit\u0103\u021bile nu-\u0219i au rostul, de\u0219i ultimile r\u00e2nduri de \u0219ezlonguri zac neocupate. Ar fi prea mare efortul p\u00e2n\u0103 la mal\u2026 Fac slalom printre copii \u0219i adul\u021bi. Dup\u0103 cele c\u00e2teva buc\u0103\u021bi de plaj\u0103 aproape pustii, n-am putut anticipa a\u0219a o compactare brusc\u0103 de popula\u021bie.<\/p>\n<p>P\u0103r\u0103sesc malul abrupt \u0219i aglomerat, salut golful lui Copos \u0219i continuu alergarea pe nisipul \u00eenc\u0103 umed, pe zoa de mijloc a plajei. Ieri sear\u0103, a plouat. Z\u0103duful s-a mai ostoit. <a title=\"Cazare doamna Sarbu\" href=\"http:\/\/www.turistinfo.ro\/eforie_sud\/cazare-eforie_sud\/vila_mirela-c68996.html\" target=\"_blank\">Amabila noastr\u0103 <img loading=\"lazy\" decoding=\"async\" class=\"alignright wp-image-8698 size-medium\" src=\"https:\/\/www.dumitra.net\/blog\/wp-content\/fileStore\/2016\/07\/Curte-vila-Sarbu-300x199.jpg\" alt=\"Curte vila Sarbu\" width=\"300\" height=\"199\" srcset=\"https:\/\/www.dumitra.net\/blog\/wp-content\/fileStore\/2016\/07\/Curte-vila-Sarbu-300x199.jpg 300w, https:\/\/www.dumitra.net\/blog\/wp-content\/fileStore\/2016\/07\/Curte-vila-Sarbu-600x399.jpg 600w, https:\/\/www.dumitra.net\/blog\/wp-content\/fileStore\/2016\/07\/Curte-vila-Sarbu-624x415.jpg 624w, https:\/\/www.dumitra.net\/blog\/wp-content\/fileStore\/2016\/07\/Curte-vila-Sarbu.jpg 800w\" sizes=\"auto, (max-width: 300px) 100vw, 300px\" \/>gazd\u0103, doamna S\u00e2rbu<\/a> (la care revenim cu bucurie pentru al doilea an consecutiv), \u00eemi \u00eemp\u0103rt\u0103\u0219ea neobi\u0219nuitul fenomen: toate casele au fost cuprinse brusc de condens. C\u00e2teva zile, podelele \u00a0s-au umezit considerabil.<\/p>\n<p>Muzicile barurilor de pe plaj\u0103 se amestec\u0103. E un ghiveci din care nu lipsesc \u201cRebecca premium\u201d si \u00a0\u201cIngrid \u00a0royal services\u201d. Ambele zone sunt goale. Regele turist a fugit! Tr\u0103iasc\u0103!<\/p>\n<p><a title=\"Bor\u0219 de pe\u0219te, hamsii \u0219i alte mezelicuri de la mare\" href=\"https:\/\/www.dumitra.net\/blog\/?p=8646\" target=\"_blank\">Prima parte a articolului e aici:\u00a0Bor\u0219 de pe\u0219te, hamsii \u0219i alte mezelicuri de la mare (I)<\/a><\/p>\n<p><em>P.S. 1 Plaja din Eforie Nord e mai curat\u0103 (sunt mai multe co\u0219uri \u0219i parc\u0103 mai mult\u0103 mobilizare uman\u0103), mai lat\u0103, nisipul e mai fin dec\u00e2t \u00een Eforie Sud.<\/em><\/p>\n<p><em>P.S. 2 Compliment primit la p\u0103r\u0103sirea \u0219ezlongurilor (sau de c\u00e2nd bunul sim\u021b a devenit un lux?):<\/em><\/p>\n<p><em>-Ave\u021bi gunoi? ne \u00eentreab\u0103 pu\u0219tiul responsabil cu str\u00e2ngerea saltelelor de pe \u0219ezlonguri.<\/em><\/p>\n<p><em>&#8211; Nu, l-am dus la co\u0219! r\u0103spundem \u021boti patru \u00een cor.<\/em><\/p>\n<p><em>&#8211; A! Sunte\u021bi singurii&#8230;..<\/em><\/p>\n<p><em>* Maria Pilchin este o t\u00e2n\u0103r\u0103 scriitoare din Republica Moldova, distins\u0103 cu premiul &#8220;Mircea Ciobanu&#8221;\u00a0pentru volumul &#8220;Poeme pentru Ivan Gogh&#8221; (Editura Paralela 45).<\/em><\/p>\n","protected":false},"excerpt":{"rendered":"<p>\u00cemi men\u021bin un suflu constant. Alerg \u0219i observ \u00een detaliu construc\u021biile abandonate nisipului \u0219i buruienilor, dar \u0219i gardurile verzi sau albastre, anoste \u0219i anapoda, care m\u0103rginesc c\u00e2te o proprietate sau hotel. Aici, esteticul e&#46;&#46;&#46;<\/p>\n","protected":false},"author":1,"featured_media":0,"comment_status":"open","ping_status":"closed","sticky":false,"template":"","format":"standard","meta":{"ngg_post_thumbnail":0,"footnotes":""},"categories":[4,9,1],"tags":[1065,1063,1064,1067,1066,1062],"class_list":["post-8681","post","type-post","status-publish","format-standard","hentry","category-personal","category-sanatate","category-sport","tag-ce-s-a-mai-schimbat-pe-lioral","tag-cum-e-plaja-in-eforie","tag-curatenie-pe-litoral","tag-review-plaja-mare","tag-unde-e-plaja-curata-la-mare","tag-unde-mananci-peste-la-mare"],"_links":{"self":[{"href":"https:\/\/www.dumitra.net\/blog\/index.php?rest_route=\/wp\/v2\/posts\/8681","targetHints":{"allow":["GET"]}}],"collection":[{"href":"https:\/\/www.dumitra.net\/blog\/index.php?rest_route=\/wp\/v2\/posts"}],"about":[{"href":"https:\/\/www.dumitra.net\/blog\/index.php?rest_route=\/wp\/v2\/types\/post"}],"author":[{"embeddable":true,"href":"https:\/\/www.dumitra.net\/blog\/index.php?rest_route=\/wp\/v2\/users\/1"}],"replies":[{"embeddable":true,"href":"https:\/\/www.dumitra.net\/blog\/index.php?rest_route=%2Fwp%2Fv2%2Fcomments&post=8681"}],"version-history":[{"count":11,"href":"https:\/\/www.dumitra.net\/blog\/index.php?rest_route=\/wp\/v2\/posts\/8681\/revisions"}],"predecessor-version":[{"id":8734,"href":"https:\/\/www.dumitra.net\/blog\/index.php?rest_route=\/wp\/v2\/posts\/8681\/revisions\/8734"}],"wp:attachment":[{"href":"https:\/\/www.dumitra.net\/blog\/index.php?rest_route=%2Fwp%2Fv2%2Fmedia&parent=8681"}],"wp:term":[{"taxonomy":"category","embeddable":true,"href":"https:\/\/www.dumitra.net\/blog\/index.php?rest_route=%2Fwp%2Fv2%2Fcategories&post=8681"},{"taxonomy":"post_tag","embeddable":true,"href":"https:\/\/www.dumitra.net\/blog\/index.php?rest_route=%2Fwp%2Fv2%2Ftags&post=8681"}],"curies":[{"name":"wp","href":"https:\/\/api.w.org\/{rel}","templated":true}]}}