{"id":8560,"date":"2016-06-26T07:05:31","date_gmt":"2016-06-26T07:05:31","guid":{"rendered":"http:\/\/www.dumitra.net\/blog\/?p=8560"},"modified":"2016-06-26T08:01:54","modified_gmt":"2016-06-26T08:01:54","slug":"reportaj-cu-fese-si-terase-de-la-mare","status":"publish","type":"post","link":"https:\/\/www.dumitra.net\/blog\/?p=8560","title":{"rendered":"Reportaj cu fese deschise \u0219i terase \u00eenchise, la mare"},"content":{"rendered":"<p><a href=\"https:\/\/www.dumitra.net\/blog\/wp-content\/fileStore\/2016\/06\/3.jpg\" target=\"_blank\"><img loading=\"lazy\" decoding=\"async\" class=\"alignright wp-image-8563 size-medium\" src=\"https:\/\/www.dumitra.net\/blog\/wp-content\/fileStore\/2016\/06\/3-200x300.jpg\" alt=\"3\" width=\"200\" height=\"300\" srcset=\"https:\/\/www.dumitra.net\/blog\/wp-content\/fileStore\/2016\/06\/3-200x300.jpg 200w, https:\/\/www.dumitra.net\/blog\/wp-content\/fileStore\/2016\/06\/3-682x1024.jpg 682w, https:\/\/www.dumitra.net\/blog\/wp-content\/fileStore\/2016\/06\/3-600x900.jpg 600w, https:\/\/www.dumitra.net\/blog\/wp-content\/fileStore\/2016\/06\/3-624x936.jpg 624w\" sizes=\"auto, (max-width: 200px) 100vw, 200px\" \/><\/a>E diminea\u021b\u0103 \u0219i \u00eenc\u0103 iunie.\u00a0 Dup\u0103 o absen\u021b\u0103 de un an, reiau contactul cu nisipul \u0219i berea. Berea din m\u00e2inile altora &#8211; femei \u0219i b\u0103rba\u021bi. \u00cemi a\u0219ez, cu privirele c\u0103ut\u00e2nd repere \u00eemprejur, prosopul\u00a0 pe nispul abundent \u00een scoici. Am un deja vu \u2013 ca de altfel \u00een fiecare an \u00een care revin pe litoralul rom\u00e2nesc.<\/p>\n<p>Al\u0103turi de berea brun\u0103, un domn-vecin de prospop, cu un abdomen perfect \u00a0profilat \u00eentr-o singur\u0103 p\u0103tr\u0103\u021bic\u0103, dezv\u0103luie privirilor mele \u00eenc\u0103 nefamiliarizate cu&#8230; peisajul, un interior de fese \u00een ton cu berea. Sc\u0103pase ceva pe jos. Nu! Nu sunt pe plaj\u0103 la nudi\u0219ti. Doar \u00ee\u0219i v\u00e2r\u00e2se slipul \u00een fund pentru uniformizarea bronzului&#8230;.<\/p>\n<p>M\u0103 dezbrac, timid, \u00een timp ce simt ni\u0219te priviri ascu\u021bite asupra mea. Caut instinctiv bretelele sutienului. Nu c\u0103zuser\u0103, erau la locul lor. Nu cadrez cu peisajul. N-am nimic proeminent&#8230;. Nici m\u0103car s\u00e2ni&#8230;.<\/p>\n<p>M\u0103 trag mai l\u00e2ng\u0103 stabilopozi, c\u0103ut\u00e2nd o ascunz\u0103toare pentru niscaiva exerci\u021bii. Deh<img loading=\"lazy\" decoding=\"async\" class=\"alignright wp-image-8565 size-medium\" src=\"https:\/\/www.dumitra.net\/blog\/wp-content\/fileStore\/2016\/06\/5-216x300.jpg\" alt=\"5\" width=\"216\" height=\"300\" srcset=\"https:\/\/www.dumitra.net\/blog\/wp-content\/fileStore\/2016\/06\/5-216x300.jpg 216w, https:\/\/www.dumitra.net\/blog\/wp-content\/fileStore\/2016\/06\/5-739x1024.jpg 739w, https:\/\/www.dumitra.net\/blog\/wp-content\/fileStore\/2016\/06\/5-600x831.jpg 600w, https:\/\/www.dumitra.net\/blog\/wp-content\/fileStore\/2016\/06\/5-624x864.jpg 624w, https:\/\/www.dumitra.net\/blog\/wp-content\/fileStore\/2016\/06\/5.jpg 800w\" sizes=\"auto, (max-width: 216px) 100vw, 216px\" \/>! Unii cu berea, al\u021bii cu fitness-ul. A\u0219a e! Unii se obi\u0219nuiesc de mici cu greul. Cu greul de mici si bere!<\/p>\n<p>Un grup vesel, venit pentru o poz\u0103 de grup la ipod, m\u0103 deconspir\u0103, de\u0219i v\u00e2ntul nu bate \u00eenspre mine: &#8220;face exerci\u021bii!&#8221;. M\u0103 opresc ca s\u0103 nu creez doamnelor vreun disconfort vizual sau b\u0103rba\u021bilor vreo remu\u0219care&#8230;. c\u0103 greut\u0103\u021bile din m\u00e2inile lor sunt de 330 \u2013 la doz\u0103, ale mele \u2013 ceva mai mari \u0219i total neergomice.<\/p>\n<p>Fac c\u00e2teva exerci\u021bii, iar briza m\u0103rii, cu ceva miasme de urin\u0103 \u2013 v-am spus c\u0103 am c\u0103utat un loc mai retras!, m\u0103 ajut\u0103 s\u0103 m\u0103 decid a pleca \u00een alergare pe esplanada bordat\u0103 de terase. Fiind prima zi, \u00eenc\u0103 n-am curajul s\u0103 alerg pe nisip.<\/p>\n<p>Peisajul\u00a0 se aga\u021b\u0103 de privirele mele \u0219i, cum n-am \u00eencotro, \u00eel respir \u00a0\u00een toat\u0103 splend<img loading=\"lazy\" decoding=\"async\" class=\"alignright wp-image-8562 size-medium\" src=\"https:\/\/www.dumitra.net\/blog\/wp-content\/fileStore\/2016\/06\/1-266x300.jpg\" alt=\"1\" width=\"266\" height=\"300\" srcset=\"https:\/\/www.dumitra.net\/blog\/wp-content\/fileStore\/2016\/06\/1-266x300.jpg 266w, https:\/\/www.dumitra.net\/blog\/wp-content\/fileStore\/2016\/06\/1-907x1024.jpg 907w, https:\/\/www.dumitra.net\/blog\/wp-content\/fileStore\/2016\/06\/1-600x676.jpg 600w, https:\/\/www.dumitra.net\/blog\/wp-content\/fileStore\/2016\/06\/1-624x703.jpg 624w, https:\/\/www.dumitra.net\/blog\/wp-content\/fileStore\/2016\/06\/1.jpg 1573w\" sizes=\"auto, (max-width: 266px) 100vw, 266px\" \/>oarea lui: privesc \u00een dreapta, spre terase, \u0219i sunt \u00een anii 90; \u00eentorc privirele spre st\u00e2nga, la oamenii st\u00e2nd rege\u0219te sau rev\u0103rsa\u021bi ca Buddha, \u0219i sunt \u00een 2016. Imi reglez ritmul respira\u021biei \u0219i decid s\u0103 joc cartea regizorului amator, \u00eentercal\u00e2nd planurile \u0219i juc\u00e2ndu-m\u0103 cu deja-vu-urile.<\/p>\n<p>Prima teras\u0103, cu vreo doi mu\u0219terii st\u00e2nd la o&#8230;. bere, \u00a0are o muzic\u0103 balcanic\u0103 (nu manele) \u0219i un aer \u00eencurajator. Primele broaboane de transpira\u021bie m\u0103 inund\u0103. \u00cemi spun c\u0103 n-am f\u0103cut bine c\u0103 m-am uns cu ulei de plaj\u0103. Pielea nu respir\u0103. Simt c\u0103 deja ard. Ni\u0219te obiecte neidentificabile, \u0219i totu\u0219i nu total carbonizate, \u00a0\u00eemi arat\u0103 c\u0103, aici, s- a s\u0103rb\u0103torit venirea sau poate plecarea turi\u0219tilor \u2013 nu mi-e clar.<\/p>\n<p>O somier\u0103 de o persoan\u0103, \u00a0greu muncit\u0103 (de aceea \u0219i rupt\u0103) m\u0103 \u00eent\u00e2mpin\u0103 la urm\u0103toarea teras\u0103. Din nou, sunt contrariat\u0103. De ce a\u0219a jumulit\u0103 \u0219i soioas\u0103 c\u00e2nd, pe litorlul rom\u00e2nesc, sezonul este de doar 2 luni \u0219i jum\u0103tate? Las imaginea somierei, decupat\u0103 parc\u0103 dintr-un film rom\u00e2nesc\u00a0 premiat la Cannes, \u0219i m\u0103 mut, <em>avec un certain regard<\/em>, \u00a0mai spre plaj\u0103. Mai concret, spre oamenii zilelor noastre \u0219i brand-urile lor de bere. Pe cateva, le pot identifica. Pe cele mai multe, fiind la pahar, demersul devine dificil, chiar \u0219i cu ochelari de soare. Sunt prea multe sau alerg eu prea tare?<\/p>\n<p>Nu-mi r\u0103spund pentru c\u0103 urm\u0103toarea terasa, pictat\u0103 \u00een alb \u0219i cu scaune decente, din lemn maroniu \u00eenchis, renovat\u0103 \u00een propor\u021bie de 90%, \u00eemi smulge un wow \u00een surdin\u0103 \u0219i abia suflat printre din\u021bi. C\u0103ldura de 10.30 nu e pe<img loading=\"lazy\" decoding=\"async\" class=\"alignright wp-image-8564 size-medium\" src=\"https:\/\/www.dumitra.net\/blog\/wp-content\/fileStore\/2016\/06\/4-217x300.jpg\" alt=\"4\" width=\"217\" height=\"300\" srcset=\"https:\/\/www.dumitra.net\/blog\/wp-content\/fileStore\/2016\/06\/4-217x300.jpg 217w, https:\/\/www.dumitra.net\/blog\/wp-content\/fileStore\/2016\/06\/4-743x1024.jpg 743w, https:\/\/www.dumitra.net\/blog\/wp-content\/fileStore\/2016\/06\/4-600x826.jpg 600w, https:\/\/www.dumitra.net\/blog\/wp-content\/fileStore\/2016\/06\/4-624x859.jpg 624w, https:\/\/www.dumitra.net\/blog\/wp-content\/fileStore\/2016\/06\/4.jpg 800w\" sizes=\"auto, (max-width: 217px) 100vw, 217px\" \/>ntru alergare, ci pentru stat la teras\u0103. Dar care?<\/p>\n<p>Ochelarii, mari \u0219i rotunzi a la Vadim, de pe nasul unei doamne respectabile, m\u0103 \u00eent\u00e2mpin\u0103 la terasa urm\u0103toare. Cred c\u0103, o secund\u0103, ne-am privit \u00een ochelari, c\u0103ci sunt sigur\u0103 c-am auzit un WOWWWW.<\/p>\n<p>Ea cu berea, eu cu alergatul. Ea a dus mana la pahar, eu mi-am \u0219ters transpira\u021bia din ce \u00een ce mai abundent\u0103 de pe abdomen.<\/p>\n<p>Intorc privirea spre plaj\u0103, dorindu-mi s\u0103 num\u0103r co\u0219urile de gunoi. C\u00e2t concret \u0219i c\u00e2t\u0103 banalitate! Asta mi-e noua meserie: s\u0103 num\u0103r. Uneori, seara, c\u00e2nd oboseala \u00eemi strange musculatura ca \u00eentr-o menghin\u0103 de nu pot adormi, m\u0103 surprind c\u0103 \u00eencep s\u0103 num\u0103r. Pur \u0219i simplu.<\/p>\n<p>De data asta, acuitatea vizual\u0103 nu m\u0103 las\u0103 s\u0103 ghicesc mai mult de 10 co\u0219uri de gunoi pe o raz\u0103 de c\u00e2teva sute de metri. Nu-i nimic, alergarea mea continu\u0103. Am tot timpul s\u0103 descop\u0103r \u0219i alte co\u0219uri sau&#8230;alte gunoaie aruncate pe plaj\u0103.<\/p>\n<p>Cu urm\u0103toarea teras\u0103 bifat\u0103, r\u0103m\u00e2n tot \u00een registrul gunoiului. Cu un adaos comercial de &#8230;rugin\u0103. Mult\u0103 rugin\u0103. Aparate de buc\u0103t\u0103rie, plite de aragaz, frigidere, tevi \u00a0scoase pe teras\u0103 m\u0103 fac s\u0103 \u00eei comp\u0103timesc pe poten\u021bialii viitorii clien\u021bi. Ce vor zice, dac\u0103 vor fi \u0219tiind? \u00cencerc s\u0103 g\u0103sesc, \u00een acest decor r\u0103v\u0103\u0219it \u0219i dezolant, imagini familiare. Nu m\u0103 ajut\u0103 nimic, nici m\u0103car praful depus \u00eentr-un strat gros peste rugina\u00a0 omniprezent\u0103.<\/p>\n<p>Aici \u00eemi piere orice urm\u0103 de urmor. Locul pare interminabil&#8230;..<\/p>\n<p>La &#8220;Terasa cu flori&#8221; sunt doar &#8230;.flori \u0219i chipsuri&#8230;., multe chipsuri.\u00a0 Din boxe se aude &#8220;ooooo, eroina mea, eroina mea&#8230;. ooooo&#8221;. Privesc \u00een urm\u0103. Sunt doar eu. Privesc \u0219i alerg.<\/p>\n<p>Ceva mai departe, la umbra unui zid care m\u0103rgine\u0219te sc\u0103rile de urcare spre esplanad\u0103, un cuplu se sprijin\u0103 cu o m\u00e2n\u0103 de perete, cu ce<img loading=\"lazy\" decoding=\"async\" class=\"alignleft wp-image-8566 size-medium\" src=\"https:\/\/www.dumitra.net\/blog\/wp-content\/fileStore\/2016\/06\/9-226x300.jpg\" alt=\"9\" width=\"226\" height=\"300\" srcset=\"https:\/\/www.dumitra.net\/blog\/wp-content\/fileStore\/2016\/06\/9-226x300.jpg 226w, https:\/\/www.dumitra.net\/blog\/wp-content\/fileStore\/2016\/06\/9-772x1024.jpg 772w, https:\/\/www.dumitra.net\/blog\/wp-content\/fileStore\/2016\/06\/9-600x795.jpg 600w, https:\/\/www.dumitra.net\/blog\/wp-content\/fileStore\/2016\/06\/9-624x826.jpg 624w, https:\/\/www.dumitra.net\/blog\/wp-content\/fileStore\/2016\/06\/9.jpg 800w\" sizes=\"auto, (max-width: 226px) 100vw, 226px\" \/>alalt\u0103, de&#8230;. v\u0103 las pe voi s\u0103 ghici\u021bi.<\/p>\n<p>Locul cu echipamentele de scufundare e eminamente b\u0103rb\u0103tesc. Deduc asta cu coada ochiului \u0219i cu un sim\u021b mult prea exersat. Am, totusi, o varsta!<\/p>\n<p>\u00cenchei \u0219irul teraselor \u0219i simt ca am suficient\u0103 adrenalin\u0103 \u00eenc\u00e2t s\u0103 m\u0103 \u00eencumet s\u0103 \u00a0fac trecerea spre alergarea pe nisip. De la Capul turcului \u0219i p\u00e2n\u0103 la golful pescarilor nu mai e mult. Plaja e pu\u021bin populat\u0103. \u00cen plus, \u00eemi este familiar\u0103 din anii trecu\u021bi. \u00cenclusiv malul de alge \u0219i gunoi \u2013 pet-uri, \u00een special. Dac\u0103 a\u0219 fi mai romantic\u0103, a\u0219 putea zice c\u0103 locul e boem \u0219i <em>sauvage<\/em>. Dar prea mi se afund\u0103 picioarele \u00een stratul moale de alge, pahare de plastic \u0219i papuci r\u0103t\u0103ci\u021bi. N-am v\u0103zut nici un pantof de sport, semn c\u0103, pe aici, oamenii alearg\u0103 descul\u021bi.<\/p>\n<p>Malul e mult prea \u00eenclinat (e mai u\u0219or s\u0103 alergi pe mal, nisipul e mai tare), picioarele mi se afund\u0103 mai abitir, genunchii \u00eemi spun c\u0103 trebuie s\u0103 comut alergarea pe nisipul uscat, plat. Oarecum plat!<\/p>\n<p>Simt c\u0103 ro\u021bile mi se \u00eenv\u00e2rt \u00een gol, iar gunoaiele devin mai numeroase.\u00a0 Pare c\u0103 am at\u00e2t de mult timp&#8230;.. Studiez vechimea pet-urilor si fac cale-ntoars\u0103. N-am z\u0103rit b\u0103rcile pescarilor. Poate \u0219i de aceea, \u00een restaurantele de la mare, g\u0103se\u0219ti mult somon \u0219i mult p\u0103str\u0103v.<\/p>\n<p>&#8220;Avem hamsie pr\u0103jit\u0103 \u0219i guvide&#8221; (nu \u00een\u021beleg acest singular! Anticipeaz\u0103 oare dispari\u021bia acestor pe\u0219ti?) lipse\u0219te aproape cu des\u0103v\u00e2r\u0219ire \u00een aceast\u0103 perioad\u0103. Bun! Pe\u0219ti de mare nu sunt, \u00a0\u00eemi comand o salat\u0103 greceasc\u0103. \u00ce\u021bi spui c\u0103, de\u0219i nu \u0219tii ce schimb\u0103ri sunt \u00een restaurantul \u00een care tocmi ai intrat (anul trecut, era cu autoservire; acum nu sunt suficien\u021bi clien\u021bi), ce poate fi gre\u0219it \u00a0la o salat\u0103 greceasc\u0103?<\/p>\n<p>Poate! Chiar salata \u00een sine, veche de c\u00e2teva zile, \u00eentrat\u0103 \u00een putrefac\u021bie \u0219i, ca atare, greu de sp\u0103lat. Osp\u0103t\u0103ri\u021ba se scuz\u0103 st\u00e2ngaci c\u0103 buc\u0103t\u0103reasa e la opera\u021bie \u0219i a r\u0103mas so\u021bul, care se pricepe la gr\u0103tare&#8230;.<\/p>\n<p>Patroana vine \u0219i \u00ee\u0219i cere scuze&#8230;.la masa vecinilor no\u0219tri, care o privesc cu ni\u0219te sp\u00e2ncere ridicate. Ea, \u00een\u021beleg\u00e2nd comicul situa\u021biei, pufne\u0219te \u00een r\u00e2s \u0219i pleac\u0103. Maria, care observ\u0103 scena \u00een toat\u0103 desf\u0103\u0219urarea (eu \u0219i so\u021bul meu st\u00e2nd cu spatele), ne face o relatare \u00een direct. Nu \u0219tiu de ce, pe noi nu ne amuz\u0103, dar ne g\u00e2ndim la pizza pe care o vom comanda, disear\u0103, copiilor.<\/p>\n<p>Ce se poate gre\u0219i la o pizza? te \u00eentrebi, \u00eencerc\u00e2nd s\u0103 nu te mu\u021bi cu g\u00e2ndul la vacan\u021bele petrecute \u00a0\u00een Turcia (unde nu ne-a pl\u0103cut pentru c\u0103 era prea cald \u0219i prea mult\u0103 m\u00e2ncare) sau Bulgaria (unde iar\u0103\u0219i nu ne-a pl\u0103cut pentru c\u0103 au cefe de bulgari, prea mult\u0103 m\u00e2ncare, prea mult pe\u0219te, deci, prea enervant de primitori). Ce poate fi gre\u0219it la o pizza, deci? Aluatul! Ars \u0219i, totu\u0219i, nef\u0103cut. Avem ni\u0219te covrigi integrali \u0219i ne complet\u0103m cina. \u0218i mult\u0103 ap\u0103.<\/p>\n<p>Urmeaz\u0103 o limb\u0103 de drum b\u0103t\u0103torit\u0103. Alergarea nu mai e a\u0219a de dur\u0103. \u0218i g\u00e2ndurile se mai domolesc. Nu se mai \u00eenghesuie precum ma\u0219inile \u00een buza plajei.<\/p>\n<p>Refac drumul de \u00eentoarcere privind mai mult spre mare, c\u0103ut\u00e2nd vapoare \u0219i, poate, alte pove\u0219ti de scris aici, \u00a0\u0219i mai pu\u021bin spre oameni sau teras<img loading=\"lazy\" decoding=\"async\" class=\"alignleft wp-image-8567 size-medium\" src=\"https:\/\/www.dumitra.net\/blog\/wp-content\/fileStore\/2016\/06\/17-300x199.jpg\" alt=\"17\" width=\"300\" height=\"199\" srcset=\"https:\/\/www.dumitra.net\/blog\/wp-content\/fileStore\/2016\/06\/17-300x199.jpg 300w, https:\/\/www.dumitra.net\/blog\/wp-content\/fileStore\/2016\/06\/17-600x399.jpg 600w, https:\/\/www.dumitra.net\/blog\/wp-content\/fileStore\/2016\/06\/17-624x415.jpg 624w, https:\/\/www.dumitra.net\/blog\/wp-content\/fileStore\/2016\/06\/17.jpg 800w\" sizes=\"auto, (max-width: 300px) 100vw, 300px\" \/>ele r\u0103v\u0103\u0219ite ca dup\u0103 tornad\u0103. Poate c\u0103 am obosit. \u00a0Alerg \u0219i simt c\u0103 aerul m\u0103 arde cu fiecare respira\u021bie. Sudoarea mi se opre\u0219te \u00een pantofii de alergare.<\/p>\n<p>M\u0103 \u00eentorc la copii \u0219i la so\u021b, la marea statornic\u0103 \u0219i&#8230; la fesele vecinului meu de prosop. Bronzul \u00eenc\u0103 nu i s-a uniformizat&#8230;..<\/p>\n<p><em>P.S. A\u0219 fi putut s\u0103 postez poze cu decorul despre care v-am povestit, dar nu vreau s\u0103 v\u0103 stric visele. Mai bine vi le deranjez cu pozele mele. \u00cemi asum riscul, c\u0103ci nu rating-ul m\u0103 intereseaz\u0103 \ud83d\ude42<\/em><\/p>\n","protected":false},"excerpt":{"rendered":"<p>E diminea\u021b\u0103 \u0219i \u00eenc\u0103 iunie.\u00a0 Dup\u0103 o absen\u021b\u0103 de un an, reiau contactul cu nisipul \u0219i berea. Berea din m\u00e2inile altora &#8211; femei \u0219i b\u0103rba\u021bi. \u00cemi a\u0219ez, cu privirele c\u0103ut\u00e2nd repere \u00eemprejur, prosopul\u00a0 pe&#46;&#46;&#46;<\/p>\n","protected":false},"author":1,"featured_media":0,"comment_status":"open","ping_status":"closed","sticky":false,"template":"","format":"standard","meta":{"ngg_post_thumbnail":0,"footnotes":""},"categories":[4,1],"tags":[1032,1031,1033],"class_list":["post-8560","post","type-post","status-publish","format-standard","hentry","category-personal","category-sport","tag-cum-sunt-terasele-la-mare-in-romania","tag-reportaj-la-malul-marii","tag-sport-la-mare"],"_links":{"self":[{"href":"https:\/\/www.dumitra.net\/blog\/index.php?rest_route=\/wp\/v2\/posts\/8560","targetHints":{"allow":["GET"]}}],"collection":[{"href":"https:\/\/www.dumitra.net\/blog\/index.php?rest_route=\/wp\/v2\/posts"}],"about":[{"href":"https:\/\/www.dumitra.net\/blog\/index.php?rest_route=\/wp\/v2\/types\/post"}],"author":[{"embeddable":true,"href":"https:\/\/www.dumitra.net\/blog\/index.php?rest_route=\/wp\/v2\/users\/1"}],"replies":[{"embeddable":true,"href":"https:\/\/www.dumitra.net\/blog\/index.php?rest_route=%2Fwp%2Fv2%2Fcomments&post=8560"}],"version-history":[{"count":12,"href":"https:\/\/www.dumitra.net\/blog\/index.php?rest_route=\/wp\/v2\/posts\/8560\/revisions"}],"predecessor-version":[{"id":8579,"href":"https:\/\/www.dumitra.net\/blog\/index.php?rest_route=\/wp\/v2\/posts\/8560\/revisions\/8579"}],"wp:attachment":[{"href":"https:\/\/www.dumitra.net\/blog\/index.php?rest_route=%2Fwp%2Fv2%2Fmedia&parent=8560"}],"wp:term":[{"taxonomy":"category","embeddable":true,"href":"https:\/\/www.dumitra.net\/blog\/index.php?rest_route=%2Fwp%2Fv2%2Fcategories&post=8560"},{"taxonomy":"post_tag","embeddable":true,"href":"https:\/\/www.dumitra.net\/blog\/index.php?rest_route=%2Fwp%2Fv2%2Ftags&post=8560"}],"curies":[{"name":"wp","href":"https:\/\/api.w.org\/{rel}","templated":true}]}}