{"id":8502,"date":"2016-06-02T18:34:07","date_gmt":"2016-06-02T18:34:07","guid":{"rendered":"http:\/\/www.dumitra.net\/blog\/?p=8502"},"modified":"2016-06-22T13:34:10","modified_gmt":"2016-06-22T13:34:10","slug":"un-piept-de-pui-literar","status":"publish","type":"post","link":"https:\/\/www.dumitra.net\/blog\/?p=8502","title":{"rendered":"Un piept de pui literar"},"content":{"rendered":"<p>Parcurg si ultimul pavilon al expozi\u021biei Bookfest 2016, \u00eencerc\u00e2nd s\u0103 rezist ispitei imediate, ap\u0103s\u0103toare, ustur\u0103toare de a-mi potoli nu foamea de cultur\u0103 &#8211; o f\u0103cusem \u00eentruc\u00e2tva, plec\u00e2nd cu pungile doldora de c\u0103r\u021bi -, ci foamea de&#8230; materie concret\u0103.<\/p>\n<p>C\u00e2nd ghior\u0103itul vintrelor \u00ee\u021bi d\u0103 ghes \u0219i \u00eencerci s\u0103-i rezi\u0219ti, creierul reptilian te asalteaz\u0103 cu amintiri <em>(c\u00e2ndva, intr-un alt restaurant al lan\u021bului respectiv, am mai m\u00e2ncat piept de pui. Fusese bun! \u00cencepui s\u0103 mi-l imaginez&#8230;)<\/em>, mirosuri, \u00ee\u021bi mut\u0103 g\u00e2ndurile \u0219i-\u021bi duce pa\u0219ii \u00eencotro vrea el; te treze\u0219ti \u00een fa\u021ba restaurantului pe care l-ai adulmecat de cel pu\u021bin 2 ori, din toate unghiurile. <em>\u201dNu, e prea mult\u0103 lume&#8230;. nu e nici un loc liber, mai rezist.\u201d<\/em> \u00cemi mut, printr-un act de voin\u021b\u0103 din ce \u00een ce mai dificil, g\u00e2ndul la banana care m\u0103 a\u0219teapt\u0103 \u00een ma\u0219in\u0103. Simt c\u0103 m\u0103 concentrez cu greu. Brusc, miile de c\u0103r\u021bi burdu\u0219ite elegant \u0219i ispitiror \u00een c\u00e2\u021biva metri p\u0103tra\u021bi (parc\u0103 mai \u00eenghesuite dec\u00e2t \u00een anii preceden\u021bi) nu-mi mai spun nimic.<\/p>\n<p>O doamn\u0103 blond\u0103, trecut\u0103, probabil, de 50 de ani, de-o elegan\u021b\u0103 discret\u0103, \u00eemi \u00eentrerupe fantezia cu piept de pui. \u00cemi z\u00e2mbe\u0219te occidental \u0219i re\u021bine politicos u\u0219a restaurantului, astfel \u00eenc\u00e2t aceasta s\u0103 nu m\u0103 izbeasc\u0103 \u00een plexul solar. E cochet\u0103! Simt c\u0103-mi place aura ei. Lu\u00e2nd, la r\u00e2ndu-mi, o tav\u0103 \u00eei succed, scan\u00e2nd, cu priviri de vultur, galantarul plin ochi cu gr\u0103mezi de m\u00e2ncare. Imaginea \u00eemi usuc\u0103 brusc orice urm\u0103 de saliv\u0103 produs\u0103 p\u00e2n\u0103 atunci \u00een gol. Caut \u00eenc\u0103 un motiv ra\u021bional s\u0103 p\u0103r\u0103sesc restaurantul.<\/p>\n<p>Vocea bucatarului, ca o matroan\u0103 de bordel, cu \u0219or\u021bul profil\u00e2ndu-i perfect p\u00e2ntecul v\u00e2rtos, \u00eemi d\u0103 \u00eenc\u0103 o \u0219ans\u0103 s\u0103 p\u0103r\u0103sesc restaurantul:<\/p>\n<p><strong><em>&#8211; \u201dNu, doam\u0103, sunt 2 buc\u0103\u021bi de piept de pui la por\u021bie\u201d<\/em><\/strong>.\u00a0 Doamna blond\u0103, cu aur\u0103 care simt c\u0103-mi place, protesteaz\u0103 dr\u0103g\u0103la\u0219.<\/p>\n<p><em><strong>&#8211; \u201dDar, domnule, nu pot m\u00e2nca at\u00e2t! Nu pot m\u00e2nca at\u00e2t, e prea mult pentru mine!\u201d<\/strong><\/em> Leag\u0103n\u0103 cuvintele, le \u00eendulce\u0219te, le alint\u0103, are grij\u0103 cu ele, le a\u0219terne cu delicate\u021be. Urechile buc\u0103tarului nu par s\u0103 rezoneze.<\/p>\n<p>Printr-un impuls, ratez iremediabil \u0219ansa de-a p\u0103r\u0103si restaurantul \u0219i de-a m\u0103 \u00eentoarce la banana din ma\u0219in\u0103. Spun doamnei cu aur\u0103 care-mi place c\u0103 putem \u00eemp\u0103r\u021bi por\u021bia: <strong><em>\u201dNici eu nu pot m\u00e2nca at\u00e2t.\u201d<\/em><\/strong> \u0218i-mi paseaz\u0103 elegant, dar cu o m\u00e2n\u0103 sigur\u0103, cea de-a doua bucat\u0103 de piept de pui.<\/p>\n<p>Saliva s-a mai ostoit, creierul pare c\u0103 se gole\u0219te brusc de orice amintire. Revin \u00een prezentul perfect, pl\u0103tesc, \u00eemp\u0103r\u021bim suma pieptului de pui \u0219i, \u00een loc s\u0103 aleg o mas\u0103 liber\u0103, cer doamnei cu aur\u0103 care-mi place permisiunea s\u0103 \u0219ed la masa ei. Nu-mi place s\u0103 m\u0103n\u00e2nc singur\u0103.<\/p>\n<p>\u00cemi z\u00e2mbe\u0219te \u0219i m\u0103 prime\u0219te politicos. Am un deja vu. \u00cei e grij\u0103 cu cuvintele, le s\u0103de\u0219te molcom,\u00a0 \u00eemi z\u00e2mbe\u0219te larg \u0219i sfios. E un contrast unic \u00eentre larghe\u021bea z\u00e2mbetului \u0219i re\u021binerea trupului. Se adun\u0103 \u00een ea parc\u0103 ap\u0103r\u00e2ndu-se. Imi spun \u00een g\u00e2nd c\u0103 sunt, poate, prea dezinvolt\u0103. Vorbim banalit\u0103\u021bi despre m\u00e2ncare \u0219i mintea \u00eemi zboar\u0103 la una dintre c\u0103r\u021bile adolescen\u021bei mele,\u00a0\u201dUn port la r\u0103s\u0103rit\u201d <em>(\u201dL\u0103c\u0103tinient es\u021bi?\u201d) <\/em>a lui Radu Tudoran.<\/p>\n<p>Poveste\u0219te agale \u0219i-mi las\u0103 impresia c\u0103 are tot timpul din lume. \u0218i eu, asemenea! \u00cemi z\u00e2mbe\u0219te c\u00e2nd cu ochi largi, c\u00e2nd cu ochi miji\u021bi, discret farda\u021bi\u00a0 \u0219i-mi spune c\u0103 nu \u00een\u021belege de ce sunt por\u021biile at\u00e2t de mari&#8230;. <em><strong>\u201dMi s-a \u00eent\u00e2mplat \u0219i la hotel&#8230;., diminea\u021b\u0103.\u201d<\/strong><\/em> \u00cent\u00e2rzie cuvintele, se alint\u0103 cu o ging\u0103\u0219ie discret\u0103.<\/p>\n<p><a href=\"https:\/\/www.dumitra.net\/blog\/wp-content\/fileStore\/2016\/06\/658x0_lucretia.jpg\"><img loading=\"lazy\" decoding=\"async\" class=\"alignright size-medium wp-image-8506\" src=\"https:\/\/www.dumitra.net\/blog\/wp-content\/fileStore\/2016\/06\/658x0_lucretia-300x161.jpg\" alt=\"658x0_lucretia\" width=\"300\" height=\"161\" srcset=\"https:\/\/www.dumitra.net\/blog\/wp-content\/fileStore\/2016\/06\/658x0_lucretia-300x161.jpg 300w, https:\/\/www.dumitra.net\/blog\/wp-content\/fileStore\/2016\/06\/658x0_lucretia-600x322.jpg 600w, https:\/\/www.dumitra.net\/blog\/wp-content\/fileStore\/2016\/06\/658x0_lucretia-624x335.jpg 624w, https:\/\/www.dumitra.net\/blog\/wp-content\/fileStore\/2016\/06\/658x0_lucretia.jpg 658w\" sizes=\"auto, (max-width: 300px) 100vw, 300px\" \/><\/a>De\u0219i am o b\u0103nuial\u0103, o \u00eentreb de unde vine. \u00cemi r\u0103spunde cu un firesc cople\u0219itor \u0219i cu o modestie nec\u0103utat\u0103.<\/p>\n<p>&#8211; <em><strong>\u201dVin din Chi\u0219in\u0103u, m\u00e2ine, \u00eemi lansez cartea.\u201d<\/strong> <\/em>\u0218i duce m\u00e2na la poset\u0103 sco\u021b\u00e2nd <em><strong>\u201dTunica portocalie\u201d.<\/strong><\/em><\/p>\n<p><strong>Doamna cu aur\u0103 care-mi place este chiar scriitoarea Lucre\u021bia B\u00e2rl\u0103deanu.<\/strong> \u00cen c\u0103l\u0103toria ei \u201d<em>pe un pod de aur<\/em>\u201d \u00eentre Paris (unde s-a stabilit de c\u00e2\u021biva ani) \u0219i Chi\u0219in\u0103u, s-a oprit la Bookfest (2016) pentru lansarea noului ei volum de proz\u0103 scut\u0103.<\/p>\n<p>Dumic bucata de piept de pui, caut f\u0103r\u0103 grab\u0103 firele de salat\u0103, timpul nu m\u0103 mai intereseaz\u0103. O \u00eentreb (ca o ignorant\u0103!) ce scrie.<em><strong> \u201dM\u0103 joc cu genurile, nu-mi place s\u0103 m\u0103 fixez \u00eentr-o singur\u0103 zon\u0103 literar\u0103\u201d<\/strong><\/em>. E pe teritoriul ei \u0219i simt c\u0103 \u00eencepe s\u0103 se destind\u0103. \u00cei r\u0103spund curtenitor, cit\u00e2ndu-l pe Henry Miller (\u201dPeindre, c\u201dest aimer a nouveanu\u201d &#8211; \u00een curs de finalizare): \u201dNu exist\u0103 lucruri pe care un om inteligent s\u0103 nu le poate face\u201d. Continu\u0103 s\u0103-mi z\u00e2mbeasc\u0103. Conversa\u021bia alunec\u0103 lin spre o alt\u0103 carte publicat\u0103, <em><strong>\u201dScrisori din Paris\u201d<\/strong> <\/em>(volum de eseuri), spre scriitorii rom\u00e2ni din Paris, spre Monica Lovinescu, spre Virgil Ierunca.<\/p>\n<p>Nu m\u0103 pot \u00eempidica s\u0103 o \u00eentreb, spre finalul conversa\u021biei, despre destin:<strong> \u201dDestinul este ceva ce mi se d\u0103, iar eu \u00eel iau.\u201d<\/strong><\/p>\n<p>Din nou, simt c\u0103 via\u021ba \u00eemi d\u0103 suficiente motive de bucurie, \u201diar eu le iau\u201d.<\/p>\n<p><strong>Scriitoare Lucre\u021bia B\u00e2rl\u0103deanu \u00ee\u0219i lanseaz\u0103 m\u00e2ine, 3 iunie 2016, ora 12.00, la <\/strong><b>CAFENEAUA LITERAR\u0102 JULIUS MEINL, PAV. C4, BALCON, volumul \u201dTunica portocalie\u201d. <\/b><\/p>\n<p><strong>Actualizare:<\/strong><\/p>\n<p>La mesajul pe care l-am trimis doamnei B\u00eerl\u0103deanu \u0219i care con\u021binea textul pe care tocmai l-ai citit, am primit urm\u0103torul r\u0103spuns, mult prea \u00eencurajator pentru modestele mele eforturi literare:<\/p>\n<div dir=\"ltr\"><em><strong>\u201dDraga Dumitra,\u00a0<\/strong><\/em><\/div>\n<div dir=\"ltr\"><em><strong>Am citit cu placere insemnarile despre intalnirea noastra si m-am amuzat. \u00a0Am fost surprinsa sa ma descopar in rol de personaj, cand eram deprinsa sa ma joc eu cu altii.<\/strong><\/em><\/div>\n<div dir=\"ltr\"><em><strong>\u00a0Zau, ca e amuzant! Continua. Ar putea iesi ceva interesant, chiar \u00a0\/ori mai ales!\/ daca \u00a0ar avea si ceva mirezme culinare.\u00a0<\/strong><\/em><\/div>\n<div dir=\"ltr\"><em><strong>Multumesc inca o data pentru prezenta la Salon si pentru flori. A fost un gest pe care nu-l voi uita!<\/strong><\/em><\/div>\n<div dir=\"ltr\"><em><strong>Sper sa fi gasit ceva in carte sa-ti placa.\u00a0<\/strong><\/em><\/div>\n<div dir=\"ltr\"><em><strong>Cu toata prietenia,<\/strong><\/em><\/div>\n<div dir=\"ltr\"><em><strong>Lucretia\u201d<\/strong><\/em><\/div>\n<div dir=\"ltr\"><\/div>\n<p class=\"big\"><em>\u201dScriitoare Lucre\u021bia B\u00eerl\u0103deanu s-a n\u0103scut la 30 mai 1956, \u00een satul T\u0103t\u0103r\u0103uca Veche, Soroca. A absolvit cu eminen\u0163\u0103 Facultatea de Filologie a Institutului Pedagogic \u201eIon Creang\u0103\u201d (1979).<\/em><\/p>\n<p><em>Sus\u0163ine \u015fi public\u0103 teza de doctor \u00een filologie cu tema \u201eSentimentul naturii \u00een poezia lui Eminescu\u201d, lucrare ap\u0103rut\u0103 ulterior \u00een volum la Editura \u201eCartier\u201d. \u00cembin\u0103 activitatea literar\u0103 cu cea de pedagog. A fost profesoar\u0103 de rom\u00e2n\u0103 la \u015fcoala din satul natal, apoi lector-asistent la Catedra de limba \u015fi literatura rom\u00e2n\u0103 a Universit\u0103\u0163ii Pedagogice de Stat \u201eIon Creang\u0103\u201d (1982-1988), lector superior \u015fi conferen\u0163iar universitar la Catedra de teatrologie \u015fi literatur\u0103 universal\u0103 a Universit\u0103\u0163ii de Arte (1988-1998) din Chi\u015fin\u0103u. Debuteaz\u0103 \u00een 1988, la Editura \u201eLiteratura Artistic\u0103\u201d, cu volumul de versuri \u201eRou\u0103 de cuvinte\u201d, urmat de alte c\u0103r\u0163i de poezie &#8211; \u201eClipe de p\u0103s\u0103ri\u201d, Editura \u201eCartier\u201d, 1996, \u015fi \u201eCapitalul din Para S\u00e2ngelui\u201d, Editura \u201eJunimea\u201d, Ia\u015fi, 1998. Lucre\u0163ia B\u00e2rl\u0103deanu beneficiaz\u0103 de mai multe burse de studii \u00een Fran\u0163a, unde se stabile\u015fte \u00een 1998, av\u00e2nd drept obiect de studiu exilul rom\u00e2nesc \u00een multiplele lui ipostaze. Public\u0103, la aceast\u0103 tem\u0103, volumul \u201eDialoguri pariziene\u201d, Editura \u201eArc\u201d, 2005, \u015fi \u201eSecolul nomazilor\u201d, Editura \u201eEpigraf\u201d, 2006. Proverbialul sentiment al dorului rom\u00e2nesc, sincronizat cu o sensibilitate modern\u0103, \u00eei inspir\u0103 o carte de amintiri din (alt\u0103!) copil\u0103rie &#8211; \u201eDealul Dr\u0103gu\u0163ei\u201d, ap\u0103rut\u0103 la Editura \u201eSilvius-Libris\u201d, 2010.\u201d<br \/>\n<\/em><\/p>\n<p><a title=\"Lucretia Barladeanu\" href=\"http:\/\/www.timpul.md\/articol\/lucretia-barladeanu-ma-aflu-pe-podul-de-aur-circul-mereu-intre-paris-si-chisinau-29213.html\" target=\"_blank\">http:\/\/www.timpul.md\/articol\/lucretia-barladeanu-ma-aflu-pe-podul-de-aur-circul-mereu-intre-paris-si-chisinau-29213.html<\/a><\/p>\n","protected":false},"excerpt":{"rendered":"<p>Parcurg si ultimul pavilon al expozi\u021biei Bookfest 2016, \u00eencerc\u00e2nd s\u0103 rezist ispitei imediate, ap\u0103s\u0103toare, ustur\u0103toare de a-mi potoli nu foamea de cultur\u0103 &#8211; o f\u0103cusem \u00eentruc\u00e2tva, plec\u00e2nd cu pungile doldora de c\u0103r\u021bi -, ci&#46;&#46;&#46;<\/p>\n","protected":false},"author":1,"featured_media":0,"comment_status":"open","ping_status":"closed","sticky":false,"template":"","format":"standard","meta":{"ngg_post_thumbnail":0,"footnotes":""},"categories":[4],"tags":[1011,1008,1010,1009,1012],"class_list":["post-8502","post","type-post","status-publish","format-standard","hentry","category-personal","tag-lucretia-barladeanu-lansare-carte-bookfest-tunica-portocalie","tag-lucretia-birladeanu-bookfest-2016","tag-scriitoarea-lucretia-birladeanu-la-bookfest-2016","tag-tunica-portocalie-lucretia-birladeanu","tag-tunica-portocalie-proza-lucretia-barladeanu"],"_links":{"self":[{"href":"https:\/\/www.dumitra.net\/blog\/index.php?rest_route=\/wp\/v2\/posts\/8502","targetHints":{"allow":["GET"]}}],"collection":[{"href":"https:\/\/www.dumitra.net\/blog\/index.php?rest_route=\/wp\/v2\/posts"}],"about":[{"href":"https:\/\/www.dumitra.net\/blog\/index.php?rest_route=\/wp\/v2\/types\/post"}],"author":[{"embeddable":true,"href":"https:\/\/www.dumitra.net\/blog\/index.php?rest_route=\/wp\/v2\/users\/1"}],"replies":[{"embeddable":true,"href":"https:\/\/www.dumitra.net\/blog\/index.php?rest_route=%2Fwp%2Fv2%2Fcomments&post=8502"}],"version-history":[{"count":17,"href":"https:\/\/www.dumitra.net\/blog\/index.php?rest_route=\/wp\/v2\/posts\/8502\/revisions"}],"predecessor-version":[{"id":8559,"href":"https:\/\/www.dumitra.net\/blog\/index.php?rest_route=\/wp\/v2\/posts\/8502\/revisions\/8559"}],"wp:attachment":[{"href":"https:\/\/www.dumitra.net\/blog\/index.php?rest_route=%2Fwp%2Fv2%2Fmedia&parent=8502"}],"wp:term":[{"taxonomy":"category","embeddable":true,"href":"https:\/\/www.dumitra.net\/blog\/index.php?rest_route=%2Fwp%2Fv2%2Fcategories&post=8502"},{"taxonomy":"post_tag","embeddable":true,"href":"https:\/\/www.dumitra.net\/blog\/index.php?rest_route=%2Fwp%2Fv2%2Ftags&post=8502"}],"curies":[{"name":"wp","href":"https:\/\/api.w.org\/{rel}","templated":true}]}}