{"id":8431,"date":"2016-05-16T18:34:33","date_gmt":"2016-05-16T18:34:33","guid":{"rendered":"http:\/\/www.dumitra.net\/blog\/?p=8431"},"modified":"2016-05-16T18:58:25","modified_gmt":"2016-05-16T18:58:25","slug":"cronica-unei-curse-paralele","status":"publish","type":"post","link":"https:\/\/www.dumitra.net\/blog\/?p=8431","title":{"rendered":"Cronica unei curse paralele"},"content":{"rendered":"<div class=\"\" data-offset-key=\"bkljf-0-0\" data-editor=\"3kdvp\" data-block=\"true\">\n<div class=\"_1mf _1mj\" data-offset-key=\"bkljf-0-0\"><span data-offset-key=\"bkljf-0-0\"><span data-text=\"true\">Din boxele scenei, se auzi ca s-a dat startul. Starul nu se daduse. In fapt, programat la 10.30, startul in cursa copiilor a fost amanat cu 10 minute. Un copil incepu a plange. Clovnul unei companii de fast food isi facu apartitia bezmetic. Un moderator mult prea adormit\u00a0 incerca sa \u00eei \u021bin\u0103 \u00een priz\u0103 pe copiii care asteptau nerabdatori startul. Parintii inca nu se lamurira care va sa fie finish-ul. Nu se lamurira nici de ce se inghesuir\u0103, \u00eentr-o atmosfera sufocanta, atatea minute, stand la cozi alaturi de copii pentru preluarea kit-urilor de alergare. <\/span><\/span><\/div>\n<\/div>\n<div class=\"\" data-offset-key=\"81opm-0-0\" data-editor=\"3kdvp\" data-block=\"true\">\n<div class=\"_1mf _1mj\" data-offset-key=\"81opm-0-0\"><span data-offset-key=\"81opm-0-0\"><span data-text=\"true\">Ca ciupercile dupa ploaie, nu stiu cum de rasarira, chiar inainte cu 2-3 minute de startul amanat, un ciorchine de oameni, printre care si 2 femei cu baloane&#8230;. Cu baloane in maini&#8230;.,<br \/>\n<\/span><\/span><\/div>\n<div class=\"_1mf _1mj\" data-offset-key=\"81opm-0-0\">La startul amanat si nehotarat, copiii \u021b\u00e2\u0219nir\u0103 ca racheta. Eram preg\u0103tit\u0103 sa duc cursa al\u0103turi de \u0218tefan, a\u0219a c\u0103 am pornit, prin exteriorul traseului, al\u0103turi de el. Am alergat cot la cot. De fapt, am sprintat, c\u0103ci toat\u0103 cursa a fost un sprint.<\/div>\n<div class=\"_1mf _1mj\" data-offset-key=\"81opm-0-0\"><\/div>\n<div class=\"_1mf _1mj\" data-offset-key=\"81opm-0-0\">Am avut o lun\u0103 de zile la dispozi\u021bie s\u0103 ne antren\u0103m. A fost dorin\u021ba lui s\u0103 concureze, aceasta \u0219i la \u00eendemnul doamnei \u00eenv\u0103\u021b\u0103tor, care \u00ee\u0219i \u00eencurajeaz\u0103 copiii s\u0103 participe la diverse activit\u0103\u021bi.<\/div>\n<div class=\"_1mf _1mj\" data-offset-key=\"81opm-0-0\">Antrenamentele noastre s\u0103pt\u0103m\u00e2nale au fost cel mai frumos pretext de a-mi petrece, \u00eentr-un mod activ, timpul al\u0103turi de copilul meu. Sunt \u00eencredin\u021bat\u0103 ca, dac\u0103 eu, acum, voi reu\u0219i s\u0103 \u00eei s\u0103desc dragul de sport, indiferent pe unde \u00eel va purta via\u021ba, s\u0103m\u00e2n\u021ba va cr<a href=\"https:\/\/www.dumitra.net\/blog\/wp-content\/fileStore\/2016\/05\/1.jpg\" target=\"_blank\"><img loading=\"lazy\" decoding=\"async\" class=\"wp-image-8439 size-medium alignright\" src=\"https:\/\/www.dumitra.net\/blog\/wp-content\/fileStore\/2016\/05\/1-300x267.jpg\" alt=\"1\" width=\"300\" height=\"267\" srcset=\"https:\/\/www.dumitra.net\/blog\/wp-content\/fileStore\/2016\/05\/1-300x267.jpg 300w, https:\/\/www.dumitra.net\/blog\/wp-content\/fileStore\/2016\/05\/1-600x534.jpg 600w, https:\/\/www.dumitra.net\/blog\/wp-content\/fileStore\/2016\/05\/1-624x555.jpg 624w, https:\/\/www.dumitra.net\/blog\/wp-content\/fileStore\/2016\/05\/1.jpg 800w\" sizes=\"auto, (max-width: 300px) 100vw, 300px\" \/><\/a>e\u0219te.<\/div>\n<div class=\"_1mf _1mj\" data-offset-key=\"81opm-0-0\">-\u201dMami, nu mai poooot!\u201d, \u00eemi spuse dup\u0103 primul sfert al cursei; startul a fost un sprint, era firesc s\u0103 se resimt\u0103. Unii copii c\u0103zur\u0103 pe jos. Au aparut \u0219i primele abandonuri.<\/div>\n<div class=\"_1mf _1mj\" data-offset-key=\"81opm-0-0\">&#8211; \u201d\u00cencetine\u0219te pu\u021bin \u0219i resip\u0103.\u201d, i-am raspuns dintr-o postura deloc confortabil\u0103. Inima-mi st\u0103tea \u00een g\u00e2t, g\u00e2tul mi se uscase. Slav\u0103 Domnului c\u0103 picioarele m\u0103 duceau. Bine c\u0103 ele nu pricep ceea ce inima \u0219tie.<\/div>\n<div class=\"_1mf _1mj\" data-offset-key=\"81opm-0-0\">Dupa jum\u0103tatea cursei, un copil pe l\u00e2ng\u0103 care alerga, la un bra\u021b distan\u021b\u0103, \u00eel \u00eempinse din senin. \u00centr-un efort de ralanti, \u0218tefan r\u0103spunse \u0219i el cu un br\u00e2nci u\u0219or (\u00cemi cer scuze c\u0103 nu l-am \u00eenv\u0103\u021bat s\u0103 \u00eentoarc\u0103 \u0219i cel\u0103lat obraz&#8230;.; altminteri, capul plecat, sabia nu-l taie&#8230; am auzit de zeci ade ani. \u0218i la ce ne-a folosit&#8230;.)<\/div>\n<div class=\"_1mf _1mj\" style=\"text-align: left;\" data-offset-key=\"81opm-0-0\">&#8211; \u201dMamiii, nu mai pot!\u201d veni a doua oar\u0103. M\u0103 durea g\u00e2tul de c\u00e2t \u00eei strigasem numele. \u0218tiam c\u0103 nu va renun\u021ba. \u00cemi promisese, vineri, \u00eenainte de curs\u0103, c\u0103 nu va abandona. Ca va termina\u00a0 <a href=\"https:\/\/www.dumitra.net\/blog\/wp-content\/fileStore\/2016\/05\/2.jpg\" target=\"_blank\"><img loading=\"lazy\" decoding=\"async\" class=\"alignright wp-image-8440 size-medium\" src=\"https:\/\/www.dumitra.net\/blog\/wp-content\/fileStore\/2016\/05\/2-300x199.jpg\" alt=\"2\" width=\"300\" height=\"199\" srcset=\"https:\/\/www.dumitra.net\/blog\/wp-content\/fileStore\/2016\/05\/2-300x199.jpg 300w, https:\/\/www.dumitra.net\/blog\/wp-content\/fileStore\/2016\/05\/2-600x399.jpg 600w, https:\/\/www.dumitra.net\/blog\/wp-content\/fileStore\/2016\/05\/2-624x415.jpg 624w, https:\/\/www.dumitra.net\/blog\/wp-content\/fileStore\/2016\/05\/2.jpg 800w\" sizes=\"auto, (max-width: 300px) 100vw, 300px\" \/><\/a>cursa. C\u0103 i\u0219i dore\u0219te mult medalia \u0219i colegii \u00eei vor c\u00e2nta \u201dBravo, bravissimo\u201d.<\/div>\n<div class=\"_1mf _1mj\" data-offset-key=\"81opm-0-0\">N-aveam s\u0103 anticipez (de ce oare???) c\u0103 joca de-a c\u0103\u021b\u0103ratul pe terenurile abrupte de skate \u00eei va provoca o febr\u0103 puternic\u0103 la gambe. A fost dorin\u021ba lui s\u0103 participe, \u00een ciuda febrei.<\/div>\n<div class=\"_1mf _1mj\" data-offset-key=\"81opm-0-0\">L-am \u00eencurajat, \u00eentr-o ultim\u0103 sfor\u021bare, \u0219i l-am l\u0103sat singur, \u00een e\u0219alonul primilor 15-20 de copii care aveau s\u0103 termine cursa-sprint. Traseul se intersecta cu zona corturilor, a\u0219a c\u0103 a trebuit s\u0103 \u00eel las s\u0103-\u0219i duc\u0103 cursa pe cont propriu. \u0218i a dus-o!<\/div>\n<div class=\"_1mf _1mj\" data-offset-key=\"81opm-0-0\">Unul c\u00e2te unul, dup\u0103 finish, copiii ap\u0103rur\u0103 cu c\u00e2te un pahat de ap\u0103 \u00een m\u00e2n\u0103 \u0219i o napolitan\u0103&#8230;.<\/div>\n<div class=\"_1mf _1mj\" data-offset-key=\"81opm-0-0\">\u0218tefan avea \u00een m\u00e2n\u0103 doar paharul de ap\u0103 \u0219i mergea ne\u00eendoindu-\u0219i genunchii. Febra se transformase \u00een contractur\u0103. P\u00e2n\u0103 acasa, l-am dus \u00een bra\u021be. Dar a fost cel mai fericit.<\/div>\n<div class=\"_1mf _1mj\" data-offset-key=\"81opm-0-0\">Ulterior cursei, aveam s\u0103 scriu pe pagina mea de FB: \u201dNoi doi am exersat entuziasmul. Noi doi am exersat r\u0103bdarea, munca \u0219i spiritul de competi\u021bie. Noi doi am exersat spirtul de echipa. Si, mai presus de orice, am exersat fericirea de a-mi str\u00e2nge copilul \u00een bra\u021be \u0219i de a-l incuraja si urma \u00eendeaproape.\u201d<\/div>\n<div class=\"_1mf _1mj\" data-offset-key=\"81opm-0-0\"><\/div>\n<div class=\"_1mf _1mj\" data-offset-key=\"81opm-0-0\"><\/div>\n<\/div>\n","protected":false},"excerpt":{"rendered":"<p>Din boxele scenei, se auzi ca s-a dat startul. Starul nu se daduse. In fapt, programat la 10.30, startul in cursa copiilor a fost amanat cu 10 minute. Un copil incepu a plange. Clovnul&#46;&#46;&#46;<\/p>\n","protected":false},"author":1,"featured_media":0,"comment_status":"open","ping_status":"closed","sticky":false,"template":"","format":"standard","meta":{"ngg_post_thumbnail":0,"footnotes":""},"categories":[1],"tags":[995,994],"class_list":["post-8431","post","type-post","status-publish","format-standard","hentry","category-sport","tag-cursa-copiilor-2016","tag-semimarathon-bucuresti-14-mai-2016"],"_links":{"self":[{"href":"https:\/\/www.dumitra.net\/blog\/index.php?rest_route=\/wp\/v2\/posts\/8431","targetHints":{"allow":["GET"]}}],"collection":[{"href":"https:\/\/www.dumitra.net\/blog\/index.php?rest_route=\/wp\/v2\/posts"}],"about":[{"href":"https:\/\/www.dumitra.net\/blog\/index.php?rest_route=\/wp\/v2\/types\/post"}],"author":[{"embeddable":true,"href":"https:\/\/www.dumitra.net\/blog\/index.php?rest_route=\/wp\/v2\/users\/1"}],"replies":[{"embeddable":true,"href":"https:\/\/www.dumitra.net\/blog\/index.php?rest_route=%2Fwp%2Fv2%2Fcomments&post=8431"}],"version-history":[{"count":10,"href":"https:\/\/www.dumitra.net\/blog\/index.php?rest_route=\/wp\/v2\/posts\/8431\/revisions"}],"predecessor-version":[{"id":8444,"href":"https:\/\/www.dumitra.net\/blog\/index.php?rest_route=\/wp\/v2\/posts\/8431\/revisions\/8444"}],"wp:attachment":[{"href":"https:\/\/www.dumitra.net\/blog\/index.php?rest_route=%2Fwp%2Fv2%2Fmedia&parent=8431"}],"wp:term":[{"taxonomy":"category","embeddable":true,"href":"https:\/\/www.dumitra.net\/blog\/index.php?rest_route=%2Fwp%2Fv2%2Fcategories&post=8431"},{"taxonomy":"post_tag","embeddable":true,"href":"https:\/\/www.dumitra.net\/blog\/index.php?rest_route=%2Fwp%2Fv2%2Ftags&post=8431"}],"curies":[{"name":"wp","href":"https:\/\/api.w.org\/{rel}","templated":true}]}}