{"id":8318,"date":"2016-04-29T05:59:31","date_gmt":"2016-04-29T05:59:31","guid":{"rendered":"http:\/\/www.dumitra.net\/blog\/?p=8318"},"modified":"2016-04-29T05:59:31","modified_gmt":"2016-04-29T05:59:31","slug":"burek-placinta-cu-spanac","status":"publish","type":"post","link":"https:\/\/www.dumitra.net\/blog\/?p=8318","title":{"rendered":"Burek (pl\u0103cint\u0103) cu spanac si 2 feluri de br\u00e2nz\u0103"},"content":{"rendered":"<p><a href=\"https:\/\/www.dumitra.net\/blog\/wp-content\/fileStore\/2016\/04\/Burek-cu-spanac_branza-capra_mozzarella2.jpg\" target=\"_blank\"><img loading=\"lazy\" decoding=\"async\" class=\"alignright wp-image-8321 size-medium\" src=\"https:\/\/www.dumitra.net\/blog\/wp-content\/fileStore\/2016\/04\/Burek-cu-spanac_branza-capra_mozzarella2-300x161.jpg\" alt=\"Burek cu spanac_branza capra_mozzarella2\" width=\"300\" height=\"161\" srcset=\"https:\/\/www.dumitra.net\/blog\/wp-content\/fileStore\/2016\/04\/Burek-cu-spanac_branza-capra_mozzarella2-300x161.jpg 300w, https:\/\/www.dumitra.net\/blog\/wp-content\/fileStore\/2016\/04\/Burek-cu-spanac_branza-capra_mozzarella2-600x323.jpg 600w, https:\/\/www.dumitra.net\/blog\/wp-content\/fileStore\/2016\/04\/Burek-cu-spanac_branza-capra_mozzarella2-624x336.jpg 624w, https:\/\/www.dumitra.net\/blog\/wp-content\/fileStore\/2016\/04\/Burek-cu-spanac_branza-capra_mozzarella2.jpg 800w\" sizes=\"auto, (max-width: 300px) 100vw, 300px\" \/><\/a>Re\u021beta aceasta am mai f\u0103cut-o \u00een variantele: dietetic\u0103, cu br\u00e2nz\u0103 proasp\u0103t\u0103 semidegresat\u0103, cu br\u00e2nz\u0103 s\u0103rat\u0103. Ceea ce g\u0103sesc deosebit la tipul acesta de pl\u0103cint\u0103 este faptul c\u0103, chiar \u0219i dup\u0103 ce se r\u0103ce\u0219te, p\u0103streaz\u0103 o anume tandre\u021be.<\/p>\n<p><strong>INGREDIENTE:<\/strong><\/p>\n<p>&#8211; 500 gr. spanac proasp\u0103t, op\u0103rit \u00een ap\u0103 cu sare si mixat cu<\/p>\n<p>&#8211; 5 ou\u0103,<\/p>\n<p>&#8211; 200 gr. br\u00e2nz\u0103 de capr\u0103<\/p>\n<p>&#8211; 200 gr. mozzarella<\/p>\n<p>&#8211; 1 pachet foi pl\u0103cint\u0103<\/p>\n<p><strong>Pentru compozi\u021bia care se toarn\u0103 desupra pl\u0103cintei:<\/strong><a href=\"https:\/\/www.dumitra.net\/blog\/wp-content\/fileStore\/2016\/04\/Burek-cu-spanac_branza-capra_mozzarella1.jpg\" target=\"_blank\"><img loading=\"lazy\" decoding=\"async\" class=\"alignright wp-image-8319 size-medium\" src=\"https:\/\/www.dumitra.net\/blog\/wp-content\/fileStore\/2016\/04\/Burek-cu-spanac_branza-capra_mozzarella1-300x223.jpg\" alt=\"Burek cu spanac_branza capra_mozzarella1\" width=\"300\" height=\"223\" srcset=\"https:\/\/www.dumitra.net\/blog\/wp-content\/fileStore\/2016\/04\/Burek-cu-spanac_branza-capra_mozzarella1-300x223.jpg 300w, https:\/\/www.dumitra.net\/blog\/wp-content\/fileStore\/2016\/04\/Burek-cu-spanac_branza-capra_mozzarella1-600x446.jpg 600w, https:\/\/www.dumitra.net\/blog\/wp-content\/fileStore\/2016\/04\/Burek-cu-spanac_branza-capra_mozzarella1-624x464.jpg 624w, https:\/\/www.dumitra.net\/blog\/wp-content\/fileStore\/2016\/04\/Burek-cu-spanac_branza-capra_mozzarella1.jpg 800w\" sizes=\"auto, (max-width: 300px) 100vw, 300px\" \/><\/a><\/p>\n<p>&#8211; 3\/4 pahar ap\u0103 mineral\u0103<\/p>\n<p>&#8211; 1 ou b\u0103tut cu furculi\u021ba<\/p>\n<p>&#8211; 200 gr. iaurt capr\u0103 3% gr\u0103sime<\/p>\n<p><strong>PREPARARE:<\/strong><\/p>\n<p>Se unge cu gr\u0103sime o tav\u0103 de pl\u0103cint\u0103 \u0219i se aseaz\u0103 un prim strat de 3 foi, f\u0103r\u0103 s\u0103 le ungi cu gr\u0103sime. Torni 1 polonic din compozi\u021bia (aproape lichid\u0103) de spanac, ou\u0103, br\u00e2nzeturi.<\/p>\n<p>Repe\u021bi opera\u021biunea p\u00e2n\u0103 epuizezi ingredientele. Pl\u0103cinta se \u00eencheie cu un strat de 3 foi de placint\u0103. Cu un cu\u021bit cu lam\u0103 bine scu\u021bit\u0103 \u0219i fin\u0103, tai pl\u0103cinta \u00een p\u0103trate cu latura de 10 cm.<\/p>\n<p>Apa mineral\u0103 amestecat\u0103 cu oul \u0219i iaurtul le torni deasupra pl\u0103cintei, av\u00e2nd grij\u0103 s\u0103 p\u0103trund\u0103 bine printre p\u0103tratele f\u0103cute. Pl\u0103cinta va sta \u00een cuptorul \u00eencins la 180 grade p\u00e2n\u0103 va c\u0103p\u0103ta culoare galben-maronie.<\/p>\n","protected":false},"excerpt":{"rendered":"<p>Re\u021beta aceasta am mai f\u0103cut-o \u00een variantele: dietetic\u0103, cu br\u00e2nz\u0103 proasp\u0103t\u0103 semidegresat\u0103, cu br\u00e2nz\u0103 s\u0103rat\u0103. Ceea ce g\u0103sesc deosebit la tipul acesta de pl\u0103cint\u0103 este faptul c\u0103, chiar \u0219i dup\u0103 ce se r\u0103ce\u0219te, p\u0103streaz\u0103&#46;&#46;&#46;<\/p>\n","protected":false},"author":1,"featured_media":0,"comment_status":"open","ping_status":"closed","sticky":false,"template":"","format":"standard","meta":{"ngg_post_thumbnail":0,"footnotes":""},"categories":[823],"tags":[955,954,953],"class_list":["post-8318","post","type-post","status-publish","format-standard","hentry","category-retete-usurele-pentru-subtirele","tag-burek-cu-spanac-si-branza","tag-placinta-cu-spanac-si-branza","tag-placinta-dietetica-cu-spanac-si-branza-de-capra"],"_links":{"self":[{"href":"https:\/\/www.dumitra.net\/blog\/index.php?rest_route=\/wp\/v2\/posts\/8318","targetHints":{"allow":["GET"]}}],"collection":[{"href":"https:\/\/www.dumitra.net\/blog\/index.php?rest_route=\/wp\/v2\/posts"}],"about":[{"href":"https:\/\/www.dumitra.net\/blog\/index.php?rest_route=\/wp\/v2\/types\/post"}],"author":[{"embeddable":true,"href":"https:\/\/www.dumitra.net\/blog\/index.php?rest_route=\/wp\/v2\/users\/1"}],"replies":[{"embeddable":true,"href":"https:\/\/www.dumitra.net\/blog\/index.php?rest_route=%2Fwp%2Fv2%2Fcomments&post=8318"}],"version-history":[{"count":3,"href":"https:\/\/www.dumitra.net\/blog\/index.php?rest_route=\/wp\/v2\/posts\/8318\/revisions"}],"predecessor-version":[{"id":8324,"href":"https:\/\/www.dumitra.net\/blog\/index.php?rest_route=\/wp\/v2\/posts\/8318\/revisions\/8324"}],"wp:attachment":[{"href":"https:\/\/www.dumitra.net\/blog\/index.php?rest_route=%2Fwp%2Fv2%2Fmedia&parent=8318"}],"wp:term":[{"taxonomy":"category","embeddable":true,"href":"https:\/\/www.dumitra.net\/blog\/index.php?rest_route=%2Fwp%2Fv2%2Fcategories&post=8318"},{"taxonomy":"post_tag","embeddable":true,"href":"https:\/\/www.dumitra.net\/blog\/index.php?rest_route=%2Fwp%2Fv2%2Ftags&post=8318"}],"curies":[{"name":"wp","href":"https:\/\/api.w.org\/{rel}","templated":true}]}}