{"id":5986,"date":"2013-05-01T19:55:10","date_gmt":"2013-05-01T19:55:10","guid":{"rendered":"http:\/\/www.dumitra.net\/blog\/?p=5986"},"modified":"2013-05-01T20:03:59","modified_gmt":"2013-05-01T20:03:59","slug":"1-mai-muncitoresc","status":"publish","type":"post","link":"https:\/\/www.dumitra.net\/blog\/?p=5986","title":{"rendered":"De 1 Mai muncitoresc, exerci\u021bii de gr\u0103tar"},"content":{"rendered":"<p><a href=\"https:\/\/www.dumitra.net\/blog\/wp-content\/fileStore\/2013\/05\/3.jpg\" target=\"_blank\"><img loading=\"lazy\" decoding=\"async\" class=\"size-medium wp-image-5987 alignright\" alt=\"3\" src=\"https:\/\/www.dumitra.net\/blog\/wp-content\/fileStore\/2013\/05\/3-300x199.jpg\" width=\"300\" height=\"199\" srcset=\"https:\/\/www.dumitra.net\/blog\/wp-content\/fileStore\/2013\/05\/3-300x199.jpg 300w, https:\/\/www.dumitra.net\/blog\/wp-content\/fileStore\/2013\/05\/3-600x399.jpg 600w, https:\/\/www.dumitra.net\/blog\/wp-content\/fileStore\/2013\/05\/3-624x415.jpg 624w, https:\/\/www.dumitra.net\/blog\/wp-content\/fileStore\/2013\/05\/3.jpg 800w\" sizes=\"auto, (max-width: 300px) 100vw, 300px\" \/><\/a><em><strong>\u201dPe unde ai umblat?\u201d<\/strong><\/em>, m\u0103 \u00eent\u00e2mpina mama furioas\u0103 c\u00e2nd \u00eent\u00e2rziam de la pia\u021b\u0103. C\u0103scam gura pe la tarabele din Pia\u021ba Mare, treceam pe la libr\u0103ria din col\u021b (aveam o v\u00e2nz\u0103toare care m\u0103 simpatiza &#8211; cotizam s\u0103pt\u0103m\u00e2nal) \u0219i abia apoi ajungeam acas\u0103. Sau se \u00eent\u00e2mpla s\u0103 m\u0103 trimit\u0103 dup\u0103 bor\u0219 c\u00e2teva str\u0103zi mai \u00eencolo \u0219i veneam dup\u0103 cel pu\u021bin o jum\u0103tate de or\u0103. Erau ni\u0219te gr\u0103dini\u021be cu \u201dgura leului\u201d, galbene. Treceam pe acolo, mai \u0219i rupeam una-dou\u0103 ca s\u0103 observ \u00eendeaproape c\u00e2t de tare \u00ee\u021bi casc\u0103 gurile &#8211; caz \u0219tiintific, cercetare de laborator &#8211; mai tr\u0103geam c\u00e2teva \u00eenghi\u021bituri de bor\u0219 \u0219i, \u00een final, ajungea<a href=\"https:\/\/www.dumitra.net\/blog\/wp-content\/fileStore\/2013\/05\/7.jpg\"><img loading=\"lazy\" decoding=\"async\" class=\"alignleft size-medium wp-image-5991\" alt=\"7\" src=\"https:\/\/www.dumitra.net\/blog\/wp-content\/fileStore\/2013\/05\/7-300x199.jpg\" width=\"300\" height=\"199\" srcset=\"https:\/\/www.dumitra.net\/blog\/wp-content\/fileStore\/2013\/05\/7-300x199.jpg 300w, https:\/\/www.dumitra.net\/blog\/wp-content\/fileStore\/2013\/05\/7-600x399.jpg 600w, https:\/\/www.dumitra.net\/blog\/wp-content\/fileStore\/2013\/05\/7-624x415.jpg 624w, https:\/\/www.dumitra.net\/blog\/wp-content\/fileStore\/2013\/05\/7.jpg 800w\" sizes=\"auto, (max-width: 300px) 100vw, 300px\" \/><\/a>m acas\u0103.<\/p>\n<p>Dup\u0103 o perioad\u0103 de absen\u021ba, voi, cei care a\u021bi deprins s\u0103 m\u0103 citi\u021bi constant, ave\u021bi toat\u0103 <em>c\u0103derea<\/em> s\u0103 m\u0103 \u00eentreba\u021bi precum mama odinioar\u0103: <em><strong>\u201dpe unde am umblat?\u201d<\/strong><\/em>. V\u0103 spun \u0219i vou\u0103 ce i-am r\u0103spuns unei prietene: \u201dm-am uitat \u00een pistilul florilor\u201d.<\/p>\n<p>Actul de a scrie este unul responsabil \u0219i mare <a href=\"https:\/\/www.dumitra.net\/blog\/wp-content\/fileStore\/2013\/05\/1.jpg\" target=\"_blank\"><img loading=\"lazy\" decoding=\"async\" class=\"size-medium wp-image-5992 alignright\" alt=\"1\" src=\"https:\/\/www.dumitra.net\/blog\/wp-content\/fileStore\/2013\/05\/1-300x199.jpg\" width=\"300\" height=\"199\" srcset=\"https:\/\/www.dumitra.net\/blog\/wp-content\/fileStore\/2013\/05\/1-300x199.jpg 300w, https:\/\/www.dumitra.net\/blog\/wp-content\/fileStore\/2013\/05\/1-600x399.jpg 600w, https:\/\/www.dumitra.net\/blog\/wp-content\/fileStore\/2013\/05\/1-624x415.jpg 624w, https:\/\/www.dumitra.net\/blog\/wp-content\/fileStore\/2013\/05\/1.jpg 800w\" sizes=\"auto, (max-width: 300px) 100vw, 300px\" \/><\/a>consumator de timp. Pentru mine, nefiind o activitate lucrativ\u0103, ci doar una de suflet, am nevoie ca din c\u00e2nd \u00een c\u00e2nd s\u0103 iau pu\u021bin\u0103 distan\u021b\u0103, av\u00e2nt, ca s\u0103 pot continua.<\/p>\n<p>\u00centre timp, am plantat copaci (au \u0219i \u00eenfrunzit deja), narcise, l\u0103cr\u0103mioare, tuf\u0103nele, mi-am privit copiii cum cresc \u0219i m-am minunat, am f\u0103cut mult sport \u0219i<a href=\"https:\/\/www.dumitra.net\/blog\/wp-content\/fileStore\/2013\/05\/5.jpg\"><img loading=\"lazy\" decoding=\"async\" class=\"alignleft size-medium wp-image-5997\" alt=\"5\" src=\"https:\/\/www.dumitra.net\/blog\/wp-content\/fileStore\/2013\/05\/5-300x199.jpg\" width=\"300\" height=\"199\" srcset=\"https:\/\/www.dumitra.net\/blog\/wp-content\/fileStore\/2013\/05\/5-300x199.jpg 300w, https:\/\/www.dumitra.net\/blog\/wp-content\/fileStore\/2013\/05\/5-600x399.jpg 600w, https:\/\/www.dumitra.net\/blog\/wp-content\/fileStore\/2013\/05\/5-624x415.jpg 624w, https:\/\/www.dumitra.net\/blog\/wp-content\/fileStore\/2013\/05\/5.jpg 800w\" sizes=\"auto, (max-width: 300px) 100vw, 300px\" \/><\/a> am s\u0103rb\u0103torit 1 Mai muncitoresc tot cu&#8230; sport (un fel de munc\u0103 pentru unii), spanac \u0219i plantat de trandafiri. Ceea ce v\u0103 doresc \u0219i vou\u0103.<\/p>\n<p><a href=\"https:\/\/www.dumitra.net\/blog\/wp-content\/fileStore\/2013\/05\/2.jpg\" target=\"_blank\"><img loading=\"lazy\" decoding=\"async\" class=\"size-medium wp-image-5998 alignright\" alt=\"2\" src=\"https:\/\/www.dumitra.net\/blog\/wp-content\/fileStore\/2013\/05\/2-217x300.jpg\" width=\"217\" height=\"300\" srcset=\"https:\/\/www.dumitra.net\/blog\/wp-content\/fileStore\/2013\/05\/2-217x300.jpg 217w, https:\/\/www.dumitra.net\/blog\/wp-content\/fileStore\/2013\/05\/2-743x1024.jpg 743w, https:\/\/www.dumitra.net\/blog\/wp-content\/fileStore\/2013\/05\/2-600x826.jpg 600w, https:\/\/www.dumitra.net\/blog\/wp-content\/fileStore\/2013\/05\/2-624x859.jpg 624w, https:\/\/www.dumitra.net\/blog\/wp-content\/fileStore\/2013\/05\/2.jpg 800w\" sizes=\"auto, (max-width: 217px) 100vw, 217px\" \/><\/a><\/p>\n<p>\u00cen foto, c\u00e2teva idei de exerci\u021bii pe care le pute\u021bi face la iarb\u0103 verde, \u00een timp ce mititeii sf\u00e2r\u00e2ie pe gr\u0103tar&#8230;.. \u00cen loc de gantere, sticle de bere&#8230;.\u00a0 \ud83d\ude09 N-am zis cu bere.\u00a0 \ud83d\ude09<\/p>\n<p>&nbsp;<\/p>\n","protected":false},"excerpt":{"rendered":"<p>\u201dPe unde ai umblat?\u201d, m\u0103 \u00eent\u00e2mpina mama furioas\u0103 c\u00e2nd \u00eent\u00e2rziam de la pia\u021b\u0103. C\u0103scam gura pe la tarabele din Pia\u021ba Mare, treceam pe la libr\u0103ria din col\u021b (aveam o v\u00e2nz\u0103toare care m\u0103 simpatiza &#8211;&#46;&#46;&#46;<\/p>\n","protected":false},"author":1,"featured_media":0,"comment_status":"open","ping_status":"closed","sticky":false,"template":"","format":"standard","meta":{"ngg_post_thumbnail":0,"footnotes":""},"categories":[1],"tags":[391],"class_list":["post-5986","post","type-post","status-publish","format-standard","hentry","category-sport","tag-exercitii-pe-iarba-foto"],"_links":{"self":[{"href":"https:\/\/www.dumitra.net\/blog\/index.php?rest_route=\/wp\/v2\/posts\/5986","targetHints":{"allow":["GET"]}}],"collection":[{"href":"https:\/\/www.dumitra.net\/blog\/index.php?rest_route=\/wp\/v2\/posts"}],"about":[{"href":"https:\/\/www.dumitra.net\/blog\/index.php?rest_route=\/wp\/v2\/types\/post"}],"author":[{"embeddable":true,"href":"https:\/\/www.dumitra.net\/blog\/index.php?rest_route=\/wp\/v2\/users\/1"}],"replies":[{"embeddable":true,"href":"https:\/\/www.dumitra.net\/blog\/index.php?rest_route=%2Fwp%2Fv2%2Fcomments&post=5986"}],"version-history":[{"count":20,"href":"https:\/\/www.dumitra.net\/blog\/index.php?rest_route=\/wp\/v2\/posts\/5986\/revisions"}],"predecessor-version":[{"id":6012,"href":"https:\/\/www.dumitra.net\/blog\/index.php?rest_route=\/wp\/v2\/posts\/5986\/revisions\/6012"}],"wp:attachment":[{"href":"https:\/\/www.dumitra.net\/blog\/index.php?rest_route=%2Fwp%2Fv2%2Fmedia&parent=5986"}],"wp:term":[{"taxonomy":"category","embeddable":true,"href":"https:\/\/www.dumitra.net\/blog\/index.php?rest_route=%2Fwp%2Fv2%2Fcategories&post=5986"},{"taxonomy":"post_tag","embeddable":true,"href":"https:\/\/www.dumitra.net\/blog\/index.php?rest_route=%2Fwp%2Fv2%2Ftags&post=5986"}],"curies":[{"name":"wp","href":"https:\/\/api.w.org\/{rel}","templated":true}]}}