{"id":5839,"date":"2013-04-04T09:45:16","date_gmt":"2013-04-04T09:45:16","guid":{"rendered":"http:\/\/www.dumitra.net\/blog\/?p=5839"},"modified":"2013-04-04T10:31:20","modified_gmt":"2013-04-04T10:31:20","slug":"dana-beltechi-o-instructoare-manager-de-nota-40","status":"publish","type":"post","link":"https:\/\/www.dumitra.net\/blog\/?p=5839","title":{"rendered":"Dana Beltechi, o instructoare-manager de nota 40"},"content":{"rendered":"<p>De cum p\u0103\u0219e\u0219ti \u00een vila cochet\u0103, cu ferestre mari, amenajat\u0103 ca un complex de sport pe 4 nivele, \u00ee\u021bi spui c\u0103 <strong>Dana Beltechi (40 de ani anul acesta), instructor de fitness \u0219i de\u021bin\u0103toarea acestei afaceri, este o femeie norocoas\u0103.<\/strong> Ajung\u00e2nd s\u0103 stai de vorb\u0103 cu ea, realizezi pe deplin c\u0103 sintagma \u201dnorocul \u0219i-l face omul cu m\u00e2na lui\u201d este perfect adev\u0103rat\u0103 \u00een cazul Danei.<\/p>\n<p>Mi-am dorit s\u0103 o \u00eent\u00e2lnesc pe Dana Beltechi, al\u0103turi de alte dou\u0103 instructoare de fitness &#8211; al c\u0103ror numitor <a href=\"https:\/\/www.dumitra.net\/blog\/wp-content\/fileStore\/2013\/04\/21.jpg\" target=\"_blank\"><img loading=\"lazy\" decoding=\"async\" class=\"alignright size-medium wp-image-5914\" alt=\"2\" src=\"https:\/\/www.dumitra.net\/blog\/wp-content\/fileStore\/2013\/04\/21-300x199.jpg\" width=\"300\" height=\"199\" srcset=\"https:\/\/www.dumitra.net\/blog\/wp-content\/fileStore\/2013\/04\/21-300x199.jpg 300w, https:\/\/www.dumitra.net\/blog\/wp-content\/fileStore\/2013\/04\/21-600x399.jpg 600w, https:\/\/www.dumitra.net\/blog\/wp-content\/fileStore\/2013\/04\/21-624x415.jpg 624w, https:\/\/www.dumitra.net\/blog\/wp-content\/fileStore\/2013\/04\/21.jpg 800w\" sizes=\"auto, (max-width: 300px) 100vw, 300px\" \/><\/a>comun este v\u00e2rsta (40 de ani) \u0219i pasiunea pentru sport, pentru a ilustra ideea c\u0103 ceea ce conteaz\u0103 cu adev\u0103rat, \u0219i \u00een aceast\u0103 meserie, este v\u00e2rsta psihologic\u0103 \u0219i c\u0103 singurele bariere sunt chiar propriile noastre limit\u0103ri.<\/p>\n<p>Dialogul cu Dana l-am \u00eenceput abrupt, \u00eentreb\u00e2nd-o cum se simte ca instructor o femeie de aproape 40 de ani, f\u0103r\u0103 un background sportiv de \u00eenalt\u0103 performan\u021b\u0103. Mi-a r\u0103spuns senin\u0103 \u0219i f\u0103r\u0103 ezitare:<strong> \u201dNu m\u0103 dau la schimb pentru nimeni altcineva mai t\u00e2n\u0103r, iar satisfac\u021bia pe care o am \u00een sal\u0103, este de neegalat\u201d.\u00a0 <\/strong><\/p>\n<p>Absolvent\u0103 de ASE, Dana \u0219i-a \u00eenceput cariera \u00een marketing \u0219i, dup\u0103 cum \u00eemi spunea, n-a stat locului niciodat\u0103. Faptul c\u0103 la 23 de ani era deja mam\u0103, nu a \u00eempiedicat-o s\u0103-\u0219i doreasc\u0103 \u0219i chiar s\u0103 reu\u0219easc\u0103 trei ani mai t\u00e2rziu punerea pe picioare a propriei afaceri.<\/p>\n<p><strong>\u201dNimic nu este \u00eent\u00e2mpl\u0103tor \u00een via\u021b\u0103\u201d<\/strong><\/p>\n<p><strong>\u201dAm \u00eenceput cu o sal\u0103 de sport mic\u0103 \u0219i doi angaja\u021bi. M\u0103 trezeam diminea\u021ba la 5, f\u0103ceam curat, apoi eram la recep\u021bie, c\u0103ram aduceam diverse cu tramvaiul pentru c\u0103 nu aveam permis de conducere la vremea respectiv\u0103\u201d<\/strong>, spune Dana. \u0218i pentru c\u0103 <strong>\u201dnimic nu este \u00eent\u00e2mpl\u0103tor \u00een via\u021b\u0103\u201d<\/strong>, faptul c\u0103 la un moment dat i s-a \u00eemboln\u0103vit instructorul, avea s\u0103-i deschid\u0103 por\u021bile unei lumi \u00een care, de\u0219i a p\u0103\u0219it cu temeri \u0219i emo\u021bii, Dana Beltechi are un cuv\u00e2nt greu de spus.<\/p>\n<p><strong><a href=\"https:\/\/www.dumitra.net\/blog\/wp-content\/fileStore\/2013\/04\/41.jpg\" target=\"_blank\"><img loading=\"lazy\" decoding=\"async\" class=\"alignleft size-medium wp-image-5915\" alt=\"4\" src=\"https:\/\/www.dumitra.net\/blog\/wp-content\/fileStore\/2013\/04\/41-300x199.jpg\" width=\"300\" height=\"199\" srcset=\"https:\/\/www.dumitra.net\/blog\/wp-content\/fileStore\/2013\/04\/41-300x199.jpg 300w, https:\/\/www.dumitra.net\/blog\/wp-content\/fileStore\/2013\/04\/41-600x399.jpg 600w, https:\/\/www.dumitra.net\/blog\/wp-content\/fileStore\/2013\/04\/41-624x415.jpg 624w, https:\/\/www.dumitra.net\/blog\/wp-content\/fileStore\/2013\/04\/41.jpg 800w\" sizes=\"auto, (max-width: 300px) 100vw, 300px\" \/><\/a>\u201dUnde s\u0103 caut instructor? Pe atunci nu existau baze de date ca acum, industia de fitness din Rom\u00e2nia era tare firav\u0103. Eu f\u0103cusem cu unchiul meu mul\u021bi ani arte mar\u021biale, dup\u0103 na\u0219tere \u0219i p\u00e2n\u0103 s\u0103 pun pe roate afacerea mergeam la o sal\u0103 de sport&#8230;. Ce era s\u0103 fac? A\u0219a c\u0103 am \u021binut eu orele \u0219i mi-a pl\u0103cut foarte mult\u201d<\/strong>, poveste\u0219te amuzat\u0103 de momentele care au \u00eempins-o pe un nou drum. Se pare c\u0103 nu doar Danei Beltechi i-a pl\u0103cut, ci \u0219i clientelor. C\u00e2teva le p\u0103streaz\u0103 \u0219i acum.<\/p>\n<p>Urm\u00e2ndu-\u0219i instinctul \u00een care crede cu t\u0103rie, dar \u0219i dorin\u021ba de a face \u0219i \u00eenv\u0103\u021ba mai mult, Dana a absolvit \u0219i cursurile de instructor de fitness organizate de c\u0103tre Federa\u021bia Rom\u00e2n\u0103 Sportul pentru To\u021bi. \u201dN-aveam nici o zi liber\u0103\u201d. \u00centre timp afacerea a mai crescut, la fel \u0219i personalul. A deschis o sal\u0103 de fitness mai mare, dar care nu avea posibilitatea amenaj\u0103rii, \u00een plus, a unei s\u0103li de aerobic. A\u0219a c\u0103, de\u0219i era propriul s\u0103u \u0219ef, Dana s-a angajat la o sal\u0103 pred\u00e2nd aerobic. \u0218i-a dorit s\u0103 aib\u0103 propria sal\u0103 de sport, iar lucrul acesta s-a \u00eent\u00e2mplat.<\/p>\n<p><strong>Ai grij\u0103 ce-\u021bi dore\u0219ti c\u0103ci \u021bi se poate \u00eent\u00e2mpla<\/strong><\/p>\n<p>A\u0219a e, \u201dc\u00e2nd \u00ee\u021bi dore\u0219ti cu adev\u0103rat, se \u0219i \u00eent\u00e2mpl\u0103\u201d, continu\u0103 interlocutoarea mea. \u0218i dac\u0103 aparent pare o <a href=\"https:\/\/www.dumitra.net\/blog\/wp-content\/fileStore\/2013\/04\/12.jpg\" target=\"_blank\"><img loading=\"lazy\" decoding=\"async\" class=\"alignright size-medium wp-image-5917\" alt=\"1\" src=\"https:\/\/www.dumitra.net\/blog\/wp-content\/fileStore\/2013\/04\/12-300x281.jpg\" width=\"300\" height=\"281\" srcset=\"https:\/\/www.dumitra.net\/blog\/wp-content\/fileStore\/2013\/04\/12-300x281.jpg 300w, https:\/\/www.dumitra.net\/blog\/wp-content\/fileStore\/2013\/04\/12-600x562.jpg 600w, https:\/\/www.dumitra.net\/blog\/wp-content\/fileStore\/2013\/04\/12-624x585.jpg 624w, https:\/\/www.dumitra.net\/blog\/wp-content\/fileStore\/2013\/04\/12.jpg 800w\" sizes=\"auto, (max-width: 300px) 100vw, 300px\" \/><\/a>situa\u021bie insurmontabil\u0103, pe parcurs \u00ee\u021bi dai seama c\u0103, de fapt, e doar o alt\u0103 etap\u0103 de str\u0103b\u0103tut pe drumul t\u0103u &#8211; ACELA. Z\u00e2mbetul \u00eei precede din nou dep\u0103narea momentelor de atunci: \u201d\u0218i-mi pleac\u0103 maseuza&#8230;. Aveam cuno\u0219tin\u021be de masaj&#8230;&#8230;Am f\u0103cut \u0219i masaj. Cu banii aduna\u021bi exclusiv din masaj, mi-am deschis o sal\u0103 de aerobic. Era mic\u0103, dar mare pentru mine\u201d.<\/p>\n<p>La vremea c\u00e2nd Dana \u00ee\u0219i vedea cu ochii visul de a avea o sal\u0103 de aerobic, domeniul fitness-ului din Rom\u00e2nia <a href=\"https:\/\/www.dumitra.net\/blog\/wp-content\/fileStore\/2013\/04\/31.jpg\" target=\"_blank\"><img loading=\"lazy\" decoding=\"async\" class=\"alignleft size-medium wp-image-5916\" alt=\"3\" src=\"https:\/\/www.dumitra.net\/blog\/wp-content\/fileStore\/2013\/04\/31-300x199.jpg\" width=\"300\" height=\"199\" srcset=\"https:\/\/www.dumitra.net\/blog\/wp-content\/fileStore\/2013\/04\/31-300x199.jpg 300w, https:\/\/www.dumitra.net\/blog\/wp-content\/fileStore\/2013\/04\/31-600x399.jpg 600w, https:\/\/www.dumitra.net\/blog\/wp-content\/fileStore\/2013\/04\/31-624x415.jpg 624w, https:\/\/www.dumitra.net\/blog\/wp-content\/fileStore\/2013\/04\/31.jpg 800w\" sizes=\"auto, (max-width: 300px) 100vw, 300px\" \/><\/a>era \u00eenc\u0103 departe de ce se \u00eent\u00e2mpla \u00een alte \u021b\u0103ri.\u201d<strong>Mergeam \u00een Ungaria,<\/strong> poveste\u0219te Dana,<strong> \u0219i vedeam la Conven\u021biile de fitness c\u00e2te o mie de oameni \u00eentr-o sal\u0103. Mi se p\u0103rea ceva incredibil.\u201d<\/strong><\/p>\n<p>Ast\u0103zi, incredibilul \u00eencepe s\u0103 devin\u0103 mai credibil. Dana este \u0219i ea unul dintre instructorii-prezentatori invita\u021bi la Conven\u021biile de fitness din Rom\u00e2nia organizate de Fitness Scandinavia \u0219i administreaz\u0103 un complex sportiv \u00een care 2 s\u0103li mari de aerobic sunt reginele. \u201dLoca\u021bia \u00een care suntem acum am v\u0103zut-o de c\u00e2nd i se turna funda\u021bia, are 1 700\u00a0de metri p\u0103tra\u021bi\u201d, \u00eemi m\u0103rturise\u0219te Dana \u00een timp ce-mi face turul cl\u0103dirii.<\/p>\n<p>La cei 40 de ani ai s\u0103i, Dana Beltechi se poate m\u00e2ndri cu munca ei. Pe l\u00e2ng\u0103 activit\u0103\u021bile de administrare,\u00a0 marketing, promovare, Dana Beltechi are 6 ore pe s\u0103pt\u0103m\u00e2n\u0103 ca instructor. \u00centre timp, nu uit\u0103 s\u0103 fie mam\u0103, dar \u0219i s\u0103 acorde aten\u021bie celor 30 de angaja\u021bi pe care \u00eei are acum.<\/p>\n<p>\u00centreb\u00e2nd-o dac\u0103 ceea ce face nu este prea mult, Dana \u00eemi r\u0103spunde dup\u0103 c\u00e2teva clipe de g\u00e2ndire: <strong>\u201d<strong>\u00cen meseria asta nu trebuie s\u0103 spui niciodat\u0103 gata. Dac\u0103 vreau \u0219i cred c\u0103 trebuie s\u0103 fac un anume lucru, chiar \u00eel fac.\u201d <\/strong><\/strong><a href=\"https:\/\/www.dumitra.net\/blog\/wp-content\/fileStore\/2013\/04\/5.jpg\" target=\"_blank\"><img loading=\"lazy\" decoding=\"async\" class=\"alignright size-medium wp-image-5918\" alt=\"5\" src=\"https:\/\/www.dumitra.net\/blog\/wp-content\/fileStore\/2013\/04\/5-300x199.jpg\" width=\"300\" height=\"199\" srcset=\"https:\/\/www.dumitra.net\/blog\/wp-content\/fileStore\/2013\/04\/5-300x199.jpg 300w, https:\/\/www.dumitra.net\/blog\/wp-content\/fileStore\/2013\/04\/5-600x399.jpg 600w, https:\/\/www.dumitra.net\/blog\/wp-content\/fileStore\/2013\/04\/5-624x415.jpg 624w, https:\/\/www.dumitra.net\/blog\/wp-content\/fileStore\/2013\/04\/5.jpg 800w\" sizes=\"auto, (max-width: 300px) 100vw, 300px\" \/><\/a><\/p>\n<p>\u00cen ziua \u00een care am stat de vorb\u0103 cu una dintre cele mai cunoscute \u0219i apreciate instructoare din fitness-ul rom\u00e2nesc, era senin, iar soarele nu se zg\u00e2rcise cu noi, cum face ast\u0103zi c\u00e2nd eu aniversez 40 de ani. Dana Beltechi mi-a oferit nu doar o lec\u021bie de sinceritate, dar \u0219i una de voin\u021b\u0103 pe care, f\u0103r\u0103 \u00eendoial\u0103, le d\u0103ruie\u0219te \u0219i clien\u021bilor care ajung la Lotus Sport, o afacere sut\u0103 la sut\u0103 rom\u00e2neasc\u0103, condus\u0103 de o femeie de nota 40 cu felicit\u0103ri.<\/p>\n<p><em>Referin\u021be:<\/em><br \/>\n<em><\/em><a title=\"Lotus sport\" href=\"http:\/\/www.lotussport.ro\/\" target=\"_blank\">www.lotussport.ro<\/a><\/p>\n","protected":false},"excerpt":{"rendered":"<p>De cum p\u0103\u0219e\u0219ti \u00een vila cochet\u0103, cu ferestre mari, amenajat\u0103 ca un complex de sport pe 4 nivele, \u00ee\u021bi spui c\u0103 Dana Beltechi (40 de ani anul acesta), instructor de fitness \u0219i de\u021bin\u0103toarea acestei&#46;&#46;&#46;<\/p>\n","protected":false},"author":1,"featured_media":0,"comment_status":"open","ping_status":"closed","sticky":false,"template":"","format":"standard","meta":{"ngg_post_thumbnail":0,"footnotes":""},"categories":[1],"tags":[387,388],"class_list":["post-5839","post","type-post","status-publish","format-standard","hentry","category-sport","tag-dana-beltechi-instructor-fitness","tag-lotus-sport"],"_links":{"self":[{"href":"https:\/\/www.dumitra.net\/blog\/index.php?rest_route=\/wp\/v2\/posts\/5839","targetHints":{"allow":["GET"]}}],"collection":[{"href":"https:\/\/www.dumitra.net\/blog\/index.php?rest_route=\/wp\/v2\/posts"}],"about":[{"href":"https:\/\/www.dumitra.net\/blog\/index.php?rest_route=\/wp\/v2\/types\/post"}],"author":[{"embeddable":true,"href":"https:\/\/www.dumitra.net\/blog\/index.php?rest_route=\/wp\/v2\/users\/1"}],"replies":[{"embeddable":true,"href":"https:\/\/www.dumitra.net\/blog\/index.php?rest_route=%2Fwp%2Fv2%2Fcomments&post=5839"}],"version-history":[{"count":30,"href":"https:\/\/www.dumitra.net\/blog\/index.php?rest_route=\/wp\/v2\/posts\/5839\/revisions"}],"predecessor-version":[{"id":5925,"href":"https:\/\/www.dumitra.net\/blog\/index.php?rest_route=\/wp\/v2\/posts\/5839\/revisions\/5925"}],"wp:attachment":[{"href":"https:\/\/www.dumitra.net\/blog\/index.php?rest_route=%2Fwp%2Fv2%2Fmedia&parent=5839"}],"wp:term":[{"taxonomy":"category","embeddable":true,"href":"https:\/\/www.dumitra.net\/blog\/index.php?rest_route=%2Fwp%2Fv2%2Fcategories&post=5839"},{"taxonomy":"post_tag","embeddable":true,"href":"https:\/\/www.dumitra.net\/blog\/index.php?rest_route=%2Fwp%2Fv2%2Ftags&post=5839"}],"curies":[{"name":"wp","href":"https:\/\/api.w.org\/{rel}","templated":true}]}}