{"id":5358,"date":"2013-03-07T10:09:22","date_gmt":"2013-03-07T10:09:22","guid":{"rendered":"http:\/\/www.dumitra.net\/blog\/?p=5358"},"modified":"2013-03-15T11:36:08","modified_gmt":"2013-03-15T11:36:08","slug":"fata-mea-este-model","status":"publish","type":"post","link":"https:\/\/www.dumitra.net\/blog\/?p=5358","title":{"rendered":"KARATE: Maria \u00eenva\u021b\u0103 s\u0103 fie fulgerul bl\u00e2nd"},"content":{"rendered":"<p><em><strong><a href=\"https:\/\/www.dumitra.net\/blog\/wp-content\/fileStore\/2013\/03\/Centura-alba-Maria04.jpg\" target=\"_blank\"><img loading=\"lazy\" decoding=\"async\" class=\"alignleft size-medium wp-image-5368\" alt=\"Centura alba Maria04\" src=\"https:\/\/www.dumitra.net\/blog\/wp-content\/fileStore\/2013\/03\/Centura-alba-Maria04-300x177.jpg\" width=\"300\" height=\"177\" srcset=\"https:\/\/www.dumitra.net\/blog\/wp-content\/fileStore\/2013\/03\/Centura-alba-Maria04-300x177.jpg 300w, https:\/\/www.dumitra.net\/blog\/wp-content\/fileStore\/2013\/03\/Centura-alba-Maria04-624x368.jpg 624w, https:\/\/www.dumitra.net\/blog\/wp-content\/fileStore\/2013\/03\/Centura-alba-Maria04.jpg 800w\" sizes=\"auto, (max-width: 300px) 100vw, 300px\" \/><\/a>\u201cTotul in univers respir\u0103 \u00een afar\u0103 putere, iar in interior bl\u00e2nde\u021be\u201d <\/strong><\/em><\/p>\n<p>\u201dDup\u0103 ce Dumnezeu \u00eel ferici cu trei fiice una dup\u0103 alta, veni \u0219i r\u00e2ndul b\u0103iatului s\u0103 \u00eemplineasc\u0103 a\u0219teptarea tat\u0103lui. \u0218i-l crescu cu m\u00e2ndria c\u0103 Pr\u00e2slea cel voinic ca altul nu-i, \u0219i-l purt\u0103 de colo-colo dup\u0103 el, \u0219i-l introduse de mic \u00een tainele<span style=\"text-decoration: underline;\"><strong><em> universului care respir\u0103 \u00een afar\u0103 putere<\/em><\/strong>.<\/span><\/p>\n<p>B\u0103iatul de 3 ani \u0219i tat\u0103l lui erau cei mai \u00eenfoca\u021bi participan\u021bi la galele de box din ora\u0219. Iar c\u00e2nd b\u0103iatul desen\u0103 cu mult talent un boxeur, tat\u0103l v\u0103zu \u00een aceasta semnul c\u0103 pu\u0219tiul trebuia s\u0103 urmeze o carier\u0103 \u00een box. De atunci, tat\u0103l \u00ee\u0219i canaliz\u0103 toate eforturile ca b\u0103iatul lui s\u0103 ajung\u0103 mare boxeur, f\u0103r\u0103 s\u0103 se \u00eengrijeasc\u0103 s\u0103-i modeleze acestuia \u0219i interiorul; el \u00eentelese c\u0103 m\u00e2nia e \u0219coala cea mai bun\u0103. C\u00e2nd, peste aproape 20 de ani, talentul la desen al b\u0103iatului, devenit brusc b\u0103rbat, se manifest\u0103 clar ca lumina zilei, trenul n-a mai putut fi prins, plecase. Boxeur mare n-a ajuns, dar ar fi putut deveni un desenator talentat, dac\u0103 tat\u0103l s\u0103u ar fi v\u0103zut la timp ceea ce trebuia \u0219i dac\u0103 ar fi avut grij\u0103 s\u0103-i s\u0103deasc\u0103 acestuia mai mult\u0103 <span style=\"text-decoration: underline;\"><em><strong>bl\u00e2nde\u021be la interior.<\/strong><\/em><\/span>\u201d<!--more--><\/p>\n<p><a href=\"https:\/\/www.dumitra.net\/blog\/wp-content\/fileStore\/2013\/03\/Centura-alba-Maria15.jpg\" target=\"_blank\"><img loading=\"lazy\" decoding=\"async\" class=\"alignright size-medium wp-image-5369\" alt=\"Centura alba Maria15\" src=\"https:\/\/www.dumitra.net\/blog\/wp-content\/fileStore\/2013\/03\/Centura-alba-Maria15-200x300.jpg\" width=\"200\" height=\"300\" srcset=\"https:\/\/www.dumitra.net\/blog\/wp-content\/fileStore\/2013\/03\/Centura-alba-Maria15-200x300.jpg 200w, https:\/\/www.dumitra.net\/blog\/wp-content\/fileStore\/2013\/03\/Centura-alba-Maria15-682x1024.jpg 682w, https:\/\/www.dumitra.net\/blog\/wp-content\/fileStore\/2013\/03\/Centura-alba-Maria15-624x936.jpg 624w, https:\/\/www.dumitra.net\/blog\/wp-content\/fileStore\/2013\/03\/Centura-alba-Maria15.jpg 800w\" sizes=\"auto, (max-width: 200px) 100vw, 200px\" \/><\/a>Am folosit aceast\u0103 parabol\u0103 ca s\u0103 introduc faptul c\u0103 Maria, fata mea, a trecut cu bine \u0219i cu emo\u021bii mari primul examen de centura alb\u0103 la <strong>Karate Goju-Ryu<\/strong>. A fost exclusiv dorin\u021ba ei de a urma acest sport, f\u0103r\u0103 nici cel mai mic impuls din partea familiei, continu\u00e2nd \u00een paralel activit\u0103\u021bile de baschet, englez\u0103 \u0219i preg\u0103tire intensiv\u0103 pentru concursurile de matematic\u0103, rom\u00e2n\u0103, cuno\u0219tin\u021be generale. \u00cen acela\u0219i timp, Maria este pasionat\u0103 de pictu\u0103 \u0219i desen, urm\u00e2nd vreme de doi ani cursuri de pictur\u0103.<\/p>\n<p>Asear\u0103, am avut impresia c\u0103 sunt la cinematograf, urm\u0103rind un film japonez bun, \u00een care disciplina, respectul fa\u021b\u0103 de maestru \u0219i fa\u021b\u0103 de ceilal\u021bi, for\u021ba bine controlat\u0103 \u0219i bine dirijat\u0103, agilitatea sunt valorile cele mai de pre\u021b. De la copila\u0219i de 4 ani, p\u00e2n\u0103 la elevi mai mari, to\u021bi au respirat \u00eentr-un singur <em>\u0219uierat<\/em>, to\u021bi s-au mi\u0219cat ca o trup\u0103 de elita: serio\u0219i, disciplina\u021bi, aten\u021bi, talenta\u021bi. A fost pentru mine (cred c\u0103 \u0219i pentru ei, Maria spun\u00e2ndu-mi c\u0103 a fost una dintre cele mai frumoase zile) nu doar un film bun, ci \u0219i o lec\u021bie de via\u021ba, de respect pentru cel\u0103lalt.<\/p>\n<p><strong><a href=\"https:\/\/www.dumitra.net\/blog\/wp-content\/fileStore\/2013\/03\/Centura-alba-Maria11.jpg\" target=\"_blank\"><img loading=\"lazy\" decoding=\"async\" class=\"alignleft size-medium wp-image-5370\" alt=\"Centura alba Maria11\" src=\"https:\/\/www.dumitra.net\/blog\/wp-content\/fileStore\/2013\/03\/Centura-alba-Maria11-300x221.jpg\" width=\"300\" height=\"221\" srcset=\"https:\/\/www.dumitra.net\/blog\/wp-content\/fileStore\/2013\/03\/Centura-alba-Maria11-300x221.jpg 300w, https:\/\/www.dumitra.net\/blog\/wp-content\/fileStore\/2013\/03\/Centura-alba-Maria11-624x460.jpg 624w, https:\/\/www.dumitra.net\/blog\/wp-content\/fileStore\/2013\/03\/Centura-alba-Maria11.jpg 800w\" sizes=\"auto, (max-width: 300px) 100vw, 300px\" \/><\/a>Sensei Cristian Bogz\u0103, 7 dan Karate Goju-ryu<\/strong>, le spunea asear\u0103 copiilor, la decernarea diplomelor, c\u0103 <strong>\u201dmunca lor este \u0219coala \u0219i sportul\u201d<\/strong>. \u00centr-adev\u0103r educa\u021bia \u0219i sportul creeaz\u0103 nu doar oameni bine preg\u0103ti\u021bi \u00eentr-un domeniu sau altul, dar \u0219i caractere. Cu c\u00e2t\u0103 emo\u021bie \u0219i seriozitate \u0219i-au luat copiii munca \u00een serios!<\/p>\n<p>Am plecat din sal\u0103 cu imaginea unui pu\u0219ti care, vizibil emo\u021bionat, \u0219i-a uitat o bucat\u0103 din exerci\u021biu. <strong>\u0218i-a acoperit ochii cu palmele \u0219i nu i-a mai descoperit p\u00e2n\u0103 la terminarea concursului.<\/strong> Nu \u0219tiu dac\u0103 a pl\u00e2ns, dar cred c\u0103 a fost cople\u0219it de ru\u0219inea, poate neputin\u021ba, de a nu se fi ridicat la nivelul pentru care se preg\u0103tise. Reac\u021bia lui m-a \u00eenduio\u0219at, pentru c\u0103 \u0219tiu de la Maria c\u00e2t de mult au muncit pentru acest examen, dar m-a \u0219i bucurat \u00eentr-un anume fel. N-a r\u00e2s de \u201disprava\u201d lui, n-a privit sfid\u0103tor spre juriu, n-a f\u0103cut giumbu\u0219lucuri ca <a href=\"https:\/\/www.dumitra.net\/blog\/wp-content\/fileStore\/2013\/03\/Centura-alba-Maria05.jpg\" target=\"_blank\"><img loading=\"lazy\" decoding=\"async\" class=\"alignright size-medium wp-image-5371\" alt=\"Centura alba Maria05\" src=\"https:\/\/www.dumitra.net\/blog\/wp-content\/fileStore\/2013\/03\/Centura-alba-Maria05-300x199.jpg\" width=\"300\" height=\"199\" srcset=\"https:\/\/www.dumitra.net\/blog\/wp-content\/fileStore\/2013\/03\/Centura-alba-Maria05-300x199.jpg 300w, https:\/\/www.dumitra.net\/blog\/wp-content\/fileStore\/2013\/03\/Centura-alba-Maria05-624x415.jpg 624w, https:\/\/www.dumitra.net\/blog\/wp-content\/fileStore\/2013\/03\/Centura-alba-Maria05.jpg 800w\" sizes=\"auto, (max-width: 300px) 100vw, 300px\" \/><\/a>s\u0103 distrag\u0103 asisten\u021ba. \u0218i-a consumat singur \u0219i nem\u00e2ng\u00e2iat gre\u0219eala, acoperit \u00een \u201dt\u0103cere\u201d, cu umilin\u021b\u0103. Eu i-a\u0219 fi dat o diploma de \u201dcel mai frumos gest\u201d. Asta \u00eenseamn\u0103 un caracter \u00een formare, asta ar trebui s\u0103 d\u0103ruiasc\u0103 sportul copiilor: disciplin\u0103, caracter, personalitate, respect, competitivitate \u00een sensul fairplay, echilibru, s\u0103n\u0103tate etc.<\/p>\n<p>Revenind la parabola de \u00eenceput, nu \u0219tiu ce va dori Maria s\u0103 fac\u0103 pe viitor, dar eu, ca p\u0103rinte, sunt obligat\u0103 s\u0103-i deschid c\u00e2t mai multe piste \u0219i perspective pe care, mai t\u00e2rziu, s\u0103-\u0219i aleag\u0103 <a href=\"https:\/\/www.dumitra.net\/blog\/wp-content\/fileStore\/2013\/03\/Centura-alba-Maria06.jpg\" target=\"_blank\"><img loading=\"lazy\" decoding=\"async\" class=\"alignleft size-medium wp-image-5372\" alt=\"Centura alba Maria06\" src=\"https:\/\/www.dumitra.net\/blog\/wp-content\/fileStore\/2013\/03\/Centura-alba-Maria06-277x300.jpg\" width=\"277\" height=\"300\" srcset=\"https:\/\/www.dumitra.net\/blog\/wp-content\/fileStore\/2013\/03\/Centura-alba-Maria06-277x300.jpg 277w, https:\/\/www.dumitra.net\/blog\/wp-content\/fileStore\/2013\/03\/Centura-alba-Maria06-624x675.jpg 624w, https:\/\/www.dumitra.net\/blog\/wp-content\/fileStore\/2013\/03\/Centura-alba-Maria06.jpg 800w\" sizes=\"auto, (max-width: 277px) 100vw, 277px\" \/><\/a>singur\u0103 s\u0103 mearg\u0103. Pentru c\u0103 via\u021ba se dovede\u0219te uneori ironic\u0103 \u0219i e bine s\u0103 fii preg\u0103tit s\u0103 \u201dripostezi\u201d cu c\u00e2t mai multe atuuri.<\/p>\n<p><strong>Despre Karate Goju-Ryu<\/strong><\/p>\n<p><strong><strong>Karate<\/strong> Goju-Ryu\u00a0<\/strong> este o disciplin\u0103 de autoap\u0103rare originar\u0103 din China, dezvoltat\u0103 \u0219i rafinat\u0103 ulterior \u00een Japonia. Sportul acesta poate modela o persoan\u0103 nu doar fizic, ci \u0219i psihic, emo\u021bional.<\/p>\n<p><strong>Chojun Miyagi, \u00eentemeietorul acestei discipline<\/strong> \u00een\u021belegea prin stilul <strong>Goju-Ryu<\/strong> &#8211; combina\u021bie de tehnici hard \u0219i soft &#8211; \u00eembinarea armonioas\u0103 a for\u021bei cu suple\u021bea, a asprimii cu bl\u0103nde\u021bea. <em><strong>\u201c Totul in univers respir\u0103 \u00een afar\u0103 putere, iar in interior bl\u00e2nde\u021be\u201d, spunea el.<\/strong><\/em><\/p>\n<p>\u00cen Karate fiecare mu\u0219chi din corp este folosit, antrenamentul ajut\u00e2nd la \u00eembun\u0103t\u0103\u021birea agilit\u0103\u021bii, flexibilit\u0103\u021bii, for\u021bei \u0219i coordon\u0103rii.<\/p>\n<p>\u00cen special \u00een cazul copiilor, cel mai mare beneficiu al practic\u0103rii de Karate const\u0103 \u00een formarea caracterului \u0219i <a href=\"https:\/\/www.dumitra.net\/blog\/wp-content\/fileStore\/2013\/03\/Centura-alba-Maria02.jpg\" target=\"_blank\"><img loading=\"lazy\" decoding=\"async\" class=\"alignright size-medium wp-image-5373\" alt=\"Centura alba Maria02\" src=\"https:\/\/www.dumitra.net\/blog\/wp-content\/fileStore\/2013\/03\/Centura-alba-Maria02-300x161.jpg\" width=\"300\" height=\"161\" srcset=\"https:\/\/www.dumitra.net\/blog\/wp-content\/fileStore\/2013\/03\/Centura-alba-Maria02-300x161.jpg 300w, https:\/\/www.dumitra.net\/blog\/wp-content\/fileStore\/2013\/03\/Centura-alba-Maria02-624x335.jpg 624w, https:\/\/www.dumitra.net\/blog\/wp-content\/fileStore\/2013\/03\/Centura-alba-Maria02.jpg 800w\" sizes=\"auto, (max-width: 300px) 100vw, 300px\" \/><\/a>personalit\u0103\u021bii \u00een sensul autodisciplinei, stimei de sine, smereniei, respectului fa\u021b\u0103 de al\u021bii, loialit\u0103\u021bii.\u00a0<strong>Karate Goju-Ryu<\/strong> (<strong>Go<\/strong> \u00eenseamn\u0103 dur,<strong> ju<\/strong> &#8211; bl\u00e2nd), derivat din &#8220;<strong>Yin &amp; Yang<\/strong>&#8220;, aduce echilibru \u00een arta autoap\u0103rarii.<\/p>\n<p>De asemenea, pentru consolidarea sistemului respirator \u0219i \u00eent\u0103rirea organelor interne, o parte \u00eensemnat\u0103 a antrenamnetului contribuie la <a href=\"https:\/\/www.dumitra.net\/blog\/wp-content\/fileStore\/2013\/03\/Centura-alba-Maria01.jpg\" target=\"_blank\"><img loading=\"lazy\" decoding=\"async\" class=\"alignleft size-medium wp-image-5374\" alt=\"Centura alba Maria01\" src=\"https:\/\/www.dumitra.net\/blog\/wp-content\/fileStore\/2013\/03\/Centura-alba-Maria01-300x178.jpg\" width=\"300\" height=\"178\" srcset=\"https:\/\/www.dumitra.net\/blog\/wp-content\/fileStore\/2013\/03\/Centura-alba-Maria01-300x178.jpg 300w, https:\/\/www.dumitra.net\/blog\/wp-content\/fileStore\/2013\/03\/Centura-alba-Maria01-624x370.jpg 624w, https:\/\/www.dumitra.net\/blog\/wp-content\/fileStore\/2013\/03\/Centura-alba-Maria01.jpg 800w\" sizes=\"auto, (max-width: 300px) 100vw, 300px\" \/><\/a>deprinderea unor tehnici dure \u0219i bl\u00e2nde de respira\u021bie. Antrenamentul de <strong>\u00a0Karate Goju-Ryu<\/strong> este structurat astfel \u00eenc\u00e2t s\u0103 se potriveasc\u0103 v\u00e2rstei \u0219i capacit\u0103\u021bii fizice a participan\u021bilor.<\/p>\n<p><a href=\"https:\/\/www.dumitra.net\/blog\/wp-content\/fileStore\/2013\/03\/Centura-alba-Maria14.jpg\"><img loading=\"lazy\" decoding=\"async\" class=\"size-medium wp-image-5375 alignright\" alt=\"Centura alba Maria14\" src=\"https:\/\/www.dumitra.net\/blog\/wp-content\/fileStore\/2013\/03\/Centura-alba-Maria14-200x300.jpg\" width=\"200\" height=\"300\" srcset=\"https:\/\/www.dumitra.net\/blog\/wp-content\/fileStore\/2013\/03\/Centura-alba-Maria14-200x300.jpg 200w, https:\/\/www.dumitra.net\/blog\/wp-content\/fileStore\/2013\/03\/Centura-alba-Maria14-682x1024.jpg 682w, https:\/\/www.dumitra.net\/blog\/wp-content\/fileStore\/2013\/03\/Centura-alba-Maria14-624x936.jpg 624w, https:\/\/www.dumitra.net\/blog\/wp-content\/fileStore\/2013\/03\/Centura-alba-Maria14.jpg 800w\" sizes=\"auto, (max-width: 200px) 100vw, 200px\" \/><\/a><\/p>\n<p>&nbsp;<\/p>\n<p>&nbsp;<\/p>\n<p>\u00cen foto dreapta, Maria al\u0103turi de antrenoarea ei <strong>Oana Sebe, 2 dan Karate Goju-ryu,<\/strong> datorit\u0103 c\u0103reia a \u00eendr\u0103git at\u00e2t de mult sportul acesta, al disciplinei \u0219i al respectului. Oana Sebe are \u00eentreaga mea admira\u021bie \u0219i nu doar a mea. Mul\u021bi p\u0103rin\u021bi au plecat asear\u0103 m\u00e2ndri \u0219i bucuro\u0219i de performan\u021bele copiilor lor.<\/p>\n<p><em>Referin\u021be:<\/em><br \/>\n<a title=\"Karate\" href=\"http:\/\/frkarate.ro\" target=\"_blank\">Federa\u021bia Rom\u00e2n\u0103 de Karate<\/a><\/p>\n","protected":false},"excerpt":{"rendered":"<p>\u201cTotul in univers respir\u0103 \u00een afar\u0103 putere, iar in interior bl\u00e2nde\u021be\u201d \u201dDup\u0103 ce Dumnezeu \u00eel ferici cu trei fiice una dup\u0103 alta, veni \u0219i r\u00e2ndul b\u0103iatului s\u0103 \u00eemplineasc\u0103 a\u0219teptarea tat\u0103lui. \u0218i-l crescu cu m\u00e2ndria&#46;&#46;&#46;<\/p>\n","protected":false},"author":1,"featured_media":0,"comment_status":"open","ping_status":"closed","sticky":false,"template":"","format":"standard","meta":{"ngg_post_thumbnail":0,"footnotes":""},"categories":[4],"tags":[342,341,340],"class_list":["post-5358","post","type-post","status-publish","format-standard","hentry","category-personal","tag-beneficiile-antrenamentului-karate-goju-ryu-pentru-copii","tag-oana-sebe-antrenor-karate-copii","tag-sensei-cristian-bogza-7-dan-karate-goju-ryu"],"_links":{"self":[{"href":"https:\/\/www.dumitra.net\/blog\/index.php?rest_route=\/wp\/v2\/posts\/5358","targetHints":{"allow":["GET"]}}],"collection":[{"href":"https:\/\/www.dumitra.net\/blog\/index.php?rest_route=\/wp\/v2\/posts"}],"about":[{"href":"https:\/\/www.dumitra.net\/blog\/index.php?rest_route=\/wp\/v2\/types\/post"}],"author":[{"embeddable":true,"href":"https:\/\/www.dumitra.net\/blog\/index.php?rest_route=\/wp\/v2\/users\/1"}],"replies":[{"embeddable":true,"href":"https:\/\/www.dumitra.net\/blog\/index.php?rest_route=%2Fwp%2Fv2%2Fcomments&post=5358"}],"version-history":[{"count":20,"href":"https:\/\/www.dumitra.net\/blog\/index.php?rest_route=\/wp\/v2\/posts\/5358\/revisions"}],"predecessor-version":[{"id":5383,"href":"https:\/\/www.dumitra.net\/blog\/index.php?rest_route=\/wp\/v2\/posts\/5358\/revisions\/5383"}],"wp:attachment":[{"href":"https:\/\/www.dumitra.net\/blog\/index.php?rest_route=%2Fwp%2Fv2%2Fmedia&parent=5358"}],"wp:term":[{"taxonomy":"category","embeddable":true,"href":"https:\/\/www.dumitra.net\/blog\/index.php?rest_route=%2Fwp%2Fv2%2Fcategories&post=5358"},{"taxonomy":"post_tag","embeddable":true,"href":"https:\/\/www.dumitra.net\/blog\/index.php?rest_route=%2Fwp%2Fv2%2Ftags&post=5358"}],"curies":[{"name":"wp","href":"https:\/\/api.w.org\/{rel}","templated":true}]}}