{"id":5244,"date":"2013-03-01T11:52:32","date_gmt":"2013-03-01T11:52:32","guid":{"rendered":"http:\/\/www.dumitra.net\/blog\/?p=5244"},"modified":"2013-03-02T05:41:08","modified_gmt":"2013-03-02T05:41:08","slug":"eu-prin-ochii-fetei-mele","status":"publish","type":"post","link":"https:\/\/www.dumitra.net\/blog\/?p=5244","title":{"rendered":"Eu, prin ochii fetei mele"},"content":{"rendered":"<p style=\"text-align: left;\"><a href=\"https:\/\/www.dumitra.net\/blog\/wp-content\/fileStore\/2013\/03\/1-martie-de-la-Maria.jpg\" target=\"_blank\"><img loading=\"lazy\" decoding=\"async\" class=\"alignleft  wp-image-5245\" alt=\"1 martie de la Maria\" src=\"https:\/\/www.dumitra.net\/blog\/wp-content\/fileStore\/2013\/03\/1-martie-de-la-Maria.jpg\" width=\"800\" height=\"533\" srcset=\"https:\/\/www.dumitra.net\/blog\/wp-content\/fileStore\/2013\/03\/1-martie-de-la-Maria.jpg 800w, https:\/\/www.dumitra.net\/blog\/wp-content\/fileStore\/2013\/03\/1-martie-de-la-Maria-300x199.jpg 300w, https:\/\/www.dumitra.net\/blog\/wp-content\/fileStore\/2013\/03\/1-martie-de-la-Maria-600x399.jpg 600w, https:\/\/www.dumitra.net\/blog\/wp-content\/fileStore\/2013\/03\/1-martie-de-la-Maria-624x415.jpg 624w\" sizes=\"auto, (max-width: 800px) 100vw, 800px\" \/><\/a>C\u0103rticica facut\u0103 de Maria, fata mea de 9 ani, de m\u0103r\u021bisor. Ocazie cu care am aflat, printre altele, c\u0103 am p\u0103rul lung, ro\u0219cat, \u0219i c\u0103-mi place sosul de ciuperci (ciupercile, mai degraba)&#8230;.. \ud83d\ude42<\/p>\n<p style=\"text-align: left;\">&#8211; Maria, dar eu am parul lung?\u00a0 O \u00eentreb, v\u0103z\u00e2nd c\u0103 pe coperta c\u0103rticelei pletele-mi at\u00e2rn\u0103&#8230;<\/p>\n<p style=\"text-align: left;\">&#8211; Ei, las\u0103 a\u0219a, e viziunea artistului, r\u0103spunde ea &#8230;.<\/p>\n<p style=\"text-align: left;\">Oglinzile ne sunt de prisos, ochii copiilor nostri redau cele mai fidele imagini&#8230;..Sigur c\u0103 mi-au dat lacrimile de fericire. Altfel, cand vezi\u00a0scris albastru pe alb 40 de ani, \u00ee\u021bi cam pui ni\u0219te \u00eentreb\u0103ri&#8230;., \u00ee\u021bi faci iar\u0103\u0219i ni\u0219te socoteli&#8230; , dar toate ies cu plus&#8230;<\/p>\n","protected":false},"excerpt":{"rendered":"<p>C\u0103rticica facut\u0103 de Maria, fata mea de 9 ani, de m\u0103r\u021bisor. Ocazie cu care am aflat, printre altele, c\u0103 am p\u0103rul lung, ro\u0219cat, \u0219i c\u0103-mi place sosul de ciuperci (ciupercile, mai degraba)&#8230;.. \ud83d\ude42 &#8211;&#46;&#46;&#46;<\/p>\n","protected":false},"author":1,"featured_media":0,"comment_status":"open","ping_status":"closed","sticky":false,"template":"","format":"standard","meta":{"ngg_post_thumbnail":0,"footnotes":""},"categories":[4],"tags":[],"class_list":["post-5244","post","type-post","status-publish","format-standard","hentry","category-personal"],"_links":{"self":[{"href":"https:\/\/www.dumitra.net\/blog\/index.php?rest_route=\/wp\/v2\/posts\/5244","targetHints":{"allow":["GET"]}}],"collection":[{"href":"https:\/\/www.dumitra.net\/blog\/index.php?rest_route=\/wp\/v2\/posts"}],"about":[{"href":"https:\/\/www.dumitra.net\/blog\/index.php?rest_route=\/wp\/v2\/types\/post"}],"author":[{"embeddable":true,"href":"https:\/\/www.dumitra.net\/blog\/index.php?rest_route=\/wp\/v2\/users\/1"}],"replies":[{"embeddable":true,"href":"https:\/\/www.dumitra.net\/blog\/index.php?rest_route=%2Fwp%2Fv2%2Fcomments&post=5244"}],"version-history":[{"count":7,"href":"https:\/\/www.dumitra.net\/blog\/index.php?rest_route=\/wp\/v2\/posts\/5244\/revisions"}],"predecessor-version":[{"id":5248,"href":"https:\/\/www.dumitra.net\/blog\/index.php?rest_route=\/wp\/v2\/posts\/5244\/revisions\/5248"}],"wp:attachment":[{"href":"https:\/\/www.dumitra.net\/blog\/index.php?rest_route=%2Fwp%2Fv2%2Fmedia&parent=5244"}],"wp:term":[{"taxonomy":"category","embeddable":true,"href":"https:\/\/www.dumitra.net\/blog\/index.php?rest_route=%2Fwp%2Fv2%2Fcategories&post=5244"},{"taxonomy":"post_tag","embeddable":true,"href":"https:\/\/www.dumitra.net\/blog\/index.php?rest_route=%2Fwp%2Fv2%2Ftags&post=5244"}],"curies":[{"name":"wp","href":"https:\/\/api.w.org\/{rel}","templated":true}]}}