{"id":378,"date":"2012-02-08T16:45:34","date_gmt":"2012-02-08T16:45:34","guid":{"rendered":"http:\/\/www.dumitra.net\/blog\/?p=378"},"modified":"2012-11-26T13:19:13","modified_gmt":"2012-11-26T13:19:13","slug":"veronika-mi-a-dat-o-lectie-de-viata","status":"publish","type":"post","link":"https:\/\/www.dumitra.net\/blog\/?p=378","title":{"rendered":"Veronika mi-a dat o lec\u0163ie de sport"},"content":{"rendered":"<p>Impregna\u0163i \u00eenc\u0103 de atmosfera cafenelelor vieneze, eu \u015fi sotul meu, am urcat \u00een trenul care duce la Brno &#8211; al doilea ora\u015f al Cehiei &#8211; locul unde, pentru 2 zile am f\u0103cut echip\u0103 de lucru cu colegi de toate v\u00e2rstele din Cehia, Austria, Slovacia, Italia, Germania.<\/p>\n<p>Motivul pentru care scriu acest text este c\u0103 printre viitorii instructori certifica\u0163i s\u0103 predea zumba seniorilor a ap\u0103rut o doamn\u0103. O doamn\u0103 pensionar\u0103. Exact, o doamn\u0103 trecut\u0103 de 60 de ani, nicidecum genul tras prin inel sau &#8220;lucrat&#8221;. Ei \u015fi, ar fi spus poate colegul meu din Austria.<\/p>\n<p>Desi sunt un om umblat \u015fi deschis la minte,\u00a0 \u015fi am profunda convingere c\u0103 sportul nu are limit\u0103 de v\u00e2rst\u0103, \u00ee<a href=\"https:\/\/www.dumitra.net\/blog\/?attachment_id=400\" rel=\"attachment wp-att-400\"><img loading=\"lazy\" decoding=\"async\" class=\"alignleft size-medium wp-image-400\" title=\"Veronika\" src=\"https:\/\/www.dumitra.net\/blog\/wp-content\/fileStore\/2012\/02\/Veronika-300x146.jpg\" alt=\"Veronika cea cu tricou roz bonbon\" width=\"300\" height=\"146\" srcset=\"https:\/\/www.dumitra.net\/blog\/wp-content\/fileStore\/2012\/02\/Veronika-300x146.jpg 300w, https:\/\/www.dumitra.net\/blog\/wp-content\/fileStore\/2012\/02\/Veronika.jpg 1024w\" sizes=\"auto, (max-width: 300px) 100vw, 300px\" \/><\/a>\u0163i m\u0103rturisesc, a fost \u015focant \u00een primele momente. Pentru c\u0103, recunosc, sunt \u00eenc\u0103 tributar\u0103\u00a0 unei anumite mentalit\u0103\u0163i rom\u00e2ne\u015fti.<\/p>\n<p>\u00cen s\u0103lile de sport sau de dans din Rom\u00e2nia, rareori vezi persoane trecute de 50 de ani (care, de altfel, e o v\u00e2rst\u0103 cu frumuse\u0163ile ei). Priveli\u015ftea unei doamne pensionar\u0103 f\u0103c\u00e2nd aerobic, pilates, dans\u00e2nd &#8220;belly dance&#8221;sau latino pare fic\u0163iune.<\/p>\n<p>Din p\u0103cate, nu ne ajut\u0103 nici mo\u015ftenirea l\u0103sat\u0103 de c\u0103tre mamele noastre: femeia are timp berechet pentru familie, mai pu\u0163in pentru ea. \u00cencerc s\u0103 \u00eenv\u0103t din lec\u0163ia asta \u015fi voi avea grij\u0103 s\u0103 nu o perpetuez.<\/p>\n<p>Revenind la pensionara noastr\u0103, Veronika, nu pot spune dec\u00e2t <em><strong>chapeau<\/strong><\/em>! A dansat, a \u0163inut ritmul ca oricare dintre instructori, \u015fi-a unduit \u015foldurile, a pus \u00eentreb\u0103ri. N-am v\u0103zut <a href=\"https:\/\/www.dumitra.net\/blog\/?attachment_id=401\" rel=\"attachment wp-att-401\"><img loading=\"lazy\" decoding=\"async\" class=\"alignright  wp-image-401\" title=\"Veronika noastra\" src=\"https:\/\/www.dumitra.net\/blog\/wp-content\/fileStore\/2012\/02\/IMG_1259_01-300x155.jpg\" alt=\"\" width=\"300\" height=\"155\" srcset=\"https:\/\/www.dumitra.net\/blog\/wp-content\/fileStore\/2012\/02\/IMG_1259_01-300x155.jpg 300w, https:\/\/www.dumitra.net\/blog\/wp-content\/fileStore\/2012\/02\/IMG_1259_01.jpg 1024w\" sizes=\"auto, (max-width: 300px) 100vw, 300px\" \/><\/a>nici o secund\u0103 oboseala pe chipul ei. \u015ei, crede-m\u0103, am urm\u0103rit-o cu aten\u0163ie.<\/p>\n<p>Poate sun\u0103 banal, dar Veronika mi-a demonstrat c\u0103 \u00een timp ce unii \u00ee\u015fi cam \u00eencheie socotelile pe la 60 de ani, al\u0163ii abia le \u00eencep. P\u00e2n\u0103 la urm\u0103, tinere\u0163ea e mai mult a spiritului \u015fi mai pu\u0163in a trupului.<\/p>\n<p><strong>Veronika mi-a dat o lec\u0163ie de via\u0163\u0103. Chapeau!<\/strong><\/p>\n","protected":false},"excerpt":{"rendered":"<p>Impregna\u0163i \u00eenc\u0103 de atmosfera cafenelelor vieneze, eu \u015fi sotul meu, am urcat \u00een trenul care duce la Brno &#8211; al doilea ora\u015f al Cehiei &#8211; locul unde, pentru 2 zile am f\u0103cut echip\u0103 de&#46;&#46;&#46;<\/p>\n","protected":false},"author":1,"featured_media":0,"comment_status":"open","ping_status":"closed","sticky":false,"template":"","format":"standard","meta":{"ngg_post_thumbnail":0,"footnotes":""},"categories":[1],"tags":[117],"class_list":["post-378","post","type-post","status-publish","format-standard","hentry","category-sport","tag-veroica-berger"],"_links":{"self":[{"href":"https:\/\/www.dumitra.net\/blog\/index.php?rest_route=\/wp\/v2\/posts\/378","targetHints":{"allow":["GET"]}}],"collection":[{"href":"https:\/\/www.dumitra.net\/blog\/index.php?rest_route=\/wp\/v2\/posts"}],"about":[{"href":"https:\/\/www.dumitra.net\/blog\/index.php?rest_route=\/wp\/v2\/types\/post"}],"author":[{"embeddable":true,"href":"https:\/\/www.dumitra.net\/blog\/index.php?rest_route=\/wp\/v2\/users\/1"}],"replies":[{"embeddable":true,"href":"https:\/\/www.dumitra.net\/blog\/index.php?rest_route=%2Fwp%2Fv2%2Fcomments&post=378"}],"version-history":[{"count":46,"href":"https:\/\/www.dumitra.net\/blog\/index.php?rest_route=\/wp\/v2\/posts\/378\/revisions"}],"predecessor-version":[{"id":422,"href":"https:\/\/www.dumitra.net\/blog\/index.php?rest_route=\/wp\/v2\/posts\/378\/revisions\/422"}],"wp:attachment":[{"href":"https:\/\/www.dumitra.net\/blog\/index.php?rest_route=%2Fwp%2Fv2%2Fmedia&parent=378"}],"wp:term":[{"taxonomy":"category","embeddable":true,"href":"https:\/\/www.dumitra.net\/blog\/index.php?rest_route=%2Fwp%2Fv2%2Fcategories&post=378"},{"taxonomy":"post_tag","embeddable":true,"href":"https:\/\/www.dumitra.net\/blog\/index.php?rest_route=%2Fwp%2Fv2%2Ftags&post=378"}],"curies":[{"name":"wp","href":"https:\/\/api.w.org\/{rel}","templated":true}]}}