{"id":376,"date":"2012-02-09T08:57:03","date_gmt":"2012-02-09T08:57:03","guid":{"rendered":"http:\/\/www.dumitra.net\/blog\/?p=376"},"modified":"2012-02-10T08:15:05","modified_gmt":"2012-02-10T08:15:05","slug":"despre-normalitate","status":"publish","type":"post","link":"https:\/\/www.dumitra.net\/blog\/?p=376","title":{"rendered":"Despre normalitate"},"content":{"rendered":"<p>Am schimbat la mijlocul s\u0103pt\u0103m\u00e2nii trecute z\u0103pada Bucure\u015ftiului cu gerul de -15 grade al\u00a0 Vienei \u015fi al ora\u015fului Brno. Am avut ca destina\u0163ie final\u0103 Cehia, unde <a href=\"https:\/\/www.dumitra.net\/blog\/?attachment_id=446\" rel=\"attachment wp-att-446\"><img loading=\"lazy\" decoding=\"async\" class=\"alignright size-medium wp-image-446\" title=\"Cafeneaua Diglas Viena\" src=\"https:\/\/www.dumitra.net\/blog\/wp-content\/fileStore\/2012\/02\/Cafeneaua-Diglas-Viena-225x300.jpg\" alt=\"\" width=\"225\" height=\"300\" srcset=\"https:\/\/www.dumitra.net\/blog\/wp-content\/fileStore\/2012\/02\/Cafeneaua-Diglas-Viena-225x300.jpg 225w, https:\/\/www.dumitra.net\/blog\/wp-content\/fileStore\/2012\/02\/Cafeneaua-Diglas-Viena-768x1024.jpg 768w, https:\/\/www.dumitra.net\/blog\/wp-content\/fileStore\/2012\/02\/Cafeneaua-Diglas-Viena.jpg 1024w\" sizes=\"auto, (max-width: 225px) 100vw, 225px\" \/><\/a>mi-am ob\u0163inut licen\u0163a de instructor de zumba fitness pentru copii si seniori. Pentru 2 zile, ne-am\u00a0 aclimatizat\u00a0\u00een Viena, \u00eembr\u0103c\u00e2nd haina sub\u0163ire a turistului &#8220;\u00eenfrigurat&#8221; nu de shopping, ci de atmosfera \u015fi frumuse\u0163ea vienez\u0103. Nici nu \u015ftiu \u00een ce magazine am intrat- am f\u0103cut-o doar ca s\u0103 ne dezmor\u0163im din c\u00e2nd \u00een c\u00e2nd -, \u015ftiu \u00eens\u0103 unde am m\u00e2ncat apfestrudelul vienez.<\/p>\n<p>Am intrat nu \u00een cafenelele trecute \u00een ghidurile turistice, ci \u00een cele indicate de localnici. \u015ei ce bine am f\u0103cut.<\/p>\n<p>\u00cen nici una dintre aceste cafenele nu am v\u0103zut str\u0103ini. Am v\u0103zut vienezi, oameni de v\u00e2rst\u0103 mijlocie sau peste, veni\u0163i s\u0103 \u00ee\u015fi petreac\u0103 \u00een tihn\u0103 o buc\u0103\u0163ic\u0103 dintr-o zi cu prieteni sau rude. Am v\u0103zut, de asemenea, multe femei &#8211; trecute bine de 50 de ani &#8211; care sporov\u0103iau deasupra unei pr\u0103jituri sau a unei ce\u015fti mari de ceai.<\/p>\n<p>M-am bucurat s\u0103 v\u0103d aceast\u0103 normalitate pe care nu am prea remarcat-o pe plaiurile mioritice; m-a bucurat s\u0103 v\u0103d cum se <a href=\"https:\/\/www.dumitra.net\/blog\/?attachment_id=447\" rel=\"attachment wp-att-447\"><img loading=\"lazy\" decoding=\"async\" class=\"alignright size-medium wp-image-447\" title=\"Cafenea Diglas\" src=\"https:\/\/www.dumitra.net\/blog\/wp-content\/fileStore\/2012\/02\/IMG_4328_01-cafenea-diglas-300x225.jpg\" alt=\"\" width=\"300\" height=\"225\" srcset=\"https:\/\/www.dumitra.net\/blog\/wp-content\/fileStore\/2012\/02\/IMG_4328_01-cafenea-diglas-300x225.jpg 300w, https:\/\/www.dumitra.net\/blog\/wp-content\/fileStore\/2012\/02\/IMG_4328_01-cafenea-diglas.jpg 1024w\" sizes=\"auto, (max-width: 300px) 100vw, 300px\" \/><\/a>plaseaz\u0103 \u00een societate oameni trecu\u0163i de o anumit\u0103 v\u00e2rst\u0103 \u015fi c\u00e2t de mult se pre\u0163uiesc.<\/p>\n<p>La noi, cafenelele sunt ale tinerilor sau ale celor ajun\u015fi la un oarecare statut financiar. \u015ei \u00eenc\u0103 un detaliu: 19.00 &#8211; ora de \u00eenchidere.<\/p>\n<p>\u0162ine, vei spun<a href=\"https:\/\/www.dumitra.net\/blog\/?attachment_id=445\" rel=\"attachment wp-att-445\"><img loading=\"lazy\" decoding=\"async\" class=\"alignright  wp-image-445\" title=\"Cafeneaua Diglas Viena1\" src=\"https:\/\/www.dumitra.net\/blog\/wp-content\/fileStore\/2012\/02\/Cafeneaua-Diglas-Viena1-300x225.jpg\" alt=\"\" width=\"300\" height=\"225\" srcset=\"https:\/\/www.dumitra.net\/blog\/wp-content\/fileStore\/2012\/02\/Cafeneaua-Diglas-Viena1-300x225.jpg 300w, https:\/\/www.dumitra.net\/blog\/wp-content\/fileStore\/2012\/02\/Cafeneaua-Diglas-Viena1.jpg 1024w\" sizes=\"auto, (max-width: 300px) 100vw, 300px\" \/><\/a>e, de cultur\u0103, de educa\u0163ie, de venit&#8230; &#8211; f\u0103r\u0103 \u00eendoial\u0103. Eu am surprins doar starea de normalitate.<\/p>\n<p>&nbsp;<\/p>\n","protected":false},"excerpt":{"rendered":"<p>Am schimbat la mijlocul s\u0103pt\u0103m\u00e2nii trecute z\u0103pada Bucure\u015ftiului cu gerul de -15 grade al\u00a0 Vienei \u015fi al ora\u015fului Brno. Am avut ca destina\u0163ie final\u0103 Cehia, unde mi-am ob\u0163inut licen\u0163a de instructor de zumba fitness&#46;&#46;&#46;<\/p>\n","protected":false},"author":1,"featured_media":0,"comment_status":"open","ping_status":"closed","sticky":false,"template":"","format":"standard","meta":{"ngg_post_thumbnail":0,"footnotes":""},"categories":[4,9],"tags":[],"class_list":["post-376","post","type-post","status-publish","format-standard","hentry","category-personal","category-sanatate"],"_links":{"self":[{"href":"https:\/\/www.dumitra.net\/blog\/index.php?rest_route=\/wp\/v2\/posts\/376","targetHints":{"allow":["GET"]}}],"collection":[{"href":"https:\/\/www.dumitra.net\/blog\/index.php?rest_route=\/wp\/v2\/posts"}],"about":[{"href":"https:\/\/www.dumitra.net\/blog\/index.php?rest_route=\/wp\/v2\/types\/post"}],"author":[{"embeddable":true,"href":"https:\/\/www.dumitra.net\/blog\/index.php?rest_route=\/wp\/v2\/users\/1"}],"replies":[{"embeddable":true,"href":"https:\/\/www.dumitra.net\/blog\/index.php?rest_route=%2Fwp%2Fv2%2Fcomments&post=376"}],"version-history":[{"count":23,"href":"https:\/\/www.dumitra.net\/blog\/index.php?rest_route=\/wp\/v2\/posts\/376\/revisions"}],"predecessor-version":[{"id":515,"href":"https:\/\/www.dumitra.net\/blog\/index.php?rest_route=\/wp\/v2\/posts\/376\/revisions\/515"}],"wp:attachment":[{"href":"https:\/\/www.dumitra.net\/blog\/index.php?rest_route=%2Fwp%2Fv2%2Fmedia&parent=376"}],"wp:term":[{"taxonomy":"category","embeddable":true,"href":"https:\/\/www.dumitra.net\/blog\/index.php?rest_route=%2Fwp%2Fv2%2Fcategories&post=376"},{"taxonomy":"post_tag","embeddable":true,"href":"https:\/\/www.dumitra.net\/blog\/index.php?rest_route=%2Fwp%2Fv2%2Ftags&post=376"}],"curies":[{"name":"wp","href":"https:\/\/api.w.org\/{rel}","templated":true}]}}