{"id":3029,"date":"2012-11-01T08:49:12","date_gmt":"2012-11-01T08:49:12","guid":{"rendered":"http:\/\/www.dumitra.net\/blog\/?p=3029"},"modified":"2013-02-03T18:21:41","modified_gmt":"2013-02-03T18:21:41","slug":"de-azi-gust-cafeaua-altfel","status":"publish","type":"post","link":"https:\/\/www.dumitra.net\/blog\/?p=3029","title":{"rendered":"C\u00e2te nu \u0219tiam despre cafea"},"content":{"rendered":"<p><img loading=\"lazy\" decoding=\"async\" class=\"alignleft size-medium wp-image-3038\" title=\"Pictura cafea Vasile Botnaru\" alt=\"\" src=\"https:\/\/www.dumitra.net\/blog\/wp-content\/fileStore\/2012\/11\/Pictura-cafea-Vasile-Botnaru-262x300.jpg\" width=\"262\" height=\"300\" srcset=\"https:\/\/www.dumitra.net\/blog\/wp-content\/fileStore\/2012\/11\/Pictura-cafea-Vasile-Botnaru-262x300.jpg 262w, https:\/\/www.dumitra.net\/blog\/wp-content\/fileStore\/2012\/11\/Pictura-cafea-Vasile-Botnaru.jpg 841w\" sizes=\"auto, (max-width: 262px) 100vw, 262px\" \/>P\u00e2n\u0103 mai ieri, acordam cafelei rolul exclusiv de fluid energizant \u0219i melancolic deopotriv\u0103, de invadator sofisticat \u0219i catalizator al neuronilor, celulelor \u0219i capilarelor, de po\u021biune aflat\u0103 la limita dintre concret \u0219i magic, un <em><strong>\u201dSTOP and GO\u201d<\/strong><\/em> al minutelor, al orelor, al zilelor&#8230;&#8230;<\/p>\n<p>\u0218i \u00een timp ce mul\u021bi, mul\u021bi, foarte mul\u021bi sorbim cafeaua, palpabil \u0219i indubitabil, cu buzele, <em>ALTUL<\/em>, poate spre \u00eenserare, \u00een lini\u0219tea lui, \u00eentr-o atmosfer\u0103 d&#8217;\u201d\u00e9t\u00e9 des Indiens\u201d, preponderent cafenie, o \u201dgust\u0103\u201d cu pensula, \u00eentr-o libertate absolut\u0103 de timp, de spa\u021biu, de forme, de senzualitate.<\/p>\n<p><em>Trupuri cafenii sudate \u00eentr-o voluptate str\u0103in\u0103 de lume; femeie \u0219i m\u0103r, \u0219i mere p\u00e2rguite, \u00eenmugurite \u00een vecin\u0103tatea coapselor repliate ca dup\u0103 un asalt (sau , poate, \u00eenaintea asaltului); buze c\u0103rnoase, doar aparent nevinovate; teatralitate dezgolit\u0103; dans \u00eemperecheat; inocen\u021be \u0219i mir\u0103ri; timpul la scaden\u021b\u0103;<\/em> &#8211; astfel \u201dgust\u0103\u201d Vasile Botnaru, pictor \u00een cafea,\u00a0 licoarea lui cea de toate zilele!; \u0219i nop\u021bile!<\/p>\n<p><img loading=\"lazy\" decoding=\"async\" class=\"alignleft size-medium wp-image-3035\" title=\"Artistul 2 small img\" alt=\"\" src=\"https:\/\/www.dumitra.net\/blog\/wp-content\/fileStore\/2012\/11\/Artistul-2-small-img-297x300.jpg\" width=\"297\" height=\"300\" srcset=\"https:\/\/www.dumitra.net\/blog\/wp-content\/fileStore\/2012\/11\/Artistul-2-small-img-297x300.jpg 297w, https:\/\/www.dumitra.net\/blog\/wp-content\/fileStore\/2012\/11\/Artistul-2-small-img-1017x1024.jpg 1017w, https:\/\/www.dumitra.net\/blog\/wp-content\/fileStore\/2012\/11\/Artistul-2-small-img.jpg 1024w\" sizes=\"auto, (max-width: 297px) 100vw, 297px\" \/>L-am rev\u0103zut pe Vasile dup\u0103 19 ani,\u00a0 cum altfel, dac\u0103 nu la o cafea (\u00een care ne-am picurat ne\u00eendestul\u0103tor amintirile). Apoi m-am bucurat, v\u0103z\u00e2ndu-i prima expozi\u021bie de pictur\u0103 la Bucure\u0219ti.<\/p>\n<p>Atunci, c\u00e2nd m\u0103 d\u0103sc\u0103lea \u00een scrierea \u0219tirilor pentru Sfatul \u021a\u0103rii \u0219i BASA PRESS din Chi\u0219in\u0103u, \u00eel aflasem gazetar. Ast\u0103zi, l-am reg\u0103sit \u0219i pictor \u00een cea mai tumultoas\u0103 acuarela vreodat\u0103 inventat\u0103 &#8211; CAFEAUA.<\/p>\n<p>De azi, gust cafeaua altfel! Cu totul altfel!<img loading=\"lazy\" decoding=\"async\" class=\"alignright size-medium wp-image-3037\" title=\"Cu Vasile Botnaru 6 small img\" alt=\"\" src=\"https:\/\/www.dumitra.net\/blog\/wp-content\/fileStore\/2012\/11\/Cu-Vasile-Botnaru-6-small-img1-300x196.jpg\" width=\"300\" height=\"196\" srcset=\"https:\/\/www.dumitra.net\/blog\/wp-content\/fileStore\/2012\/11\/Cu-Vasile-Botnaru-6-small-img1-300x196.jpg 300w, https:\/\/www.dumitra.net\/blog\/wp-content\/fileStore\/2012\/11\/Cu-Vasile-Botnaru-6-small-img1.jpg 1024w\" sizes=\"auto, (max-width: 300px) 100vw, 300px\" \/><\/p>\n<p>&nbsp;<\/p>\n<p>&nbsp;<\/p>\n","protected":false},"excerpt":{"rendered":"<p>P\u00e2n\u0103 mai ieri, acordam cafelei rolul exclusiv de fluid energizant \u0219i melancolic deopotriv\u0103, de invadator sofisticat \u0219i catalizator al neuronilor, celulelor \u0219i capilarelor, de po\u021biune aflat\u0103 la limita dintre concret \u0219i magic, un \u201dSTOP&#46;&#46;&#46;<\/p>\n","protected":false},"author":1,"featured_media":0,"comment_status":"open","ping_status":"closed","sticky":false,"template":"","format":"standard","meta":{"ngg_post_thumbnail":0,"footnotes":""},"categories":[4],"tags":[61,106,63,60,62,244],"class_list":["post-3029","post","type-post","status-publish","format-standard","hentry","category-personal","tag-cafea","tag-chisinau","tag-expozitie-pictura-in-cafea","tag-pictori-in-cafea","tag-vasile-botnaru","tag-vasile-botnaru-chisinau"],"_links":{"self":[{"href":"https:\/\/www.dumitra.net\/blog\/index.php?rest_route=\/wp\/v2\/posts\/3029","targetHints":{"allow":["GET"]}}],"collection":[{"href":"https:\/\/www.dumitra.net\/blog\/index.php?rest_route=\/wp\/v2\/posts"}],"about":[{"href":"https:\/\/www.dumitra.net\/blog\/index.php?rest_route=\/wp\/v2\/types\/post"}],"author":[{"embeddable":true,"href":"https:\/\/www.dumitra.net\/blog\/index.php?rest_route=\/wp\/v2\/users\/1"}],"replies":[{"embeddable":true,"href":"https:\/\/www.dumitra.net\/blog\/index.php?rest_route=%2Fwp%2Fv2%2Fcomments&post=3029"}],"version-history":[{"count":25,"href":"https:\/\/www.dumitra.net\/blog\/index.php?rest_route=\/wp\/v2\/posts\/3029\/revisions"}],"predecessor-version":[{"id":3049,"href":"https:\/\/www.dumitra.net\/blog\/index.php?rest_route=\/wp\/v2\/posts\/3029\/revisions\/3049"}],"wp:attachment":[{"href":"https:\/\/www.dumitra.net\/blog\/index.php?rest_route=%2Fwp%2Fv2%2Fmedia&parent=3029"}],"wp:term":[{"taxonomy":"category","embeddable":true,"href":"https:\/\/www.dumitra.net\/blog\/index.php?rest_route=%2Fwp%2Fv2%2Fcategories&post=3029"},{"taxonomy":"post_tag","embeddable":true,"href":"https:\/\/www.dumitra.net\/blog\/index.php?rest_route=%2Fwp%2Fv2%2Ftags&post=3029"}],"curies":[{"name":"wp","href":"https:\/\/api.w.org\/{rel}","templated":true}]}}