{"id":2672,"date":"2012-08-17T05:00:11","date_gmt":"2012-08-17T05:00:11","guid":{"rendered":"http:\/\/www.dumitra.net\/blog\/?p=2672"},"modified":"2012-08-17T05:41:04","modified_gmt":"2012-08-17T05:41:04","slug":"anatomia-lui-raffaello","status":"publish","type":"post","link":"https:\/\/www.dumitra.net\/blog\/?p=2672","title":{"rendered":"Siluete \u0219i nuduri: de ieri \u0219i de azi"},"content":{"rendered":"<p><em>&#8211; Vreau s\u0103 fiu slab\u0103! Da, ce ai, mam\u0103, \u021bi-e r\u0103u?<\/em><\/p>\n<p><em>-Nu, da a\u0219a a zis Bote la rialiti \u0219ou c\u0103 trebuie! Care Bote, mam\u0103? Bottecelli?<\/em><\/p>\n<p><em>&#8211; Hai, mam\u0103, cine mai e \u0219i Bottecelli \u0103sta? <\/em><\/p>\n<p>Pentru cele care se viseaz\u0103 trase prin gaura cheii, genul top model anorexic, le reamintesc c\u0103 formele rotunde, s\u0103n\u0103toase, au atras dintotdeauna nu doar privirile, ci \u0219i inspira\u021bia. &#8230;&#8230;a lor:)&#8230;&#8230;doar da Vinci, Michelangelo, n-au fost atin\u0219i. Oare de ce?!:):):)<\/p>\n<p><img loading=\"lazy\" decoding=\"async\" class=\"alignleft size-medium wp-image-2685\" title=\"La_nascita_di_Venere_(Botticelli)\" src=\"https:\/\/www.dumitra.net\/blog\/wp-content\/fileStore\/2012\/08\/La_nascita_di_Venere_Botticelli1-300x192.jpg\" alt=\"\" width=\"300\" height=\"192\" srcset=\"https:\/\/www.dumitra.net\/blog\/wp-content\/fileStore\/2012\/08\/La_nascita_di_Venere_Botticelli1-300x192.jpg 300w, https:\/\/www.dumitra.net\/blog\/wp-content\/fileStore\/2012\/08\/La_nascita_di_Venere_Botticelli1.jpg 800w\" sizes=\"auto, (max-width: 300px) 100vw, 300px\" \/>Un trup de femeie piele \u0219i os precum vedem la Fashion TV, n-ar fi st\u00e2rnit probabil inspira\u021bia unui artist precum <strong>Botticelli<\/strong> &#8211; primul pictor renascentist care \u00eenf\u0103\u021bi\u0219eaz\u0103 femeia \u00een toat\u0103 goliciunea ei.\u00a0 <strong>P\u00e2ntecul rotund al\u00a0 lui Venus <\/strong><em>(Na\u0219terea lui Venus<\/em>) \u0219i pubisul ascuns sunt punctele de interes ale tabloului.<\/p>\n<p><img loading=\"lazy\" decoding=\"async\" class=\"alignleft  wp-image-2687\" title=\"Raffaello Sanzio\" src=\"https:\/\/www.dumitra.net\/blog\/wp-content\/fileStore\/2012\/08\/Raffaello-Sanzio-232x300.jpg\" alt=\"\" width=\"288\" height=\"336\" \/><\/p>\n<p><strong>Raffaello<\/strong> &#8211; <strong>cele trei gra\u021bii<\/strong> ale pictorului <img loading=\"lazy\" decoding=\"async\" class=\"alignright size-full wp-image-2689\" title=\"220px-Raffaello,_studio_per_le_tre_grazie_della_farnesina\" src=\"https:\/\/www.dumitra.net\/blog\/wp-content\/fileStore\/2012\/08\/220px-Raffaello_studio_per_le_tre_grazie_della_farnesina1.jpg\" alt=\"\" width=\"220\" height=\"172\" \/>renascentist au <strong>forme perfecte, bine proportionate, musculatura bine reliefat\u0103, p\u00e2ntec puternic \u0219i suplu, fese perfect rotunde. Privi\u021bi, ce fesieri!!<br \/>\n<\/strong><\/p>\n<p><strong>\u00a0\u00a0\u00a0\u00a0\u00a0\u00a0\u00a0\u00a0\u00a0\u00a0\u00a0\u00a0\u00a0\u00a0\u00a0\u00a0\u00a0\u00a0\u00a0\u00a0\u00a0\u00a0\u00a0\u00a0\u00a0\u00a0\u00a0\u00a0\u00a0\u00a0\u00a0\u00a0\u00a0\u00a0\u00a0\u00a0\u00a0\u00a0\u00a0\u00a0\u00a0\u00a0\u00a0\u00a0\u00a0\u00a0\u00a0\u00a0\u00a0\u00a0\u00a0\u00a0\u00a0\u00a0\u00a0\u00a0\u00a0\u00a0\u00a0\u00a0\u00a0\u00a0\u00a0\u00a0\u00a0\u00a0\u00a0\u00a0\u00a0\u00a0\u00a0\u00a0\u00a0\u00a0\u00a0\u00a0\u00a0\u00a0\u00a0\u00a0\u00a0\u00a0\u00a0\u00a0\u00a0\u00a0\u00a0\u00a0\u00a0\u00a0\u00a0\u00a0\u00a0\u00a0\u00a0\u00a0\u00a0\u00a0\u00a0\u00a0\u00a0\u00a0\u00a0\u00a0\u00a0\u00a0\u00a0\u00a0\u00a0\u00a0\u00a0\u00a0\u00a0\u00a0\u00a0\u00a0\u00a0\u00a0\u00a0\u00a0\u00a0\u00a0\u00a0\u00a0\u00a0\u00a0\u00a0\u00a0\u00a0\u00a0\u00a0\u00a0\u00a0\u00a0\u00a0\u00a0\u00a0\u00a0\u00a0\u00a0\u00a0\u00a0\u00a0\u00a0\u00a0\u00a0\u00a0\u00a0\u00a0\u00a0\u00a0\u00a0\u00a0\u00a0\u00a0\u00a0\u00a0 <img loading=\"lazy\" decoding=\"async\" class=\"alignleft size-medium wp-image-2688\" title=\"Rembrandt Batseba la baie 1654\" src=\"https:\/\/www.dumitra.net\/blog\/wp-content\/fileStore\/2012\/08\/Rembrandt-Batseba-la-baie-16541-296x300.jpg\" alt=\"\" width=\"296\" height=\"300\" srcset=\"https:\/\/www.dumitra.net\/blog\/wp-content\/fileStore\/2012\/08\/Rembrandt-Batseba-la-baie-16541-296x300.jpg 296w, https:\/\/www.dumitra.net\/blog\/wp-content\/fileStore\/2012\/08\/Rembrandt-Batseba-la-baie-16541-1013x1024.jpg 1013w, https:\/\/www.dumitra.net\/blog\/wp-content\/fileStore\/2012\/08\/Rembrandt-Batseba-la-baie-16541.jpg 1400w\" sizes=\"auto, (max-width: 296px) 100vw, 296px\" \/>Rembrandt<\/strong> \u00ee\u0219i scandalizeaz\u0103 contemporanii pict\u00e2nd \u00een manier\u0103 realist\u0103 <em>Bat\u0219eba dup\u0103 baie<\/em> &#8211; se \u00eendep\u0103rtase de la frumuse\u021bea armonioas\u0103 reprezentat\u0103 de renascenti\u0219ti.<\/p>\n<p><strong>Umeri \u00eengu\u0219ti, coapse late, p\u00e2ntec plin<\/strong> &#8211; siluet\u0103 \u00een form\u0103 de par\u0103.<\/p>\n<p>&nbsp;<\/p>\n<p>&nbsp;<\/p>\n<p>&nbsp;<\/p>\n<p><strong>Rubens<\/strong> &#8211; maestrul curbelor <img loading=\"lazy\" decoding=\"async\" class=\"alignleft size-medium wp-image-2686\" title=\"Rubens 3 gratii\" src=\"https:\/\/www.dumitra.net\/blog\/wp-content\/fileStore\/2012\/08\/Rubens-3-gratii-248x300.jpg\" alt=\"\" width=\"295\" height=\"300\" \/>perfecte, al rotunjimilor sidefii, pline, coapte, zdravene; bra\u021be puternice, p\u00e2ntec plin, coapse generoase&#8230;.Mi\u0219carea de torsiune a celor trei gra\u021bii rubensiene \u00ee\u021bi mut\u0103 privirea asupra <strong>musculaturii rotunde, pline, bine pl\u0103m\u0103dite.<\/strong><\/p>\n<p>&nbsp;<\/p>\n<p>&nbsp;<\/p>\n<p>&nbsp;<\/p>\n<p><em><br \/>\n<\/em><\/p>\n<p><em>\u00a0\u00a0\u00a0\u00a0\u00a0\u00a0\u00a0\u00a0\u00a0\u00a0\u00a0\u00a0\u00a0\u00a0\u00a0\u00a0\u00a0\u00a0\u00a0\u00a0\u00a0\u00a0\u00a0\u00a0\u00a0\u00a0\u00a0\u00a0\u00a0\u00a0\u00a0\u00a0\u00a0\u00a0\u00a0\u00a0\u00a0\u00a0\u00a0\u00a0\u00a0\u00a0\u00a0\u00a0\u00a0\u00a0\u00a0\u00a0\u00a0\u00a0\u00a0\u00a0\u00a0\u00a0\u00a0\u00a0\u00a0\u00a0\u00a0\u00a0\u00a0\u00a0\u00a0\u00a0\u00a0\u00a0\u00a0\u00a0\u00a0\u00a0\u00a0\u00a0\u00a0\u00a0\u00a0\u00a0\u00a0\u00a0\u00a0\u00a0\u00a0\u00a0\u00a0\u00a0\u00a0\u00a0\u00a0\u00a0\u00a0\u00a0\u00a0\u00a0\u00a0\u00a0\u00a0\u00a0\u00a0\u00a0\u00a0\u00a0\u00a0\u00a0\u00a0\u00a0\u00a0\u00a0\u00a0\u00a0\u00a0\u00a0\u00a0\u00a0\u00a0\u00a0\u00a0\u00a0\u00a0\u00a0\u00a0\u00a0\u00a0\u00a0\u00a0\u00a0\u00a0\u00a0\u00a0\u00a0\u00a0\u00a0\u00a0\u00a0\u00a0\u00a0\u00a0\u00a0\u00a0\u00a0\u00a0\u00a0\u00a0\u00a0\u00a0\u00a0\u00a0\u00a0\u00a0\u00a0\u00a0\u00a0\u00a0\u00a0\u00a0\u00a0\u00a0\u00a0\u00a0\u00a0\u00a0\u00a0\u00a0\u00a0\u00a0\u00a0\u00a0\u00a0\u00a0\u00a0\u00a0\u00a0\u00a0\u00a0\u00a0\u00a0\u00a0\u00a0\u00a0\u00a0\u00a0\u00a0\u00a0\u00a0\u00a0\u00a0\u00a0\u00a0\u00a0\u00a0\u00a0\u00a0\u00a0\u00a0\u00a0\u00a0\u00a0\u00a0\u00a0\u00a0\u00a0\u00a0\u00a0\u00a0\u00a0\u00a0\u00a0\u00a0\u00a0\u00a0\u00a0 <img loading=\"lazy\" decoding=\"async\" class=\"alignleft size-medium wp-image-2692\" title=\"Francois Boucher  Diana odihnindu-se dupa baie\" src=\"https:\/\/www.dumitra.net\/blog\/wp-content\/fileStore\/2012\/08\/Francois-Boucher-Diana-odihnindu-se-dupa-baie1-300x240.jpg\" alt=\"\" width=\"300\" height=\"240\" srcset=\"https:\/\/www.dumitra.net\/blog\/wp-content\/fileStore\/2012\/08\/Francois-Boucher-Diana-odihnindu-se-dupa-baie1-300x240.jpg 300w, https:\/\/www.dumitra.net\/blog\/wp-content\/fileStore\/2012\/08\/Francois-Boucher-Diana-odihnindu-se-dupa-baie1-1024x820.jpg 1024w, https:\/\/www.dumitra.net\/blog\/wp-content\/fileStore\/2012\/08\/Francois-Boucher-Diana-odihnindu-se-dupa-baie1.jpg 1040w\" sizes=\"auto, (max-width: 300px) 100vw, 300px\" \/>Diana odihnindu-se dup\u0103 b<\/em>a<em>ie<\/em> a pictorului <strong>Francois Boucher<\/strong> &#8211; favoritul Doamnei de Pompadour &#8211; este de o moliciune \u201dferm\u0103\u201d.<\/p>\n<p>&nbsp;<\/p>\n<p>&nbsp;<\/p>\n<p>&nbsp;<\/p>\n<p>&nbsp;<\/p>\n<p><img loading=\"lazy\" decoding=\"async\" class=\"alignleft size-medium wp-image-2691\" title=\"Ingres Baia turceasca 1863\" src=\"https:\/\/www.dumitra.net\/blog\/wp-content\/fileStore\/2012\/08\/Ingres-Baia-turceasca-1863-300x298.jpg\" alt=\"\" width=\"300\" height=\"298\" srcset=\"https:\/\/www.dumitra.net\/blog\/wp-content\/fileStore\/2012\/08\/Ingres-Baia-turceasca-1863-300x298.jpg 300w, https:\/\/www.dumitra.net\/blog\/wp-content\/fileStore\/2012\/08\/Ingres-Baia-turceasca-1863-150x150.jpg 150w, https:\/\/www.dumitra.net\/blog\/wp-content\/fileStore\/2012\/08\/Ingres-Baia-turceasca-1863.jpg 1016w\" sizes=\"auto, (max-width: 300px) 100vw, 300px\" \/><\/p>\n<p>&nbsp;<\/p>\n<p><strong>Ingres (Baia turceasc\u0103)<\/strong> &#8211; curbe, S-uri, moliciune, contururi lascive, curbe, S-uri&#8230;<\/p>\n<p>&nbsp;<\/p>\n<p>&nbsp;<\/p>\n<p>&nbsp;<\/p>\n<p>&nbsp;<\/p>\n<p><img loading=\"lazy\" decoding=\"async\" class=\"alignleft size-medium wp-image-2693\" title=\"gustav-klimt-adam-si-eva 1917\" src=\"https:\/\/www.dumitra.net\/blog\/wp-content\/fileStore\/2012\/08\/gustav-klimt-adam-si-eva-1917-102x300.jpg\" alt=\"\" width=\"102\" height=\"300\" srcset=\"https:\/\/www.dumitra.net\/blog\/wp-content\/fileStore\/2012\/08\/gustav-klimt-adam-si-eva-1917-102x300.jpg 102w, https:\/\/www.dumitra.net\/blog\/wp-content\/fileStore\/2012\/08\/gustav-klimt-adam-si-eva-1917.jpg 255w\" sizes=\"auto, (max-width: 102px) 100vw, 102px\" \/><\/p>\n<p><strong>Gustav Klimt<\/strong> &#8211; <em>Adam \u0219i Eva<\/em>: <strong>coapse energice, talie \u00eengust\u0103, siluet\u0103 par\u0103<\/strong>.<\/p>\n<p>&nbsp;<\/p>\n<p>&nbsp;<\/p>\n<p>&nbsp;<\/p>\n<p>&nbsp;<\/p>\n<p>&nbsp;<\/p>\n<p style=\"text-align: center;\"><strong>Anatomia rom\u00e2ncelor \u00een pictur\u0103 \u00eencep\u00e2nd cu 1900:<\/strong><\/p>\n<p><img loading=\"lazy\" decoding=\"async\" class=\"alignleft size-medium wp-image-2694\" title=\"Nicolae Grigorescu Nud pe maulul marii\" src=\"https:\/\/www.dumitra.net\/blog\/wp-content\/fileStore\/2012\/08\/Nicolae-Grigorescu-Nud-pe-maulul-marii-226x300.jpg\" alt=\"\" width=\"226\" height=\"300\" srcset=\"https:\/\/www.dumitra.net\/blog\/wp-content\/fileStore\/2012\/08\/Nicolae-Grigorescu-Nud-pe-maulul-marii-226x300.jpg 226w, https:\/\/www.dumitra.net\/blog\/wp-content\/fileStore\/2012\/08\/Nicolae-Grigorescu-Nud-pe-maulul-marii-772x1024.jpg 772w, https:\/\/www.dumitra.net\/blog\/wp-content\/fileStore\/2012\/08\/Nicolae-Grigorescu-Nud-pe-maulul-marii.jpg 1000w\" sizes=\"auto, (max-width: 226px) 100vw, 226px\" \/><\/p>\n<p>&nbsp;<\/p>\n<p><strong>Nicolae Grigorescu<\/strong> -cu al s\u0103u\u00a0 <em>Nud pe malul m\u0103rii<\/em> este primul care a introdus goliciunea femeiasc\u0103 \u00een pictura rom\u00e2neasc\u0103.<\/p>\n<p>Siluet\u0103 mult mai apropiat\u0103 de accep\u021biunea actual\u0103 a cuv\u00e2ntului. De remarcat acela\u0219i <strong>p\u00e2ntec plin, s\u00e2ni fermi<\/strong>.<\/p>\n<p>&nbsp;<\/p>\n<p>&nbsp;<\/p>\n<p><strong><img loading=\"lazy\" decoding=\"async\" class=\"alignleft size-medium wp-image-2700\" title=\"theodor-pallady-nud-cu-chitara\" src=\"https:\/\/www.dumitra.net\/blog\/wp-content\/fileStore\/2012\/08\/theodor-pallady-nud-cu-chitara1-300x266.jpg\" alt=\"\" width=\"300\" height=\"266\" srcset=\"https:\/\/www.dumitra.net\/blog\/wp-content\/fileStore\/2012\/08\/theodor-pallady-nud-cu-chitara1-300x266.jpg 300w, https:\/\/www.dumitra.net\/blog\/wp-content\/fileStore\/2012\/08\/theodor-pallady-nud-cu-chitara1.jpg 604w\" sizes=\"auto, (max-width: 300px) 100vw, 300px\" \/><\/strong><\/p>\n<p><strong>Theodor Pallady<\/strong> &#8211; <em>Nud cu chitara<\/em><\/p>\n<p><strong>Forme pline, moi, rev\u0103rsate cu d\u0103rnicie.<\/strong><\/p>\n<p>&nbsp;<\/p>\n<p>&nbsp;<\/p>\n<p>&nbsp;<\/p>\n<p>&nbsp;<\/p>\n<p><img loading=\"lazy\" decoding=\"async\" class=\"alignleft size-medium wp-image-2701\" title=\"Tonitza_Nud_culcat\" src=\"https:\/\/www.dumitra.net\/blog\/wp-content\/fileStore\/2012\/08\/Tonitza_Nud_culcat-300x193.jpg\" alt=\"\" width=\"300\" height=\"193\" srcset=\"https:\/\/www.dumitra.net\/blog\/wp-content\/fileStore\/2012\/08\/Tonitza_Nud_culcat-300x193.jpg 300w, https:\/\/www.dumitra.net\/blog\/wp-content\/fileStore\/2012\/08\/Tonitza_Nud_culcat.jpg 600w\" sizes=\"auto, (max-width: 300px) 100vw, 300px\" \/><\/p>\n<p><em><\/em><strong>Nicolae Tonitza<\/strong> &#8211; <em>Nud culcat<\/em><\/p>\n<p><strong>Cumin\u021benia formelor suave, line.<\/strong><\/p>\n<p>&nbsp;<\/p>\n<p>&nbsp;<\/p>\n<p><strong><br \/>\n<\/strong><\/p>\n<p><img loading=\"lazy\" decoding=\"async\" class=\"alignleft size-medium wp-image-2702\" title=\"_Brancusi_Nud\" src=\"https:\/\/www.dumitra.net\/blog\/wp-content\/fileStore\/2012\/08\/Brancusi_Nud1-242x300.jpg\" alt=\"\" width=\"242\" height=\"300\" srcset=\"https:\/\/www.dumitra.net\/blog\/wp-content\/fileStore\/2012\/08\/Brancusi_Nud1-242x300.jpg 242w, https:\/\/www.dumitra.net\/blog\/wp-content\/fileStore\/2012\/08\/Brancusi_Nud1.jpg 485w\" sizes=\"auto, (max-width: 242px) 100vw, 242px\" \/><\/p>\n<p><strong>Constantin Br\u00e2ncu\u0219i<\/strong> &#8211; <em>Nud<\/em><\/p>\n<p>&nbsp;<\/p>\n<p>&nbsp;<\/p>\n<p>&nbsp;<\/p>\n<p>&nbsp;<\/p>\n<p>&nbsp;<\/p>\n<p>&nbsp;<\/p>\n<p><img loading=\"lazy\" decoding=\"async\" class=\"alignleft size-medium wp-image-2706\" title=\"Beija-Flor-25\" src=\"https:\/\/www.dumitra.net\/blog\/wp-content\/fileStore\/2012\/08\/Beija-Flor-25-300x240.jpg\" alt=\"\" width=\"300\" height=\"240\" srcset=\"https:\/\/www.dumitra.net\/blog\/wp-content\/fileStore\/2012\/08\/Beija-Flor-25-300x240.jpg 300w, https:\/\/www.dumitra.net\/blog\/wp-content\/fileStore\/2012\/08\/Beija-Flor-25.jpg 666w\" sizes=\"auto, (max-width: 300px) 100vw, 300px\" \/>Si ajungem \u00een zilele noastre cu silueta brazilian\u0103 &#8211; ca s\u0103 ne \u00eentoarcem la Rubens, de fapt. Deci, ce s-a schimbat \u00een c\u00e2teva secole? Nimic! Tipul de siluet\u0103 promovat de prezent\u0103rile de mod\u0103 nu-i inspir\u0103, poate, nici pe designeri:).<\/p>\n<p>Concluzia? <strong>Doamnelor \u0219i domni\u0219oarelor, m\u00e2nca\u021bi s\u0103n\u0103tos, face\u021bi sport, p\u0103stra\u021bi-v\u0103 armonia trupului \u0219i a spiritului!\u00a0 <\/strong><\/p>\n<p><strong>E re\u021beta des\u0103v\u00e2r\u0219it\u0103!<\/strong><\/p>\n","protected":false},"excerpt":{"rendered":"<p>&#8211; Vreau s\u0103 fiu slab\u0103! Da, ce ai, mam\u0103, \u021bi-e r\u0103u? -Nu, da a\u0219a a zis Bote la rialiti \u0219ou c\u0103 trebuie! Care Bote, mam\u0103? Bottecelli? &#8211; Hai, mam\u0103, cine mai e \u0219i Bottecelli&#46;&#46;&#46;<\/p>\n","protected":false},"author":1,"featured_media":0,"comment_status":"open","ping_status":"closed","sticky":false,"template":"","format":"standard","meta":{"ngg_post_thumbnail":0,"footnotes":""},"categories":[4],"tags":[23,24,22],"class_list":["post-2672","post","type-post","status-publish","format-standard","hentry","category-personal","tag-forme-pline","tag-rotunjimi","tag-silueta"],"_links":{"self":[{"href":"https:\/\/www.dumitra.net\/blog\/index.php?rest_route=\/wp\/v2\/posts\/2672","targetHints":{"allow":["GET"]}}],"collection":[{"href":"https:\/\/www.dumitra.net\/blog\/index.php?rest_route=\/wp\/v2\/posts"}],"about":[{"href":"https:\/\/www.dumitra.net\/blog\/index.php?rest_route=\/wp\/v2\/types\/post"}],"author":[{"embeddable":true,"href":"https:\/\/www.dumitra.net\/blog\/index.php?rest_route=\/wp\/v2\/users\/1"}],"replies":[{"embeddable":true,"href":"https:\/\/www.dumitra.net\/blog\/index.php?rest_route=%2Fwp%2Fv2%2Fcomments&post=2672"}],"version-history":[{"count":22,"href":"https:\/\/www.dumitra.net\/blog\/index.php?rest_route=\/wp\/v2\/posts\/2672\/revisions"}],"predecessor-version":[{"id":2718,"href":"https:\/\/www.dumitra.net\/blog\/index.php?rest_route=\/wp\/v2\/posts\/2672\/revisions\/2718"}],"wp:attachment":[{"href":"https:\/\/www.dumitra.net\/blog\/index.php?rest_route=%2Fwp%2Fv2%2Fmedia&parent=2672"}],"wp:term":[{"taxonomy":"category","embeddable":true,"href":"https:\/\/www.dumitra.net\/blog\/index.php?rest_route=%2Fwp%2Fv2%2Fcategories&post=2672"},{"taxonomy":"post_tag","embeddable":true,"href":"https:\/\/www.dumitra.net\/blog\/index.php?rest_route=%2Fwp%2Fv2%2Ftags&post=2672"}],"curies":[{"name":"wp","href":"https:\/\/api.w.org\/{rel}","templated":true}]}}