{"id":2616,"date":"2012-08-14T12:55:49","date_gmt":"2012-08-14T12:55:49","guid":{"rendered":"http:\/\/www.dumitra.net\/blog\/?p=2616"},"modified":"2012-08-14T13:46:21","modified_gmt":"2012-08-14T13:46:21","slug":"o-data-la-4-ani-descoperim-ca-in-romania-avem-si-alte-sporturi","status":"publish","type":"post","link":"https:\/\/www.dumitra.net\/blog\/?p=2616","title":{"rendered":"O dat\u0103 la 4 ani descoperim c\u0103 \u00een Rom\u00e2nia exist\u0103 \u0219i alte sporturi \u00een afar\u0103 de fotbal"},"content":{"rendered":"<p>Gigi Becali s-a rugat la muntele Athos \u0219i o echip\u0103 a Pro TV-ului a avut grij\u0103 ca lum\u00e2n\u0103rile s\u0103 nu i se sting\u0103&#8230;; Gigi Becali \u00eei declar\u0103 r\u0103zboi lui Mitic\u0103 Dragomir&#8230;; cutare fotbalist \u00ee\u0219i p\u0103r\u0103se\u0219te iubita fotomodel&#8230;; fotbali\u0219tilor li s-a promis o prim\u0103 dac\u0103&#8230;.; &#8211; cam a\u0219a arat\u0103 \u00een opinia mea tabloul sportiv al Rom\u00e2niei de ast\u0103zi: fotbal \u0219i circ pe p\u00e2ine. Sporadic mai scap\u0103 c\u00e2te o \u0219tire din gimnastic\u0103, volei, handbal, baschet, ciclism, scrim\u0103, dar care nu fac audien\u021b\u0103, probabil&#8230;.<\/p>\n<p>&#8230;cu toate acestea, la J<strong>ocurile Olimpice din 2012, cu 9 medalii c\u00e2\u0219tigate (din care 2 de aur ), Rom\u00e2nia a ocupat locul 27 din 79 &#8211; cu 10 locuri peste clasamentul ob\u021binut la Beijing,<\/strong> gra\u021bie celor 4 medalii de aur ob\u021binute \u00een 2008.<\/p>\n<p><img loading=\"lazy\" decoding=\"async\" class=\"alignleft size-medium wp-image-2628\" title=\"ionescu_medalion-sageata-di_1\" src=\"https:\/\/www.dumitra.net\/blog\/wp-content\/fileStore\/2012\/08\/ionescu_medalion-sageata-di_1-300x250.jpg\" alt=\"\" width=\"300\" height=\"250\" srcset=\"https:\/\/www.dumitra.net\/blog\/wp-content\/fileStore\/2012\/08\/ionescu_medalion-sageata-di_1-300x250.jpg 300w, https:\/\/www.dumitra.net\/blog\/wp-content\/fileStore\/2012\/08\/ionescu_medalion-sageata-di_1.jpg 500w\" sizes=\"auto, (max-width: 300px) 100vw, 300px\" \/>Cu ocazia asta am putut afla \u0219i noi c\u0103 avem un marathonist de valoare, Marius Ionescu, care, prima dat\u0103 \u00een 50 de ani, rupe \u201dt\u0103cerea\u201e Rom\u00e2niei la JO, clas\u00e2ndu-se pe un onorabil loc 26 (2h16:28); c\u0103 la tir avem un campion de aur, Alin Moldoveanu, c\u0103 avem halterofile \u0219i halterofili\u00a0 talenta\u021bi etc.<\/p>\n<p>Oamenii ace\u0219tia sunt cunoscu\u021bi \u00een cercurile lor, dar rareori ajung la marele public prin intermediul televiziunilor. Oameni ca ei ar trebui s\u0103 fie modele pentru copiii no\u0219tri, s\u0103-i inspire, s\u0103-i imite, s\u0103-i fac\u0103 s\u0103 viseze; pove\u0219tile lor despre sudoare, sacrificiu \u0219i chiar durere fizic\u0103 ar trebui s\u0103 le auzim &#8211; nu despre Becali, nu despre Dragomir, nu despre cutare fotbalist petrec\u0103re\u021b, nu despre fotomodele cuplate cu fotbali\u0219ti &#8211; visul adolescentelor f\u0103r\u0103 de busol\u0103, nu despre silicoane c\u00e2t mai mari \u0219i sexi&#8230;.<\/p>\n<p>G\u0103sesc c\u0103 cea mai mare vin\u0103 a lor este c\u0103 nu fac nimic spectaculos \u0219i nici scandalos: munca nu este spectaculoas\u0103, \u0219mecheria -da. \u021ai se face pielea de g\u0103in\u0103 c\u00e2nd auzi din gura unui sportiv ca<strong> Alin Moldoveanu \u201dam muncit 16 ani s\u0103 ajung aici\u201d<\/strong>. O astfel de <img loading=\"lazy\" decoding=\"async\" class=\"alignright size-medium wp-image-2630\" title=\"alin-moldoveanu-medalie-olimpiada-londra2012\" src=\"https:\/\/www.dumitra.net\/blog\/wp-content\/fileStore\/2012\/08\/alin-moldoveanu-medalie-olimpiada-londra2012-300x169.jpg\" alt=\"\" width=\"300\" height=\"169\" srcset=\"https:\/\/www.dumitra.net\/blog\/wp-content\/fileStore\/2012\/08\/alin-moldoveanu-medalie-olimpiada-londra2012-300x169.jpg 300w, https:\/\/www.dumitra.net\/blog\/wp-content\/fileStore\/2012\/08\/alin-moldoveanu-medalie-olimpiada-londra2012.jpg 560w\" sizes=\"auto, (max-width: 300px) 100vw, 300px\" \/>propozi\u021bie sun\u0103 descurajator &#8211; n-a f\u0103cut nici specula\u021bii imobiliare, n-a fraierit pe nimeni &#8211; a muncit, pardon de expresie, ca prostul&#8230; \u00een final s\u0103 fie chemat la Cotroceni, s\u0103 ciocneas\u0103 o cup\u0103 de \u0219ampanie cu pre\u0219edintele, s\u0103 plece cu un buchet de flori, \u0219i apoi s\u0103 se a\u0219tearn\u0103 praful \u0219i uitarea peste el. Poate s\u0103 mai auzim peste c\u00e2\u021biva ani c\u00e2nd, doamne fere\u0219te!, va apela la mila public\u0103 pentru vreun ajutor de boal\u0103 necru\u021b\u0103toare. Ei, vezi, abia acum devine interesant pentru televiziuni \u0219i, implicit, pentru marele public!. O s\u0103 vin\u0103 un alt Mircea Badea sau Ciutacu s\u0103 pozeze \u00een \u0219ort de boxeur \u0219i din pozele licitate s\u0103 ajute un mare fost campion. Ce gest m\u0103re\u021b! C\u00e2t\u0103 generozitate! Ce audien\u021b\u0103!<\/p>\n<p>Aud c\u0103 oficialit\u0103\u021bile rom\u00e2ne sunt \u00eengrijorate de soarta sportului rom\u00e2nesc: anticip\u0103m c\u0103, \u00een 2016, la urm\u0103toarele JO, ne vom alege cu praful de pe tob\u0103; c\u0103 trebuie f\u0103cut ceva cu sportul rom\u00e2nesc&#8230;.<\/p>\n<p>Da, domnilor guvernan\u021bi, trebuie! Dar at\u00e2ta timp c\u00e2t materia sport este prima care <em>sare<\/em> din orarul copiilor; at\u00e2ta timp c\u00e2t fo\u0219tii sportivi ajung agen\u021bi de paz\u0103 \u00een loc s\u0103 presteze o munc\u0103 bine pl\u0103tit\u0103 \u0219i recunoscut\u0103 ca antrenori\u00a0 &#8211; nu cred c\u0103 se va schimba mare lucru.<\/p>\n<p>Nu fac apologia vremurilor comuniste \u0219i nu am nostalgii &#8211; am suferit prea mult! Dar nu pot s\u0103 nu \u00eemi amintesc, de pild\u0103, c\u0103 la gr\u0103dini\u021b\u0103 aveam s\u0103pt\u0103m\u00e2nal ore de \u00eenot; c\u0103 antrenorii de la clubul de atletism \u201dVoin\u021ba Br\u0103ila\u201d f\u0103ceau adev\u0103rate <em>razii<\/em> \u00een \u0219coli pentru descoperirea copiilor talenta\u021bi &#8211; astfel am f\u0103cut \u0219i eu cuno\u0219tin\u021b\u0103 cu aceast\u0103 disciplin\u0103; c\u0103 antrenorii f\u0103ceau un adev\u0103rat lobby pe l\u00e2ng\u0103 profesori \u0219i p\u0103rin\u021bi pentru ca odraslele s\u0103 nu se lase de sport (l\u0103sa\u021bi-o, domnule R\u00ee\u0219noveanu, s\u0103 vin\u0103 la antrenamente c\u0103 are stof\u0103! \u00eei spunea antrenorul de handbal tat\u0103lui meu \u00een poarta casei); c\u0103 ora de sport era or\u0103 de sport \u0219i nu de matematic\u0103 &#8211; aveam probe \u00een urma c\u0103rora primeam note: vitez\u0103, s\u0103rituri la groap\u0103, handbal, tenis de mas\u0103, <em><strong>oin\u0103<\/strong><\/em>, chiar \u0219i s\u0103rituri la b\u00e2rn\u0103; c\u0103 antrenorul era un fel de Dumnezeu.<\/p>\n<p>\u00cen final, r\u0103m\u00e2i cu un gust amar.<strong> Nici \u00een materie de atletism nu am avut nimic de spus lumii la aceste JO.<\/strong> Suntem \u00eens\u0103 campioni la jocuri politice balcanice &#8211; e \u0219i asta o performan\u021b\u0103!<\/p>\n<p><strong>O contraperforman\u021b\u0103!<\/strong><\/p>\n","protected":false},"excerpt":{"rendered":"<p>Gigi Becali s-a rugat la muntele Athos \u0219i o echip\u0103 a Pro TV-ului a avut grij\u0103 ca lum\u00e2n\u0103rile s\u0103 nu i se sting\u0103&#8230;; Gigi Becali \u00eei declar\u0103 r\u0103zboi lui Mitic\u0103 Dragomir&#8230;; cutare fotbalist \u00ee\u0219i&#46;&#46;&#46;<\/p>\n","protected":false},"author":1,"featured_media":0,"comment_status":"open","ping_status":"closed","sticky":false,"template":"","format":"standard","meta":{"ngg_post_thumbnail":0,"footnotes":""},"categories":[1],"tags":[],"class_list":["post-2616","post","type-post","status-publish","format-standard","hentry","category-sport"],"_links":{"self":[{"href":"https:\/\/www.dumitra.net\/blog\/index.php?rest_route=\/wp\/v2\/posts\/2616","targetHints":{"allow":["GET"]}}],"collection":[{"href":"https:\/\/www.dumitra.net\/blog\/index.php?rest_route=\/wp\/v2\/posts"}],"about":[{"href":"https:\/\/www.dumitra.net\/blog\/index.php?rest_route=\/wp\/v2\/types\/post"}],"author":[{"embeddable":true,"href":"https:\/\/www.dumitra.net\/blog\/index.php?rest_route=\/wp\/v2\/users\/1"}],"replies":[{"embeddable":true,"href":"https:\/\/www.dumitra.net\/blog\/index.php?rest_route=%2Fwp%2Fv2%2Fcomments&post=2616"}],"version-history":[{"count":16,"href":"https:\/\/www.dumitra.net\/blog\/index.php?rest_route=\/wp\/v2\/posts\/2616\/revisions"}],"predecessor-version":[{"id":2619,"href":"https:\/\/www.dumitra.net\/blog\/index.php?rest_route=\/wp\/v2\/posts\/2616\/revisions\/2619"}],"wp:attachment":[{"href":"https:\/\/www.dumitra.net\/blog\/index.php?rest_route=%2Fwp%2Fv2%2Fmedia&parent=2616"}],"wp:term":[{"taxonomy":"category","embeddable":true,"href":"https:\/\/www.dumitra.net\/blog\/index.php?rest_route=%2Fwp%2Fv2%2Fcategories&post=2616"},{"taxonomy":"post_tag","embeddable":true,"href":"https:\/\/www.dumitra.net\/blog\/index.php?rest_route=%2Fwp%2Fv2%2Ftags&post=2616"}],"curies":[{"name":"wp","href":"https:\/\/api.w.org\/{rel}","templated":true}]}}