{"id":2432,"date":"2012-08-03T08:39:12","date_gmt":"2012-08-03T08:39:12","guid":{"rendered":"http:\/\/www.dumitra.net\/blog\/?p=2432"},"modified":"2012-08-03T09:40:48","modified_gmt":"2012-08-03T09:40:48","slug":"afinele-superbrain-food","status":"publish","type":"post","link":"https:\/\/www.dumitra.net\/blog\/?p=2432","title":{"rendered":"O poveste cu afine"},"content":{"rendered":"<p><img loading=\"lazy\" decoding=\"async\" class=\"alignleft size-medium wp-image-2435\" title=\"Afine\" src=\"https:\/\/www.dumitra.net\/blog\/wp-content\/fileStore\/2012\/08\/Afine-300x200.jpg\" alt=\"\" width=\"300\" height=\"200\" srcset=\"https:\/\/www.dumitra.net\/blog\/wp-content\/fileStore\/2012\/08\/Afine-300x200.jpg 300w, https:\/\/www.dumitra.net\/blog\/wp-content\/fileStore\/2012\/08\/Afine-1024x682.jpg 1024w, https:\/\/www.dumitra.net\/blog\/wp-content\/fileStore\/2012\/08\/Afine.jpg 1843w\" sizes=\"auto, (max-width: 300px) 100vw, 300px\" \/>Bucuria dimine\u0163ilor de var\u0103, ca aceasta de ast\u0103zi, o asociez cu ochii \u00eenc\u0103 nedezlipi\u0163i de somn ai copiilor mei, por\u0163ia de afine proaspete cu iaurt de la micul dejun \u015fi z\u00e2mbetul lor colorat \u00een violet.<\/p>\n<p>\u00cen pia\u0163a cu aer condi\u0163ionat a lui Piedone sunt o celebritate; \u015ftiindu-m\u0103 mare cump\u0103r\u0103toare, v\u00e2nz\u0103toarea de afine m\u0103 fixeaz\u0103 cu privirea de cum m\u0103 z\u0103re\u015fte ap\u0103r\u00e2nd \u00een pia\u0163\u0103 &#8211; s\u0103 nu care cumva s\u0103 o ocolesc, ea e acolo cu tot cu fructele ei proaspete. Dup\u0103 obiceiul p\u0103strat din copil\u0103rie, fac un tur complet de pia\u0163\u0103 ca s\u0103 adulmec bog\u0103\u0163ia fructelor, a legumelor, spectacolul oferit de \u0163\u0103ranii autentici, cei care v\u00e2nd la prima m\u00e2n\u0103&#8230;<\/p>\n<p>Pe v\u00e2nz\u0103toarea mea de afine o cunosc de c\u00e2\u0163iva ani; la aceea\u015fi tarab\u0103 o v\u0103d cum \u00eemb\u0103tr\u00e2ne\u015fte dup\u0103 firele de p\u0103r care \u00eei cresc ondulat \u00een b\u0103rbie \u015fi m\u00e2inile din ce \u00een ce mai uscate &#8211; \u00eencepe s\u0103 semene tot mai mult a b\u0103rbat.<\/p>\n<p>&#8211; &#8220;Tu nu mai \u00eemb\u0103tr\u00e2ne\u015fti, m\u0103i&#8221; &#8211; \u00eemi zise ea \u00eentr-o zi c\u00e2nd c\u00e2nd m\u0103 dusei \u00een pia\u0163\u0103 mai dichisit\u0103!<\/p>\n<p>&#8211; &#8220;\u015ei mata&#8230;.&#8221; i-am r\u0103spuns dintr-o polite\u0163e ambigu\u0103 din care nu trebuia, evident, s\u0103 \u00een\u0163eleag\u0103 ceva.<\/p>\n<p><img loading=\"lazy\" decoding=\"async\" class=\"aligncenter size-medium wp-image-2437\" title=\"Fructe de padure Borough market Londra2\" src=\"https:\/\/www.dumitra.net\/blog\/wp-content\/fileStore\/2012\/08\/Fructe-de-padure-Borough-market-Londra2-300x200.jpg\" alt=\"\" width=\"300\" height=\"200\" srcset=\"https:\/\/www.dumitra.net\/blog\/wp-content\/fileStore\/2012\/08\/Fructe-de-padure-Borough-market-Londra2-300x200.jpg 300w, https:\/\/www.dumitra.net\/blog\/wp-content\/fileStore\/2012\/08\/Fructe-de-padure-Borough-market-Londra2-1024x682.jpg 1024w, https:\/\/www.dumitra.net\/blog\/wp-content\/fileStore\/2012\/08\/Fructe-de-padure-Borough-market-Londra2.jpg 1843w\" sizes=\"auto, (max-width: 300px) 100vw, 300px\" \/><\/p>\n<p>Cel pu\u0163in \u00een privin\u0163a afinelor, rareori se \u00eent\u00e2mpl\u0103 s\u0103-mi dezam\u0103gesc v\u00e2nz\u0103toarea: sunt o cump\u0103r\u0103toare generoas\u0103. \u015ei, deopotriv\u0103, o mare consumatoare &#8211; de afine, desigur:).<\/p>\n<p>\u015etii \u015fi de ce? Sunt de o dulcea\u0163\u0103 inofensiv\u0103, sunt &#8220;crocante&#8221; \u015fi sunt <strong>antioxidante<\/strong>. <strong>\u00cen topul alimentelor antioxidante<\/strong>, afinele ocup\u0103 <strong>locul al 3-lea<\/strong>: o por\u0163ie de 100 de gr. afine echivaleaz\u0103 cu 5 por\u0163ii de legume sau alte fructe cu acela\u015fi efect antioxidant.<\/p>\n<p>Au <strong>calorii negative<\/strong> &#8211; spun speciali\u015ftii &#8211; adic\u0103 m\u0103n\u00e2nci \u015fi <strong>nu te \u00eengra\u015fi<\/strong>, <strong>vitamine<\/strong>, <strong>minerale<\/strong> \u015fi <strong>fitonutrien\u0163i<\/strong> (<strong>\u00eent\u0103resc capilarele sangvine, protejeaz\u0103 celulele cerebrale \u00eempotriva \u00eemb\u0103tr\u00e2nirii<\/strong>).<\/p>\n<p><strong>Foarte important pentru persoanele <\/strong><img loading=\"lazy\" decoding=\"async\" class=\"alignright size-medium wp-image-2436\" title=\"Fructe de padure\" src=\"https:\/\/www.dumitra.net\/blog\/wp-content\/fileStore\/2012\/08\/Fructe-de-padure-300x226.jpg\" alt=\"\" width=\"300\" height=\"226\" srcset=\"https:\/\/www.dumitra.net\/blog\/wp-content\/fileStore\/2012\/08\/Fructe-de-padure-300x226.jpg 300w, https:\/\/www.dumitra.net\/blog\/wp-content\/fileStore\/2012\/08\/Fructe-de-padure-1024x774.jpg 1024w, https:\/\/www.dumitra.net\/blog\/wp-content\/fileStore\/2012\/08\/Fructe-de-padure.jpg 1426w\" sizes=\"auto, (max-width: 300px) 100vw, 300px\" \/><strong>\u00een v\u00e2rst\u0103: afinele previn pierderile de memorie!<\/strong><\/p>\n<p>Bon appetit! \u00cenainte de mas\u0103 sau \u00eentre mese!:)<\/p>\n<p><em>Despre dulcea\u0163a mea de afine de p\u0103dure cu fructoz\u0103 povestim alt\u0103 dat\u0103.<\/em><\/p>\n<p>&nbsp;<\/p>\n","protected":false},"excerpt":{"rendered":"<p>Bucuria dimine\u0163ilor de var\u0103, ca aceasta de ast\u0103zi, o asociez cu ochii \u00eenc\u0103 nedezlipi\u0163i de somn ai copiilor mei, por\u0163ia de afine proaspete cu iaurt de la micul dejun \u015fi z\u00e2mbetul lor colorat \u00een&#46;&#46;&#46;<\/p>\n","protected":false},"author":1,"featured_media":0,"comment_status":"open","ping_status":"closed","sticky":false,"template":"","format":"standard","meta":{"ngg_post_thumbnail":0,"footnotes":""},"categories":[11,4,9],"tags":[],"class_list":["post-2432","post","type-post","status-publish","format-standard","hentry","category-dieta","category-personal","category-sanatate"],"_links":{"self":[{"href":"https:\/\/www.dumitra.net\/blog\/index.php?rest_route=\/wp\/v2\/posts\/2432","targetHints":{"allow":["GET"]}}],"collection":[{"href":"https:\/\/www.dumitra.net\/blog\/index.php?rest_route=\/wp\/v2\/posts"}],"about":[{"href":"https:\/\/www.dumitra.net\/blog\/index.php?rest_route=\/wp\/v2\/types\/post"}],"author":[{"embeddable":true,"href":"https:\/\/www.dumitra.net\/blog\/index.php?rest_route=\/wp\/v2\/users\/1"}],"replies":[{"embeddable":true,"href":"https:\/\/www.dumitra.net\/blog\/index.php?rest_route=%2Fwp%2Fv2%2Fcomments&post=2432"}],"version-history":[{"count":18,"href":"https:\/\/www.dumitra.net\/blog\/index.php?rest_route=\/wp\/v2\/posts\/2432\/revisions"}],"predecessor-version":[{"id":2447,"href":"https:\/\/www.dumitra.net\/blog\/index.php?rest_route=\/wp\/v2\/posts\/2432\/revisions\/2447"}],"wp:attachment":[{"href":"https:\/\/www.dumitra.net\/blog\/index.php?rest_route=%2Fwp%2Fv2%2Fmedia&parent=2432"}],"wp:term":[{"taxonomy":"category","embeddable":true,"href":"https:\/\/www.dumitra.net\/blog\/index.php?rest_route=%2Fwp%2Fv2%2Fcategories&post=2432"},{"taxonomy":"post_tag","embeddable":true,"href":"https:\/\/www.dumitra.net\/blog\/index.php?rest_route=%2Fwp%2Fv2%2Ftags&post=2432"}],"curies":[{"name":"wp","href":"https:\/\/api.w.org\/{rel}","templated":true}]}}