{"id":15801,"date":"2025-10-17T07:30:11","date_gmt":"2025-10-17T07:30:11","guid":{"rendered":"https:\/\/www.dumitra.net\/blog\/?p=15801"},"modified":"2025-10-17T07:31:22","modified_gmt":"2025-10-17T07:31:22","slug":"nebanuite-s-tacerile-domnului-tanase","status":"publish","type":"post","link":"https:\/\/www.dumitra.net\/blog\/?p=15801","title":{"rendered":"Gr\u0103itele t\u0103ceri ale lui Tase"},"content":{"rendered":"\n<p>S\u0103pt\u0103m\u00e2na asta m-a surprins T\u0103cerea \u00een toate formele \u0219i teoriile \u0219i-a\u0219 fi gre\u0219it \u00eenvecin\u00e2nd &#8211; cum \u00eemi \u201et\u0103cuse\u201d prin cap ini\u021bial &#8211; \u00een aceea\u0219i postare Teoria t\u0103cerii <a><\/a>(Iulian T\u0103nase) de Forma t\u0103cerii (Cristian Fula\u0219).<\/p>\n\n\n\n<p>C\u0103r\u021bile astea dou\u0103 par s\u0103 semene, dar deloc nu r\u0103sar din aceea\u0219i s\u0103m\u00e2n\u021b\u0103, deci, sub nicio Form\u0103, s\u0103 nu le b\u0103g\u0103m \u00een aceea\u0219i&#8230; M\u0103rie cu alt\u0103 Teorie.<\/p>\n\n\n\n<p>Ba mai mult, nici Faulkner cu al s\u0103u \u201ePe patul de moarte\u201d n-are ce c\u0103uta \u00een poveste &#8211; \u00een caz c\u0103 v\u0103 g\u00e2ndea\u021bi s\u0103-l pomeni\u021bi cu trimitere la cartea lui Fula\u0219 -, cum n-are ce c\u0103uta nici evocarea stilului de scriere al lui Fosse, tot cu trimitere la Forma t\u0103cerii).<\/p>\n\n\n\n<p>Dar s\u0103 revin la Teoria de azi.<\/p>\n\n\n\n<p>Dac\u0103 voi \u0219ti\u021bi ceva mai clar \u0219i cuprinz\u0103tor, \u0219i ludic despre c\u00e2te feluri de t\u0103ceri exist\u0103 \u0219i cum s\u0103 faci ca s\u0103 taci mai bine, mai cu spor \u0219i cu mai mult \u00een\u021beles (nu uita\u021bi, avem dou\u0103 urechi \u0219i doar o gur\u0103 \u0219i \u00een propor\u021biile astea ar trebui folosite), da\u021bi-mi de veste.<\/p>\n\n\n\n<p>Sau a\u021bi putea la fel de bine s\u0103 t\u0103ce\u021bi. Trec\u00e2nd prin toat\u0103 Teoria t\u0103cerii a lui Iulian T\u0103nase, sigur o voi \u00een\u021belege \u0219i pe-a voastr\u0103. De\u0219i a trecut ceva timp de c\u00e2nd am citit-ascultat-o, pur \u0219i simplu n-am cum s\u0103 uit c\u0103 \u201ese poate t\u0103cea la modul zgomotos\u201d sau \u201ef\u0103r\u0103 mil\u0103\u201d, sau \u201ese poate t\u0103cea ostentativ\u201d, \u201epe litere\u201d, \u201epe ceas\u201d, \u201e\u00een dialect\u201d etc.<\/p>\n\n\n\n<p>Din c\u00e2te cunosc, nu-s mul\u021bi autori rom\u00e2ni care s\u0103 se joace cu mult foc \u0219i cu miez scriind \u0219i, din joaca asta de oameni \u00een toat\u0103 firea literelor, s\u0103 \u021b\u00e2\u0219neasc\u0103 mir\u0103ri de pove\u0219ti \u0219i piste pe unde vorbele, \u00eent\u00e2mpl\u0103rile, n\u0103scocirile se \u00eentrec \u0219i c\u00e2\u0219tig\u0103tor e\u0219ti tu, cel care le cite\u0219ti f\u0103r\u0103 s\u0103 n\u0103du\u0219e\u0219ti.<\/p>\n\n\n\n<p>(Eu citesc, tu cite\u0219ti, el n\u0103du\u0219e\u0219te. Vezi campania C\u0103rture\u0219ti \u201eSus\u021bine autorii rom\u00e2ni contemporani\u201d)<\/p>\n\n\n\n<p>\u00cel amintesc aici, c\u0103ci e inconturnabil, pe scriitorul Emilian Galaicu-P\u0103un, cu a sa \u201eTimes New. Roman 12\/18\u201d, Editura Cartier, un mare ludic al literelor.<\/p>\n\n\n\n<p>Avem \u00een cartea lui Iulian T\u0103nase o surprinz\u0103toare joac\u0103-dovad\u0103 pe larg, pe scurt, pe sus, prin v\u0103zduh, prin m\u0103ri \u0219i t\u0103ri, prin pe\u0219ti \u0219i prin dep\u0103rt\u0103ri \u0219i apropieri, prin poe\u021bi \u0219i filozofi, prin via\u021b\u0103 \u0219i prin moarte, prin spuse \u0219i nespuse, c\u0103 despre t\u0103cere se poate vorbi (\u0219i scrie) mult \u0219i bine, cu s\u00e2nge rece, cu gura plin\u0103 de t\u0103ceri \u0219i, mai ales, f\u0103r\u0103 mil\u0103.<\/p>\n\n\n\n<p>I-a ie\u0219it bine-bine T\u0103cerea asta \u0219i-a\u0219 mai fi stat \u00een mu\u021benia mea admirativ\u0103 dac\u0103 n-a\u0219 \u0219ti c\u00e2t de util e s\u0103 spui \u0219i altora c\u0103 \u201ese poate t\u0103cea printre r\u00e2nduri\u201d. \u0218i, cu c\u00e2t cite\u0219ti mai mult, cu at\u00e2t taci mai mult (iar\u0103\u0219i zic, avem doi ochi \u0219i-o gur\u0103, s\u0103-i folosim \u00een propor\u021bia asta).<\/p>\n\n\n\n<p>Acum nu \u0219tiu dac\u0103 mai bine dec\u00e2t a reu\u0219it cu Teoria fricii (o fi cazul s\u0103 le compar?), dar sigur Teoria fricii e mult mai aproape de \u00een\u021belegerea \u0219i r\u00e2sul meu dec\u00e2t a fost \u201eMaterial bun\u201d, de Dolly Alderton. \u0218i mult mai amuzant\u0103. \u0218i sofisticat\u0103.<\/p>\n\n\n\n<p>Ce-are a face una cu alta? Are, c\u0103ci citind cartea lui Alderton (frumos tradus\u0103 de Ludovic-\u0218tefan Skultety), am avut un deja-vu, deja-lu, mai bine zis, al Teoriei fricii, cititit\u0103 cu muult \u00eenaintea Teoriei t\u0103cerii.<\/p>\n\n\n\n<p>La momentul \u0103sta, cazul este elucidat. Jur pe AI c\u0103 e doar o coinciden\u021b\u0103 de tem\u0103. Ambele, adic\u0103 \u0219i Teoria fricii, \u0219i Material bun, au fost publicate aproape concomitent. P\u00e2n\u0103 \u0219i pre\u021bul e net \u00een favoarea Teoriei Fricii. Din perspectiva cump\u0103r\u0103torului vorbesc.<\/p>\n\n\n\n<p>\u0218i, dac\u0103 m-ar fi luat t\u0103cerea pe dinainte, a\u0219 fi realizat mai repede c-am deschis o bucl\u0103: am plecat de la t\u0103cere trec\u00e2nd prin fric\u0103 \u0219i vom ajunge, se pare, \u0219i la singur\u0103tate, la Teoria singur\u0103t\u0103\u021bii la care autorul lucreaz\u0103. Sau poate a terminat?<\/p>\n\n\n\n<p>Deocamdat\u0103, T\u0103cere&#8230; Teoria t\u0103cerii. \u0218i a pl\u0103cerii.<\/p>\n\n\n\n<figure class=\"wp-block-image size-full\"><img loading=\"lazy\" decoding=\"async\" width=\"800\" height=\"846\" src=\"https:\/\/www.dumitra.net\/blog\/wp-content\/fileStore\/2025\/10\/Screenshot_20251015_151730_Voxa.jpg\" alt=\"\" class=\"wp-image-15802\" srcset=\"https:\/\/www.dumitra.net\/blog\/wp-content\/fileStore\/2025\/10\/Screenshot_20251015_151730_Voxa.jpg 800w, https:\/\/www.dumitra.net\/blog\/wp-content\/fileStore\/2025\/10\/Screenshot_20251015_151730_Voxa-284x300.jpg 284w, https:\/\/www.dumitra.net\/blog\/wp-content\/fileStore\/2025\/10\/Screenshot_20251015_151730_Voxa-768x812.jpg 768w, https:\/\/www.dumitra.net\/blog\/wp-content\/fileStore\/2025\/10\/Screenshot_20251015_151730_Voxa-600x635.jpg 600w\" sizes=\"auto, (max-width: 800px) 100vw, 800px\" \/><\/figure>\n","protected":false},"excerpt":{"rendered":"<p>S\u0103pt\u0103m\u00e2na asta m-a surprins T\u0103cerea \u00een toate formele \u0219i teoriile \u0219i-a\u0219 fi gre\u0219it \u00eenvecin\u00e2nd &#8211; cum \u00eemi \u201et\u0103cuse\u201d prin cap ini\u021bial &#8211; \u00een aceea\u0219i postare Teoria t\u0103cerii (Iulian T\u0103nase) de Forma t\u0103cerii (Cristian Fula\u0219).&#46;&#46;&#46;<\/p>\n","protected":false},"author":1,"featured_media":0,"comment_status":"open","ping_status":"closed","sticky":false,"template":"","format":"standard","meta":{"ngg_post_thumbnail":0,"footnotes":""},"categories":[1413],"tags":[2636,2637,2638],"class_list":["post-15801","post","type-post","status-publish","format-standard","hentry","category-raftul-lui-radu","tag-recenzie-carte-teoria-tacerii-de-iulian-tanase","tag-recenzie-teoria-fricii-de-iulian-tanase","tag-teoria-fricii-pareri"],"_links":{"self":[{"href":"https:\/\/www.dumitra.net\/blog\/index.php?rest_route=\/wp\/v2\/posts\/15801","targetHints":{"allow":["GET"]}}],"collection":[{"href":"https:\/\/www.dumitra.net\/blog\/index.php?rest_route=\/wp\/v2\/posts"}],"about":[{"href":"https:\/\/www.dumitra.net\/blog\/index.php?rest_route=\/wp\/v2\/types\/post"}],"author":[{"embeddable":true,"href":"https:\/\/www.dumitra.net\/blog\/index.php?rest_route=\/wp\/v2\/users\/1"}],"replies":[{"embeddable":true,"href":"https:\/\/www.dumitra.net\/blog\/index.php?rest_route=%2Fwp%2Fv2%2Fcomments&post=15801"}],"version-history":[{"count":2,"href":"https:\/\/www.dumitra.net\/blog\/index.php?rest_route=\/wp\/v2\/posts\/15801\/revisions"}],"predecessor-version":[{"id":15804,"href":"https:\/\/www.dumitra.net\/blog\/index.php?rest_route=\/wp\/v2\/posts\/15801\/revisions\/15804"}],"wp:attachment":[{"href":"https:\/\/www.dumitra.net\/blog\/index.php?rest_route=%2Fwp%2Fv2%2Fmedia&parent=15801"}],"wp:term":[{"taxonomy":"category","embeddable":true,"href":"https:\/\/www.dumitra.net\/blog\/index.php?rest_route=%2Fwp%2Fv2%2Fcategories&post=15801"},{"taxonomy":"post_tag","embeddable":true,"href":"https:\/\/www.dumitra.net\/blog\/index.php?rest_route=%2Fwp%2Fv2%2Ftags&post=15801"}],"curies":[{"name":"wp","href":"https:\/\/api.w.org\/{rel}","templated":true}]}}