{"id":15711,"date":"2025-07-05T09:37:37","date_gmt":"2025-07-05T09:37:37","guid":{"rendered":"https:\/\/www.dumitra.net\/blog\/?p=15711"},"modified":"2025-07-05T10:20:23","modified_gmt":"2025-07-05T10:20:23","slug":"orasul-din-salcamul-meu","status":"publish","type":"post","link":"https:\/\/www.dumitra.net\/blog\/?p=15711","title":{"rendered":"Ora\u0219ul din salc\u00e2mul meu"},"content":{"rendered":"\n<p>Ne-am intersectat \u00een dreptul bibliotecii. Era aproape de miezul nop\u021bii. M\u0103 \u00eentorsesem cu pa\u0219i siguri, ghidat\u0103 de lumini\u021ba de pe hol. Credeam c-am uitat aprins\u0103 veioza din sufragerie.<\/p>\n\n\n\n<p>De c\u00e2nd am \u00eencercat, \u00eentr-o noapte c\u00e2nd cei de deasupra se \u00eentorseser\u0103 oftica\u021bi de la un meci de fotbal, s\u0103 \u00eenving rezisten\u021ba st\u00e2lpului de sus\u021binere de pe hol cu capul sau m\u0103car cu nasul, ca orice berbec sadea, o lamp\u0103 mic\u0103 st\u0103 mereu aprins\u0103 ca o candel\u0103. S\u0103 n-o \u00eencasez din nou.<\/p>\n\n\n\n<p>\u0218i doar \u00eentinsesem m\u00e2inile b\u00e2jb\u00e2ind prin \u00eentuneric \u0219i crezand ca e suficient sa \u021bin drumul drept. Care s-a dovedit foarte str\u00e2mb.<\/p>\n\n\n\n<p>Un flec, m-am tr\u0103dat.<\/p>\n\n\n\n<p>Dou\u0103 s\u0103pt\u0103m\u00e2ni m-am sim\u021bit precum boxerul br\u0103ilean Calistrat Cu\u021bov dup\u0103 Jocurile Olimpice din 1972. Sau ca Simion Cu\u021bov, fratele mai mic al lui Calistrat, c\u00e2nd a luat argintul la Montreal, \u00een 1976.<\/p>\n\n\n\n<p>(Sa nu c\u0103uta\u021bi dup\u0103 un al treilea frate Cu\u021bov, despre care scrie Bogdan-Alexandru St\u0103nescu \u00een <em>Soarele negru<\/em> c-ar fi fost traduc\u0103tor din rus\u0103, ca nu exist\u0103, si tocmai \u0103sta e mirajul fic\u021biunii, ca te poti juca cum pohte\u0219ti.)<\/p>\n\n\n\n<p>Adic\u0103 m-am sim\u021bit frustrat\u0103 c\u0103, de\u0219i m-am sfor\u021bat \u0219i-am lovit cu sete, nu m-am ales cu aurul.<\/p>\n\n\n\n<p>Degeaba am sunat proprietara apartamentului \u00eenchiriat \u00een regim hotelier. M\u00e2nio\u0219ii de deasupra au continuat p\u00e2n\u0103 spre zori s\u0103-\u0219i verse amarul \u00eenfr\u00e2ngerii echipei Rom\u00e2niei. Pe g\u00e2t. A doua zi, st\u0103teau dozele de bere in fa\u021ba ghenei ca popicele.<\/p>\n\n\n\n<p>Mi-am albit toat\u0103 noaptea cu ghea\u021b\u0103 la nas, s\u00e2ngerarea se oprise \u0219i tot nu puteam sa respir, pip\u0103indu-mi borc\u0103na\u0219ul, care olecu\u021b\u0103 se mutase din locul \u0219tiut. Sau mai crescuse unul.<\/p>\n\n\n\n<p>V\u00e2n\u0103taia de sub ochi abia dup\u0103 c\u00e2teva zile s-a reliefat cum trebuie. Era splendid\u0103 (\u0219tiu ca e intens folosit cuv\u00e2ntul) ca aurul cu impurit\u0103\u021bi. Adic\u0103 exact ce-mi trebuia pentru o \u00eent\u00e2lnire monden\u0103 la care era musai s\u0103 fiu.<\/p>\n\n\n\n<p>Am dres-o cu o tencuial\u0103 din fond de ten.<\/p>\n\n\n\n<p>&#8211; Ce cau\u021bi? \u00eel \u00eentreb.<\/p>\n\n\n\n<p>&#8211; S\u0103-ncep alta. Nu \u021bi-am zis c-am terminat <em>Prizonieri \u00een noaptea polar\u0103<\/em>?<\/p>\n\n\n\n<p>&#8211; Ti-am cump\u0103rat Orbital, m-am g\u00e2ndit c-o s\u0103-\u021bi plac\u0103. Sau cite\u0219te una dintre cele recomande de diriginta.<\/p>\n\n\n\n<p>Scot totu\u0219i Orbital. I-o \u00eentind, g\u00e2ndindu-m\u0103 cum o s-o perceap\u0103 el.<\/p>\n\n\n\n<p>Despre cartea asta am citit dou\u0103 recenzii diametral opuse ca opinii. Ei da, \u0103sta e farmecul unei crea\u021bii artistice. Ca si la fotbal, unii se bucur\u0103, al\u021bii injura deasupra apartamentului meu. Cu organe \u0219i tot tac\u00e2mul&#8230;<\/p>\n\n\n\n<p>&#8211; Mmm, nu, vreau un autor rom\u00e2n, continu\u0103 \u0218tefan.<\/p>\n\n\n\n<p>Hopa!, unde am mai auzit asta? C\u0103 tare-mi place.<\/p>\n\n\n\n<p>\u00cel las s\u0103 scotoceasc\u0103 cu privirea.<\/p>\n\n\n\n<p>&#8211; Uite, asta, zice \u00een timp ce extrage <em>Accidentul\/ Ora\u0219ul cu salc\u00e2mi<\/em> de Mihail Sebastian.<\/p>\n\n\n\n<p>&#8211; \u0218tii ce ora\u0219 e \u0103sta cu salc\u00e2mi?<\/p>\n\n\n\n<p>Ridic\u0103 din umeri. Inele din p\u0103rul lui v\u00e2lvoi r\u0103spund si ele.<\/p>\n\n\n\n<p>&#8211; Br\u0103ila. A\u0219a era numit\u0103 datorit\u0103 salc\u00e2milor care bordau Strada Regal\u0103. Am avut unul \u0219i-n fa\u021ba casei, acolo am ob\u021binut prima medalie de v\u00e2n\u0103t\u0103i la urcat \u00een copac \u00een doi timpi \u0219i trei mi\u0219c\u0103ri, \u00eenainte s-apar\u0103 bara de covoare.<\/p>\n\n\n\n<p>Pleac\u0103 cu cartea salc\u00e2milor spre dormitorul lui. R\u0103m\u00e2n \u00een urm\u0103 si sting veioza din sufragerie. Merg pe holul lung si \u00eengust, luminat de lamp\u0103 mic\u0103, si m\u0103 g\u00e2ndesc c\u0103, \u00een afar\u0103 de na\u0219terea copiilor, asta e o alt\u0103 mare realizare a vie\u021bii mele, c-am reu\u0219it s\u0103 \u00eencropesc o bibliotec\u0103 din care s\u0103 ne ad\u0103p\u0103m la orice or\u0103 din zi \u0219i din noapte.<\/p>\n\n\n\n<p>Foto: Regal\u0103 cu salc\u00e2mii Br\u0103ilei<\/p>\n\n\n\n<figure class=\"wp-block-image size-large\"><img loading=\"lazy\" decoding=\"async\" width=\"576\" height=\"1024\" src=\"https:\/\/www.dumitra.net\/blog\/wp-content\/fileStore\/2025\/07\/516554629_23900945619585968_3669674760062775033_n-576x1024.jpg\" alt=\"\" class=\"wp-image-15712\" srcset=\"https:\/\/www.dumitra.net\/blog\/wp-content\/fileStore\/2025\/07\/516554629_23900945619585968_3669674760062775033_n-576x1024.jpg 576w, https:\/\/www.dumitra.net\/blog\/wp-content\/fileStore\/2025\/07\/516554629_23900945619585968_3669674760062775033_n-169x300.jpg 169w, https:\/\/www.dumitra.net\/blog\/wp-content\/fileStore\/2025\/07\/516554629_23900945619585968_3669674760062775033_n-768x1365.jpg 768w, https:\/\/www.dumitra.net\/blog\/wp-content\/fileStore\/2025\/07\/516554629_23900945619585968_3669674760062775033_n-600x1067.jpg 600w, https:\/\/www.dumitra.net\/blog\/wp-content\/fileStore\/2025\/07\/516554629_23900945619585968_3669674760062775033_n-864x1536.jpg 864w, https:\/\/www.dumitra.net\/blog\/wp-content\/fileStore\/2025\/07\/516554629_23900945619585968_3669674760062775033_n.jpg 1152w\" sizes=\"auto, (max-width: 576px) 100vw, 576px\" \/><\/figure>\n","protected":false},"excerpt":{"rendered":"<p>Ne-am intersectat \u00een dreptul bibliotecii. Era aproape de miezul nop\u021bii. M\u0103 \u00eentorsesem cu pa\u0219i siguri, ghidat\u0103 de lumini\u021ba de pe hol. Credeam c-am uitat aprins\u0103 veioza din sufragerie. De c\u00e2nd am \u00eencercat, \u00eentr-o noapte&#46;&#46;&#46;<\/p>\n","protected":false},"author":1,"featured_media":0,"comment_status":"open","ping_status":"closed","sticky":false,"template":"","format":"standard","meta":{"ngg_post_thumbnail":0,"footnotes":""},"categories":[1413,4],"tags":[2587,2588],"class_list":["post-15711","post","type-post","status-publish","format-standard","hentry","category-raftul-lui-radu","category-personal","tag-orasul-cu-salcami","tag-unde-e-orasul-cu-salcami"],"_links":{"self":[{"href":"https:\/\/www.dumitra.net\/blog\/index.php?rest_route=\/wp\/v2\/posts\/15711","targetHints":{"allow":["GET"]}}],"collection":[{"href":"https:\/\/www.dumitra.net\/blog\/index.php?rest_route=\/wp\/v2\/posts"}],"about":[{"href":"https:\/\/www.dumitra.net\/blog\/index.php?rest_route=\/wp\/v2\/types\/post"}],"author":[{"embeddable":true,"href":"https:\/\/www.dumitra.net\/blog\/index.php?rest_route=\/wp\/v2\/users\/1"}],"replies":[{"embeddable":true,"href":"https:\/\/www.dumitra.net\/blog\/index.php?rest_route=%2Fwp%2Fv2%2Fcomments&post=15711"}],"version-history":[{"count":8,"href":"https:\/\/www.dumitra.net\/blog\/index.php?rest_route=\/wp\/v2\/posts\/15711\/revisions"}],"predecessor-version":[{"id":15721,"href":"https:\/\/www.dumitra.net\/blog\/index.php?rest_route=\/wp\/v2\/posts\/15711\/revisions\/15721"}],"wp:attachment":[{"href":"https:\/\/www.dumitra.net\/blog\/index.php?rest_route=%2Fwp%2Fv2%2Fmedia&parent=15711"}],"wp:term":[{"taxonomy":"category","embeddable":true,"href":"https:\/\/www.dumitra.net\/blog\/index.php?rest_route=%2Fwp%2Fv2%2Fcategories&post=15711"},{"taxonomy":"post_tag","embeddable":true,"href":"https:\/\/www.dumitra.net\/blog\/index.php?rest_route=%2Fwp%2Fv2%2Ftags&post=15711"}],"curies":[{"name":"wp","href":"https:\/\/api.w.org\/{rel}","templated":true}]}}