{"id":15702,"date":"2025-06-15T06:04:44","date_gmt":"2025-06-15T06:04:44","guid":{"rendered":"https:\/\/www.dumitra.net\/blog\/?p=15702"},"modified":"2025-06-15T06:04:45","modified_gmt":"2025-06-15T06:04:45","slug":"pretul-mic-autorul-si-mai-mic","status":"publish","type":"post","link":"https:\/\/www.dumitra.net\/blog\/?p=15702","title":{"rendered":"Pre\u021bul mic, autorul \u0219i mai mic"},"content":{"rendered":"\n<p>Relatez cele de mai jos, pentru c\u0103 n-am reu\u0219it s\u0103-nghit g\u0103lu\u0219ca. De\u0219i-s cam blond\u0103. Asta \u00eensemn\u00e2nd c\u0103 mi-am conservat reflexul de a verifica informa\u021bia din cel pu\u021bin dou\u0103 surse.<\/p>\n\n\n\n<p>C\u0103 doar dou\u0103 surse de sendvi\u0219uri au fost \u00een incinta Bookfest Bucure\u0219ti 2025, \u00een fundul standurilor cu c\u0103r\u021bi.<\/p>\n\n\n\n<p>Dup\u0103 cum am ar\u0103tat \u0219i pe pagina mea de Facebook, am tot cump\u0103rat (nu primit) de la Bookfest c\u0103r\u021bi de pe la diverse edituri. Le-am \u0219i expus pe cele mai multe, c\u0103 generozitatea face parte din elegan\u021ba unei fiin\u021be.<\/p>\n\n\n\n<p>Probabil c\u0103 voi \u0219i scrie despre ele.<\/p>\n\n\n\n<p>Pe una singur\u0103 n-am ar\u0103tat-o.<\/p>\n\n\n\n<p>\u0218i nici n-o voi face.<\/p>\n\n\n\n<p>\u0218i nici n-o voi numi ca atare.<\/p>\n\n\n\n<p>Cartea \u00een sine n-are nicio vin\u0103.<\/p>\n\n\n\n<p>Voi spune doar c-am cump\u0103rat-o de la standul respectiv chiar din m\u00e2na autorului, care s-a jeluit pe FB, cu o zi \u00een urm\u0103, c\u0103 n-a v\u00e2ndut nicio carte.<\/p>\n\n\n\n<p>Jelania a ajuns la mine distribuit\u0103 de un prieten din lista-mi.<\/p>\n\n\n\n<p>Dar nu de asta m-am dus s\u0103 o cump\u0103r, ci pentru c\u0103 cineva, \u00een ale c\u0103rui gusturi literare m\u0103 \u00eencred, mi-a recomandat-o.<\/p>\n\n\n\n<p>Am stat minute bune \u00een fa\u021ba standului r\u0103sfoind cartea \u0219i ar\u0103t\u00e2ndu-m\u0103 nehot\u0103r\u00e2t\u0103, schimb\u00e2nd c\u00e2teva vorbe cu autorul, p\u00e2n\u0103-mi zice asta:<\/p>\n\n\n\n<p>&#8211; P\u0103i un sendi\u0219 cost\u0103 75 de lei, \u0219i cartea asta&#8230;<\/p>\n\n\n\n<p>&#8211; Unde, \u00eentreb, \u00een aeroport?<\/p>\n\n\n\n<p>&#8211; Nu, aici. \u0218i arat\u0103 cu m\u00e2na spre fundul incintei, pe diagonal\u0103.<\/p>\n\n\n\n<p>&#8211; Poate 7 lei \u0219i 50 de bani, vre\u021bi s\u0103 spune\u021bi.<\/p>\n\n\n\n<p>&#8211; Nu, doamn\u0103, 750 de lei vechi.<\/p>\n\n\n\n<p>Nu m\u0103-ntreb ce anume din mirarea mea i-a st\u00e2rnit precizarea asta.<\/p>\n\n\n\n<p>&#8211; Nu cred, \u00eei zic. Unde, mai precis?<\/p>\n\n\n\n<p>A devenit mai vag \u0219i mai pu\u021bin sigur pe el.<\/p>\n\n\n\n<p>Am plecat s\u0103-mi aduc portofelul. C\u00e2nd m-am \u00eentors, o doamn\u0103 cump\u0103ra c\u0103r\u021bi de la acela\u0219i stand, apoi a mai venit cineva.<\/p>\n\n\n\n<p>Am cump\u0103rat cartea \u0219i-am luat calea sendvi\u0219ului de 75 de lei.<\/p>\n\n\n\n<p>A\u0219a cum m\u0103 a\u0219teptam, nici vorb\u0103 de sendvi\u0219 la pre\u021b de dou\u0103, chiar trei c\u0103r\u021bi.<\/p>\n\n\n\n<p>Costul acelui sendvi\u0219 umplut cu mult\u0103 carne, preparat\u0103 pe loc, era de 30 de lei.<\/p>\n\n\n\n<p>Nu-i bai, vorba lui Onassis, c\u00e2nd a fost \u00eentrebat de ce \u00eemprumut\u0103 bani, c\u00e2nd \u0219tie clar c\u0103 n-o s\u0103-i mai primeasc\u0103 \u00eenapoi: am pl\u0103tit un pre\u021b mic ca s\u0103 aflu cine este autorul.<\/p>\n","protected":false},"excerpt":{"rendered":"<p>Relatez cele de mai jos, pentru c\u0103 n-am reu\u0219it s\u0103-nghit g\u0103lu\u0219ca. De\u0219i-s cam blond\u0103. Asta \u00eensemn\u00e2nd c\u0103 mi-am conservat reflexul de a verifica informa\u021bia din cel pu\u021bin dou\u0103 surse. C\u0103 doar dou\u0103 surse de&#46;&#46;&#46;<\/p>\n","protected":false},"author":1,"featured_media":0,"comment_status":"open","ping_status":"closed","sticky":false,"template":"","format":"standard","meta":{"ngg_post_thumbnail":0,"footnotes":""},"categories":[1],"tags":[],"class_list":["post-15702","post","type-post","status-publish","format-standard","hentry","category-sport"],"_links":{"self":[{"href":"https:\/\/www.dumitra.net\/blog\/index.php?rest_route=\/wp\/v2\/posts\/15702","targetHints":{"allow":["GET"]}}],"collection":[{"href":"https:\/\/www.dumitra.net\/blog\/index.php?rest_route=\/wp\/v2\/posts"}],"about":[{"href":"https:\/\/www.dumitra.net\/blog\/index.php?rest_route=\/wp\/v2\/types\/post"}],"author":[{"embeddable":true,"href":"https:\/\/www.dumitra.net\/blog\/index.php?rest_route=\/wp\/v2\/users\/1"}],"replies":[{"embeddable":true,"href":"https:\/\/www.dumitra.net\/blog\/index.php?rest_route=%2Fwp%2Fv2%2Fcomments&post=15702"}],"version-history":[{"count":1,"href":"https:\/\/www.dumitra.net\/blog\/index.php?rest_route=\/wp\/v2\/posts\/15702\/revisions"}],"predecessor-version":[{"id":15703,"href":"https:\/\/www.dumitra.net\/blog\/index.php?rest_route=\/wp\/v2\/posts\/15702\/revisions\/15703"}],"wp:attachment":[{"href":"https:\/\/www.dumitra.net\/blog\/index.php?rest_route=%2Fwp%2Fv2%2Fmedia&parent=15702"}],"wp:term":[{"taxonomy":"category","embeddable":true,"href":"https:\/\/www.dumitra.net\/blog\/index.php?rest_route=%2Fwp%2Fv2%2Fcategories&post=15702"},{"taxonomy":"post_tag","embeddable":true,"href":"https:\/\/www.dumitra.net\/blog\/index.php?rest_route=%2Fwp%2Fv2%2Ftags&post=15702"}],"curies":[{"name":"wp","href":"https:\/\/api.w.org\/{rel}","templated":true}]}}