{"id":15622,"date":"2024-09-07T06:11:47","date_gmt":"2024-09-07T06:11:47","guid":{"rendered":"https:\/\/www.dumitra.net\/blog\/?p=15622"},"modified":"2024-09-07T06:11:56","modified_gmt":"2024-09-07T06:11:56","slug":"acopera-ma-cu-ceva","status":"publish","type":"post","link":"https:\/\/www.dumitra.net\/blog\/?p=15622","title":{"rendered":"Acoper\u0103-m\u0103 cu ceva"},"content":{"rendered":"\n<p>&#8211; \u0218i ce-ai mai g\u0103tit? o \u00eentreab\u0103 doamna \u00een negru a\u0219ez\u00e2ndu-se pe scaunul din dreapta mea, pu\u021bin dup\u0103 plecarea metroului din sta\u021bia Unirii.<\/p>\n\n\n\n<p>&#8211; Ni\u0219te poezii, r\u0103spunde \u00eentrebata din dreapta doamnei \u00een negru.<\/p>\n\n\n\n<p>A urmat o pauz\u0103, apoi un fo\u0219net de po\u0219et\u0103.<\/p>\n\n\n\n<p>\u00centrebata a scos telefonul. I l-a \u00eentins doamnei \u00een negru.<\/p>\n\n\n\n<p><a><\/a>C\u00e2teva momente, \u00een vagonul metroului ici-colo ocupat de c\u0103l\u0103tori nocturni s-au auzit doar scr\u00e2\u0219netul ro\u021bilor \u0219i curentul produs de goana trenului prin tunel.<\/p>\n\n\n\n<p>Doamna \u00een negru citea de pe ecranul telefonului.<\/p>\n\n\n\n<p>I-a luat ceva. R\u0103spunsul nu mai venea. A trebuit s\u0103 cercetez de ce cu propriii ochi. Erau 5 strofe dense \u0219i-o poz\u0103 la final.<\/p>\n\n\n\n<p>Cititoarea, doamna \u00een negru, tot n-a r\u0103spuns. Doar i-a \u00eentins telefonul. \u00centrebata a continuat:<\/p>\n\n\n\n<p>&#8211; Mai am \u0219i altele, dac\u0103 mai vrei s\u0103 cite\u0219ti.<\/p>\n\n\n\n<p>Moment \u00een care m-am ridicat de pe scaun, trec\u00e2nd prin fa\u021ba lor. Urma s\u0103 cobor. Doamna \u00een negru \u0219i-a \u00eencruci\u0219at bra\u021bele sub s\u00e2ni. Purta o rochie neagr\u0103 din voal transparent \u00een partea de sus.<\/p>\n\n\n\n<p>\u00centrebata \u0219i-a v\u00e2r\u00e2t telefonul \u00een po\u0219eta ro\u0219ie, plec\u00e2nd mult b\u0103rbia \u00een piept. I-am z\u0103rit, \u00eenainte s\u0103 cobor, cele dou\u0103 codi\u021be r\u0103sucite ca doi melci la baza capului \u0219i prinse cu elastice pentru bani.<\/p>\n\n\n\n<p>Am urcat sc\u0103rile de la metrou \u00een graba stomacului chior\u0103ind. Cina o \u00eenlocuisem cu o tacla prieteneasc\u0103 \u0219i-un ceai verde cu boboci de trandafiri. Florile nu \u021bin (de foame), poate uneori de iubire. Dar asta n-o \u0219tie nimeni cu certitudine.<\/p>\n\n\n\n<p>La suprafa\u021b\u0103, frisonul brusc al nop\u021bii \u0103steia de septembrie mi-a blocat p\u00e2n\u0103 \u0219i g\u00e2ndul la negresa cu magiun, f\u0103r\u0103 zah\u0103r, care m\u0103 a\u0219tepta \u00een frigider. \u0218i, oricum, ar fi fost prea t\u00e2rziu s-o m\u0103n\u00e2nc.<\/p>\n\n\n\n<p>M-am chircit toat\u0103 \u00een rochia mov cu m\u00e2neci scurte (c\u00e2nd am plecat era soare). T\u0103lpile, str\u00e2nse \u0219i ele de frig, alunecau din sandale sabot\u00e2ndu-mi \u00eentoarcerea spre cas\u0103.<\/p>\n\n\n\n<p>E toamn\u0103, pui\u0219or!<\/p>\n\n\n\n<p>Acoper\u0103-m\u0103 tu cu ceva!<\/p>\n\n\n\n<figure class=\"wp-block-image size-large\"><img loading=\"lazy\" decoding=\"async\" width=\"576\" height=\"1024\" src=\"https:\/\/www.dumitra.net\/blog\/wp-content\/fileStore\/2024\/09\/20240907_082808-576x1024.jpg\" alt=\"\" class=\"wp-image-15623\" srcset=\"https:\/\/www.dumitra.net\/blog\/wp-content\/fileStore\/2024\/09\/20240907_082808-576x1024.jpg 576w, https:\/\/www.dumitra.net\/blog\/wp-content\/fileStore\/2024\/09\/20240907_082808-169x300.jpg 169w, https:\/\/www.dumitra.net\/blog\/wp-content\/fileStore\/2024\/09\/20240907_082808-768x1365.jpg 768w, https:\/\/www.dumitra.net\/blog\/wp-content\/fileStore\/2024\/09\/20240907_082808-600x1067.jpg 600w, https:\/\/www.dumitra.net\/blog\/wp-content\/fileStore\/2024\/09\/20240907_082808-864x1536.jpg 864w, https:\/\/www.dumitra.net\/blog\/wp-content\/fileStore\/2024\/09\/20240907_082808-1152x2048.jpg 1152w, https:\/\/www.dumitra.net\/blog\/wp-content\/fileStore\/2024\/09\/20240907_082808-1320x2347.jpg 1320w, https:\/\/www.dumitra.net\/blog\/wp-content\/fileStore\/2024\/09\/20240907_082808-scaled.jpg 1440w\" sizes=\"auto, (max-width: 576px) 100vw, 576px\" \/><\/figure>\n","protected":false},"excerpt":{"rendered":"<p>&#8211; \u0218i ce-ai mai g\u0103tit? o \u00eentreab\u0103 doamna \u00een negru a\u0219ez\u00e2ndu-se pe scaunul din dreapta mea, pu\u021bin dup\u0103 plecarea metroului din sta\u021bia Unirii. &#8211; Ni\u0219te poezii, r\u0103spunde \u00eentrebata din dreapta doamnei \u00een negru. A&#46;&#46;&#46;<\/p>\n","protected":false},"author":1,"featured_media":0,"comment_status":"open","ping_status":"closed","sticky":false,"template":"","format":"standard","meta":{"ngg_post_thumbnail":0,"footnotes":""},"categories":[4],"tags":[],"class_list":["post-15622","post","type-post","status-publish","format-standard","hentry","category-personal"],"_links":{"self":[{"href":"https:\/\/www.dumitra.net\/blog\/index.php?rest_route=\/wp\/v2\/posts\/15622","targetHints":{"allow":["GET"]}}],"collection":[{"href":"https:\/\/www.dumitra.net\/blog\/index.php?rest_route=\/wp\/v2\/posts"}],"about":[{"href":"https:\/\/www.dumitra.net\/blog\/index.php?rest_route=\/wp\/v2\/types\/post"}],"author":[{"embeddable":true,"href":"https:\/\/www.dumitra.net\/blog\/index.php?rest_route=\/wp\/v2\/users\/1"}],"replies":[{"embeddable":true,"href":"https:\/\/www.dumitra.net\/blog\/index.php?rest_route=%2Fwp%2Fv2%2Fcomments&post=15622"}],"version-history":[{"count":1,"href":"https:\/\/www.dumitra.net\/blog\/index.php?rest_route=\/wp\/v2\/posts\/15622\/revisions"}],"predecessor-version":[{"id":15624,"href":"https:\/\/www.dumitra.net\/blog\/index.php?rest_route=\/wp\/v2\/posts\/15622\/revisions\/15624"}],"wp:attachment":[{"href":"https:\/\/www.dumitra.net\/blog\/index.php?rest_route=%2Fwp%2Fv2%2Fmedia&parent=15622"}],"wp:term":[{"taxonomy":"category","embeddable":true,"href":"https:\/\/www.dumitra.net\/blog\/index.php?rest_route=%2Fwp%2Fv2%2Fcategories&post=15622"},{"taxonomy":"post_tag","embeddable":true,"href":"https:\/\/www.dumitra.net\/blog\/index.php?rest_route=%2Fwp%2Fv2%2Ftags&post=15622"}],"curies":[{"name":"wp","href":"https:\/\/api.w.org\/{rel}","templated":true}]}}