{"id":15369,"date":"2023-11-28T08:21:31","date_gmt":"2023-11-28T08:21:31","guid":{"rendered":"https:\/\/www.dumitra.net\/blog\/?p=15369"},"modified":"2023-11-28T08:22:47","modified_gmt":"2023-11-28T08:22:47","slug":"nimeni-nu-paraseste-orasul-promis","status":"publish","type":"post","link":"https:\/\/www.dumitra.net\/blog\/?p=15369","title":{"rendered":"Nimeni nu p\u0103r\u0103se\u0219te Ora\u0219ul promis"},"content":{"rendered":"\n<p>Mi s-a \u00eent\u00e2mplat ceva \u0219i \u00eenc\u0103 nu \u0219tiu prea bine ce. Am terminat Ora\u0219ul promis \u0219i \u00eenc\u0103 m\u0103 plou\u0103. M\u0103 plou\u0103 pe din\u0103untru. M\u0103 plou\u0103 cum nu m-a mai plouat demult. Apa mi se prelinge nu pe ochi, ci \u00een scobitura lor. Are caden\u021be variabile. De poezie sf\u00e2\u0219ietoare. De roman \u0219otron. Curge \u00een pic\u0103turi-m\u0103rgele orbitoare; ard celulele.<\/p>\n\n\n\n<p>E\u0219ti \u00eentr-un albastru de copil \u00een cartea Valentinei \u0218cerbani.<\/p>\n\n\n\n<p>E cald-rece, e ar\u0219i\u021b\u0103-viforni\u021b\u0103, e via\u021ba-mor\u021bii f\u0103r\u0103 de lacrimi. \u0218i f\u0103r\u0103 vaiete.<\/p>\n\n\n\n<p>M\u0103 <a><\/a>plou\u0103 mult \u0219i nu de \u00eenec m\u0103 umplu, ci de levitare. \u0218i de o dragoste de \u00eenceput de lume pentru mam\u0103.<\/p>\n\n\n\n<p>De \u00eenceput f\u0103r\u0103 niciodat\u0103 sf\u00e2r\u0219it.<\/p>\n\n\n\n<p>E cea mai frumoas\u0103 poveste despre cum se iubesc mamele \u0219i cum se fac mamele iubite. Mamele care nu pleac\u0103 niciodat\u0103 cu adev\u0103rat.<\/p>\n\n\n\n<p><a href=\"https:\/\/www.facebook.com\/scerbani.valentina?__cft__[0]=AZWliMMnQ-mWjE5w8GAGCx52O4zr0FGOjaXnaKoigtMO6iFWqScv8zd5c-x646N1gIEjVWkrn3ZU81JICOCYbxc6CoJKSi1AcqZjp8D03qNA-SvelgMzeJ_iEcS6GhUCKq1-WgAbwmZKGa1dxyiw8_bPozyx9BURvad6PgT_BXoQuPv4wjR6BtgKJTGh_64zgd0&amp;__tn__=-]K-R\">Valentina<\/a> abia dac\u0103 atinge cuvintele, dar ce desc\u0103rcare diluvian\u0103 de furnic\u0103turi. E o nec\u0103utare a potrivirilor curcubeu. O \u0219i vezi scriind de la o m\u0103su\u021b\u0103 de Cenu\u0219\u0103reas\u0103, privind pe fereastra c\u00e2t un chip de copil.<\/p>\n\n\n\n<p>Nu \u0219tiu de unde a r\u0103s\u0103rit aceast\u0103 scriitoare, din ce pl\u0103mad\u0103 a Basarabiei, dar ce mers elegant. Trebuie neap\u0103rat s\u0103 te opre\u0219ti \u0219i s\u0103 o prive\u0219ti. \u0218i s\u0103 o cite\u0219ti.<\/p>\n\n\n\n<p>\u201dMergi prin via\u021b\u0103 elegant, Ileana, ca o p\u0103pu\u0219\u0103 fr\u00e2nt\u0103\u201d, \u00eei spune Ilenei mama cea din plicurile galbene. Ileana e copilul \u00eemb\u0103tr\u00e2nit \u201dr\u0103mas copil\u201d.<\/p>\n\n\n\n<p>Ora\u0219ul promis e IUBIREA.<\/p>\n\n\n\n<p>Mul\u021bumesc, Valentina! E nespus de frumos la tine-n carte.<\/p>\n\n\n\n<p><a href=\"https:\/\/www.facebook.com\/edituracartier?__cft__[0]=AZWliMMnQ-mWjE5w8GAGCx52O4zr0FGOjaXnaKoigtMO6iFWqScv8zd5c-x646N1gIEjVWkrn3ZU81JICOCYbxc6CoJKSi1AcqZjp8D03qNA-SvelgMzeJ_iEcS6GhUCKq1-WgAbwmZKGa1dxyiw8_bPozyx9BURvad6PgT_BXoQuPv4wjR6BtgKJTGh_64zgd0&amp;__tn__=-]K-R\">Editura Cartier<\/a><\/p>\n\n\n\n<p>Cartea a costat 23 de lei.<\/p>\n\n\n\n<figure class=\"wp-block-image size-large\"><img loading=\"lazy\" decoding=\"async\" width=\"1024\" height=\"971\" src=\"https:\/\/www.dumitra.net\/blog\/wp-content\/fileStore\/2023\/11\/20231128_082249-1-1024x971.jpg\" alt=\"\" class=\"wp-image-15371\" srcset=\"https:\/\/www.dumitra.net\/blog\/wp-content\/fileStore\/2023\/11\/20231128_082249-1-1024x971.jpg 1024w, https:\/\/www.dumitra.net\/blog\/wp-content\/fileStore\/2023\/11\/20231128_082249-1-300x284.jpg 300w, https:\/\/www.dumitra.net\/blog\/wp-content\/fileStore\/2023\/11\/20231128_082249-1-768x728.jpg 768w, https:\/\/www.dumitra.net\/blog\/wp-content\/fileStore\/2023\/11\/20231128_082249-1-600x569.jpg 600w, https:\/\/www.dumitra.net\/blog\/wp-content\/fileStore\/2023\/11\/20231128_082249-1-1536x1456.jpg 1536w, https:\/\/www.dumitra.net\/blog\/wp-content\/fileStore\/2023\/11\/20231128_082249-1-1320x1251.jpg 1320w, https:\/\/www.dumitra.net\/blog\/wp-content\/fileStore\/2023\/11\/20231128_082249-1.jpg 1974w\" sizes=\"auto, (max-width: 1024px) 100vw, 1024px\" \/><\/figure>\n","protected":false},"excerpt":{"rendered":"<p>Mi s-a \u00eent\u00e2mplat ceva \u0219i \u00eenc\u0103 nu \u0219tiu prea bine ce. Am terminat Ora\u0219ul promis \u0219i \u00eenc\u0103 m\u0103 plou\u0103. M\u0103 plou\u0103 pe din\u0103untru. M\u0103 plou\u0103 cum nu m-a mai plouat demult. Apa mi se&#46;&#46;&#46;<\/p>\n","protected":false},"author":1,"featured_media":0,"comment_status":"open","ping_status":"closed","sticky":false,"template":"","format":"standard","meta":{"ngg_post_thumbnail":0,"footnotes":""},"categories":[1413],"tags":[2508,2504,2511,2505,2510,2512,2506,2507],"class_list":["post-15369","post","type-post","status-publish","format-standard","hentry","category-raftul-lui-radu","tag-editura-cartier-orasul-promis","tag-orasul-promis-de-valentina-scerbani","tag-orasul-promis-recenzie","tag-recenzie-orasul-promis","tag-recenzie-orasul-promis-dumitra","tag-recomandare-carte-buna","tag-valentina-scerbani","tag-valentina-scerbani-2"],"_links":{"self":[{"href":"https:\/\/www.dumitra.net\/blog\/index.php?rest_route=\/wp\/v2\/posts\/15369","targetHints":{"allow":["GET"]}}],"collection":[{"href":"https:\/\/www.dumitra.net\/blog\/index.php?rest_route=\/wp\/v2\/posts"}],"about":[{"href":"https:\/\/www.dumitra.net\/blog\/index.php?rest_route=\/wp\/v2\/types\/post"}],"author":[{"embeddable":true,"href":"https:\/\/www.dumitra.net\/blog\/index.php?rest_route=\/wp\/v2\/users\/1"}],"replies":[{"embeddable":true,"href":"https:\/\/www.dumitra.net\/blog\/index.php?rest_route=%2Fwp%2Fv2%2Fcomments&post=15369"}],"version-history":[{"count":1,"href":"https:\/\/www.dumitra.net\/blog\/index.php?rest_route=\/wp\/v2\/posts\/15369\/revisions"}],"predecessor-version":[{"id":15372,"href":"https:\/\/www.dumitra.net\/blog\/index.php?rest_route=\/wp\/v2\/posts\/15369\/revisions\/15372"}],"wp:attachment":[{"href":"https:\/\/www.dumitra.net\/blog\/index.php?rest_route=%2Fwp%2Fv2%2Fmedia&parent=15369"}],"wp:term":[{"taxonomy":"category","embeddable":true,"href":"https:\/\/www.dumitra.net\/blog\/index.php?rest_route=%2Fwp%2Fv2%2Fcategories&post=15369"},{"taxonomy":"post_tag","embeddable":true,"href":"https:\/\/www.dumitra.net\/blog\/index.php?rest_route=%2Fwp%2Fv2%2Ftags&post=15369"}],"curies":[{"name":"wp","href":"https:\/\/api.w.org\/{rel}","templated":true}]}}