{"id":15281,"date":"2023-06-25T05:42:33","date_gmt":"2023-06-25T05:42:33","guid":{"rendered":"https:\/\/www.dumitra.net\/blog\/?p=15281"},"modified":"2023-06-25T05:45:37","modified_gmt":"2023-06-25T05:45:37","slug":"nu-avem-p-zice-nichita-stanescu-dar-nu-la-bac","status":"publish","type":"post","link":"https:\/\/www.dumitra.net\/blog\/?p=15281","title":{"rendered":"\u201eNu avem p\u2026 \u201c zice Nichita St\u0103nescu, dar nu la BAC"},"content":{"rendered":"\n<p>Maria sus\u021bine c\u0103 n-are cum C\u0103rt\u0103rescu &#8211; Poema chiuvetei &#8211; s\u0103 pice la BAC, c\u0103 nu e scriitor canonic. Io \u00eei zic c\u0103 tocmai l-au canonizat la New York, c\u0103 Solenoid (a propos, \u0219tia\u021bi c\u0103, mai pe la sf\u00e2r\u0219itul c\u0103r\u021bii, sunt fix 12 pagini cu cuv\u00e2ntul &#8211; singurul &#8211; din poz\u0103? Fix 12, pe num\u0103ratelea v\u0103 spun) e cartea de fic\u0163iune a anului \u00een SUA de c\u0103tre Los Angeles Times. Ea c\u0103 nu \u0219i nu. Bine&#8230;<\/p>\n\n\n\n<p>\u00cen fine, trecem peste momentul \u0103sta de disput\u0103 matinal\u0103 de antrenament preBAC \u0219i ajungem la <a><\/a>\u201dcorporalizarea sentimentului\u201d (citat din Manolescu) \u00een poezia lui Nichita.<\/p>\n\n\n\n<p>\u00cens\u0103 mie \u00eemi vie s\u0103-i dezv\u0103lui (\u0219i-o s-o fac c\u00e2ndva) Mariei m\u0103rturia asta despre Nichita, g\u0103sit\u0103 \u00een <a href=\"https:\/\/adevarul.ro\/stil-de-viata\/cultura\/alex-stefanescu-nichita-nu-era-foarte-interesat-2183694.html\" target=\"_blank\" rel=\"noreferrer noopener\">Adev\u0103rul<\/a>:<\/p>\n\n\n\n<p>\u201d Alex \u015etef\u0103nescu: Nichita (din c\u00e2te am observat, pentru c\u0103 nu f\u0103cea confesiuni erotico-v\u00e2n\u0103tore\u015fti ca al\u0163i b\u0103rba\u0163i) nu era foarte interesat de sex.<\/p>\n\n\n\n<p>\u0162in minte o \u00eent\u00e2mplare de un umor nebun pe care mi-a povestit-o nu el, ci o poet\u0103 excentric\u0103 \u015fi uneori agresiv\u0103, dar talentat\u0103 (acum moart\u0103). S-a dus la Nichita \u00een apartamentul s\u0103u din Amzei \u015fi i-a cerut s\u0103 se culce cu ea.<\/p>\n\n\n\n<p>El, amabil, a acceptat. S-au dezbr\u0103cat am\u00e2ndoi, s-au \u00eentins pe spate, \u00een pat, unul l\u00e2ng\u0103 altul, iar Nichita, ridic\u00e2ndu-\u015fi pu\u0163in capul \u015fi examin\u00e2ndu-\u015fi locul dintre picioare, i-a spus pe un ton dezolat-constatativ: \u201eNu avem p&#8230; \u201c<\/p>\n\n\n\n<p>Acest plural, \u201enu avem\u201c, specific inventivit\u0103\u0163ii ludice a lui Nichita, este de un comic subtil, rar \u00eent\u00e2lnit.\u201d<\/p>\n\n\n\n<p>S\u0103 revenim.<\/p>\n\n\n\n<p>Nu \u0219ti\u021bi ce e corporalizarea sentimentului? Ei, nu pot s\u0103 cred!<\/p>\n\n\n\n<p>Un sentiment care s-a hr\u0103nit cu suc \u0219i croissant amoros, cum ar veni. Adic\u0103 sentimentul cap\u0103t\u0103 corp \u00een poezia \u201dLeoaic\u0103 t\u00e2n\u0103r\u0103, iubirea\u201d.<\/p>\n\n\n\n<p>Dar p-asta o \u0219tia\u021bi? \u201dPe omenire o doare-n fund de soarta ta\u201d &#8211; Marin Sorescu.<\/p>\n\n\n\n<p>Dar Ovid S. Crohm\u0103lniceanu (f\u0103r\u0103 u, doar Ovid) \u0219ti\u021bi ce-a zis despre \u201dEnigma Otiliei\u201d?<\/p>\n\n\n\n<p>Hm! Voila: \u201dFiecare dintre personaje, inclusiv St\u0103nic\u0103 Ra\u021biu, devin p\u0103rin\u021bii Otilei. Au tendin\u021ba de a se erija \u00een protectorii Otiliei \u0219i \u00eei hot\u0103r\u0103sc destinul.\u201d<\/p>\n\n\n\n<p>Bun. Mai departe.<\/p>\n\n\n\n<p>Vitoria Lipan este o \u201dPenelop\u0103 \u00een c\u0103utarea lui Ulise\u201d (Manolescu) sau un \u201dHamlet feminin\u201d. Ce alegem de aici? Care v\u0103 place mai mult?<\/p>\n\n\n\n<p>\u00cen alt\u0103 ordine de idei, zice Maria, unii colegi au dat deja \u00een tarot \u0219i reies alte variante. Pe bune, nu e glum\u0103!<\/p>\n\n\n\n<p>Se v\u00e2ntur\u0103 pe bursa prognosticurilor tot felul de variante. Nu le zic c\u0103 poate v\u0103 inspir\u0103 \u0219i renunta\u021bi la gr\u0103tare.<\/p>\n\n\n\n<p>Oricum ar fi, e tot ca pe vremea noastr\u0103, de\u0219i ei le zic eseuri \u0219i nu comentarii. Le \u00eenva\u021b\u0103 ca \u201dpe ap\u0103\u201d \u0219i&#8230; Dumnezeu cu mila! sau sila&#8230;<\/p>\n\n\n\n<p>Dup\u0103 BAC, ei pleac\u0103 la mare degrab\u0103, arunc\u0103 instant peste bord tot taninul literar pritocit ca varza murat\u0103, iar noi revenim la \u00eentrebarea recurent\u0103 \u0219i insolvabil\u0103: \u201dDe ce nu citesc literatur\u0103 copiii, adolescen\u021bii?\u201d<\/p>\n\n\n\n<p>Dar nu \u00eenainte s\u0103 ne amuz\u0103m de perlele de la BAC, care, a propos, unele sunt scrise voit la mi\u0219to. C\u0103 ei \u0219tiu c\u0103 vor deveni celebri &#8211; anonimi, dar celebri &#8211; c\u00e2teva zile dup\u0103. \u0218i asta nu e cumva o dovad\u0103 de inteligen\u021b\u0103 \u0219i g\u00e2ndire reflexiv\u0103? \u00centreb c\u0103 nu \u0219tiu.<\/p>\n\n\n\n<figure class=\"wp-block-image size-large\"><img loading=\"lazy\" decoding=\"async\" width=\"576\" height=\"1024\" src=\"https:\/\/www.dumitra.net\/blog\/wp-content\/fileStore\/2023\/06\/Solenoid-576x1024.jpg\" alt=\"\" class=\"wp-image-15285\" srcset=\"https:\/\/www.dumitra.net\/blog\/wp-content\/fileStore\/2023\/06\/Solenoid-576x1024.jpg 576w, https:\/\/www.dumitra.net\/blog\/wp-content\/fileStore\/2023\/06\/Solenoid-169x300.jpg 169w, https:\/\/www.dumitra.net\/blog\/wp-content\/fileStore\/2023\/06\/Solenoid-768x1365.jpg 768w, https:\/\/www.dumitra.net\/blog\/wp-content\/fileStore\/2023\/06\/Solenoid-600x1067.jpg 600w, https:\/\/www.dumitra.net\/blog\/wp-content\/fileStore\/2023\/06\/Solenoid.jpg 800w\" sizes=\"auto, (max-width: 576px) 100vw, 576px\" \/><\/figure>\n","protected":false},"excerpt":{"rendered":"<p>Maria sus\u021bine c\u0103 n-are cum C\u0103rt\u0103rescu &#8211; Poema chiuvetei &#8211; s\u0103 pice la BAC, c\u0103 nu e scriitor canonic. Io \u00eei zic c\u0103 tocmai l-au canonizat la New York, c\u0103 Solenoid (a propos, \u0219tia\u021bi&#46;&#46;&#46;<\/p>\n","protected":false},"author":1,"featured_media":0,"comment_status":"open","ping_status":"closed","sticky":false,"template":"","format":"standard","meta":{"ngg_post_thumbnail":0,"footnotes":""},"categories":[4],"tags":[2475,2474,2473],"class_list":["post-15281","post","type-post","status-publish","format-standard","hentry","category-personal","tag-bac-la-romana-subiecte-posibile","tag-bac-romana","tag-despre-nichita-evocari-sex"],"_links":{"self":[{"href":"https:\/\/www.dumitra.net\/blog\/index.php?rest_route=\/wp\/v2\/posts\/15281","targetHints":{"allow":["GET"]}}],"collection":[{"href":"https:\/\/www.dumitra.net\/blog\/index.php?rest_route=\/wp\/v2\/posts"}],"about":[{"href":"https:\/\/www.dumitra.net\/blog\/index.php?rest_route=\/wp\/v2\/types\/post"}],"author":[{"embeddable":true,"href":"https:\/\/www.dumitra.net\/blog\/index.php?rest_route=\/wp\/v2\/users\/1"}],"replies":[{"embeddable":true,"href":"https:\/\/www.dumitra.net\/blog\/index.php?rest_route=%2Fwp%2Fv2%2Fcomments&post=15281"}],"version-history":[{"count":2,"href":"https:\/\/www.dumitra.net\/blog\/index.php?rest_route=\/wp\/v2\/posts\/15281\/revisions"}],"predecessor-version":[{"id":15286,"href":"https:\/\/www.dumitra.net\/blog\/index.php?rest_route=\/wp\/v2\/posts\/15281\/revisions\/15286"}],"wp:attachment":[{"href":"https:\/\/www.dumitra.net\/blog\/index.php?rest_route=%2Fwp%2Fv2%2Fmedia&parent=15281"}],"wp:term":[{"taxonomy":"category","embeddable":true,"href":"https:\/\/www.dumitra.net\/blog\/index.php?rest_route=%2Fwp%2Fv2%2Fcategories&post=15281"},{"taxonomy":"post_tag","embeddable":true,"href":"https:\/\/www.dumitra.net\/blog\/index.php?rest_route=%2Fwp%2Fv2%2Ftags&post=15281"}],"curies":[{"name":"wp","href":"https:\/\/api.w.org\/{rel}","templated":true}]}}