{"id":15277,"date":"2023-06-24T04:44:09","date_gmt":"2023-06-24T04:44:09","guid":{"rendered":"https:\/\/www.dumitra.net\/blog\/?p=15277"},"modified":"2023-06-24T04:44:18","modified_gmt":"2023-06-24T04:44:18","slug":"o-laba-ca-matasea","status":"publish","type":"post","link":"https:\/\/www.dumitra.net\/blog\/?p=15277","title":{"rendered":"O lab\u0103 ca m\u0103tasea"},"content":{"rendered":"\n<p>M\u0103 atinge o lab\u0103. Nu m\u0103 r\u0103ne\u0219te, m\u0103 adie ca m\u0103tasea. O lab\u0103 de urs alb\u0103 \u0219i p\u0103roas\u0103. Tresar violent \u0219i-i r\u0103spund cu un dos de palm\u0103. Icne\u0219te surd, geme, se \u00eentoarce pe partea cealalt\u0103. Sunt leoarc\u0103. Trebuie s\u0103 m\u0103 schimb. \u00cen jurul g\u00e2tului am un guler de sudoare. \u00cenc\u0103 tremur. M. m\u0103 simte. A sim\u021bit \u0219i palma de mai devreme. Iat\u0103 cele mai bune ocazii s\u0103 reglezi temperatura de peste zi a cuplului.<\/p>\n\n\n\n<p>&#8211; Ce-i, Dumitra?<\/p>\n\n\n\n<p>&#8211; Nimic, culc\u0103-te la loc, am avut un co\u0219mar.<\/p>\n\n\n\n<p>Seara de dinainte, mesaj <a><\/a>pe WhatsApp, pe la 21.30, de la un prieten sportiv c\u0103ruia i-am povestit de recenta drume\u021bie pe Muntele Ro\u0219u; s-a dus \u0219i el:<\/p>\n\n\n\n<p>-Hei, salut! S\u0103 \u0219tii c\u0103 am \u00eencercat s\u0103 ajung acolo unde a\u021bi fost.<\/p>\n\n\n\n<p>&#8211; \u0218i?<\/p>\n\n\n\n<p>&#8211; \u0218i surpinz\u0103! Am dat de urs.<\/p>\n\n\n\n<p>&#8211; Hai, las\u0103-te de poante&#8230; .<\/p>\n\n\n\n<p>&#8211; Dup\u0103 25 de minute de mers prin p\u0103dure, mare surpriz\u0103&#8230;<\/p>\n\n\n\n<p>&#8211; Imposibil, pe traseul \u0103la nu prea e p\u0103dure.<\/p>\n\n\n\n<p>&#8211; &#8230; mare panic\u0103 ce-am avut.<\/p>\n\n\n\n<p>M\u0103i s\u0103 fie. \u00cenc\u0103 nu-mi vine s\u0103 cred, de\u0219i, uite, acum \u00eencep s\u0103 \u00een\u021beleg de ce pe Instagram n-a pus poze cu rhododendronul de pe v\u00e2rf (cum ar face orice instagramer care-\u0219i respect\u0103 falow\u0103rii). \u00cencep s\u0103 cred.<\/p>\n\n\n\n<p>&#8211; Pe drum nu ne-am \u00eent\u00e2lnit cu nimeni \u0219i poate \u0103sta-i motivul.<\/p>\n\n\n\n<p>-Ai mers pe triunghi ro\u0219u, cum \u021bi-am zis?<\/p>\n\n\n\n<p>&#8211; Lini\u0219te \u0219i pace p\u00e2n\u0103 s\u0103 d\u0103m de un pui de urs la mai pu\u021bin de 20 de m. de noi.<\/p>\n\n\n\n<p>3 emoticoane r\u00e2s cu lacrimi<\/p>\n\n\n\n<p>&#8211; De c\u00e2nd merg io pe munte n-am \u00eent\u00e2lnit niciodat\u0103 un urs. Cum de \u021bi-a ie\u0219it tocmai \u021bie, la prima ta ie\u0219ire pe munte.<\/p>\n\n\n\n<p>&#8211; Ai fluierat, cum \u021bi-am zis?<\/p>\n\n\n\n<p>&#8211; M\u0103i, am fluierat tot drumul, serios.<\/p>\n\n\n\n<p>&#8211; Ai urcat de la sta\u021bia meteo pe triunghi ro\u0219u, cum \u021bi-am zis?<\/p>\n\n\n\n<p>&#8211; Nu, traseu galben, era numai p\u0103dure.<\/p>\n\n\n\n<p>Aha, \u00eencep s\u0103 m\u0103 dumiresc pe unde a luat-o. Este exact traseul pe care noi ne-am \u00eentors \u0219i pe care am g\u0103sit urme proaspete de urs impregnate \u00een p\u0103m\u00e2ntul jilav. Urme de pui. \u00cel \u0219i aten\u021bionasem s\u0103-\u0219i ia cu el un fluier.<\/p>\n\n\n\n<p>&#8211; Pe \u0103la am \u00een\u021beles c\u0103 e cabana Ciuca\u0219.<\/p>\n\n\n\n<p>&#8211; Nu \u021bi-am spus s\u0103 m\u0103 suni????<\/p>\n\n\n\n<p>3 emoticoane r\u00e2s cu lacrimi<\/p>\n\n\n\n<p>&#8211; Deci era traseul pe la r\u0103scruce? \u00cen fine, am fost \u0219i ne-am \u00eentors, ar fi \u00eenceput \u0219i ploaia. Bine c\u0103 ne-am \u00eent\u00e2lnit cu ursul&#8230;<\/p>\n\n\n\n<p>&#8211; Am scris ca fraiera un <a href=\"https:\/\/www.dumitra.net\/blog\/?p=15155\" target=\"_blank\" rel=\"noreferrer noopener\">articol<\/a> \u00eentreg \u00een care spun c\u0103 AM URCAT PE <a href=\"https:\/\/www.dumitra.net\/blog\/?p=15155\" target=\"_blank\" rel=\"noreferrer noopener\">TRIUNGHI RO\u0218U<\/a>!!! C\u0102 AICI NU E P\u0102DURE!!!!<\/p>\n\n\n\n<p>3 emoticoane r\u00e2s cu lacrimi<\/p>\n\n\n\n<p>&#8211; Am \u00eentrebat un muntean de la salvamont care era cu ma\u0219ina \u0219i ne-a zis c\u0103 \u0103la e traseul, \u00een fine, asta e.<\/p>\n\n\n\n<p>&#8211; Data viitoare merge\u021bi cu noi.<\/p>\n\n\n\n<p>&#8211; Privim partea bun\u0103, o dat\u0103 \u00een via\u021b\u0103 sim\u021bi prezen\u021ba ursului.<\/p>\n\n\n\n<p>&#8211; V-a\u021bi ales \u0219i voi cu o plimbare.<\/p>\n\n\n\n<p>&#8211; Scurt\u0103 \u0219i intens\u0103.<\/p>\n\n\n\n<p>&#8211; \u00cemi par\u0103 r\u0103u!<\/p>\n\n\n\n<p>3 emoticoane r\u00e2s cu lacrimi<\/p>\n\n\n\n<p>&#8211; Deci, serios, c\u00e2nd sim\u021bi c\u0103 e\u0219ti \u00een pericol, e \u0219oc. \u00ce\u021bi dai seama c\u0103 sim\u021beam c\u0103 ursule\u021bul \u0103la nu era singur.<\/p>\n\n\n\n<p>&#8211; M\u0103i, tu e\u0219ti haios acum, da nu pot s\u0103-mi imaginez ce-ai sim\u021bit.<\/p>\n\n\n\n<p>&#8211; \u0218i acum ce e de f\u0103cut, ne-am zis? Am f\u0103cut 35 de min. prin p\u0103dure (era ciudat c\u0103 suntem doar noi doi) \u0219i c\u00e2nd ne-am \u00eentors am f\u0103cut 15.<\/p>\n\n\n\n<p>3 emoticoane r\u00e2s cu lacrimi<\/p>\n\n\n\n<p>&#8211; \u0218i ursul unde era? Ai dat nas \u00een nas cu el?<\/p>\n\n\n\n<p>&#8211; Deci mergeam pe drum \u0219i, la un moment dat, auzim un fo\u0219net. Am crezut ini\u021bial c\u0103 e cineva care taie lemne sau a\u0219a ceva, la 20-25 de metri. Apoi ne-am oprit am\u00e2ndoi s\u0103 ne uit\u0103m de unde vine. Am fluierat \u0219i-am v\u0103zt ursule\u021bul fugind.<\/p>\n\n\n\n<p>El de noi \u0219i noi de el.<\/p>\n\n\n\n<p>3 emoticoane r\u00e2s cu lacrimi<\/p>\n\n\n\n<p>Abia \u00eemi pot st\u0103p\u00e2ni r\u00e2sul. R\u00e2d ca proasta care st\u0103 \u00een fotoliu \u0219i tasteaz\u0103.<\/p>\n\n\n\n<p>&#8211; Nici nu ne-am mai uitat \u00een urm\u0103. Jur!<\/p>\n\n\n\n<p>&#8211; Da, se sperie c\u00e2nd faci zgomot.<\/p>\n\n\n\n<p>&#8211; Probabil c\u0103 ursule\u021bul, dar ursoaica&#8230; nu\u0219 ce s\u0103 zic.<\/p>\n\n\n\n<p>&#8211; Teoretic, nu sunt agresivi.<\/p>\n\n\n\n<p>&#8211; Nu voiam s\u0103 afl\u0103m.<\/p>\n\n\n\n<p>3 emoticoane r\u00e2s cu lacrimi<\/p>\n\n\n\n<p>&#8211; \u00cen fine, voiam s\u0103 afli de experien\u021ba noastr\u0103. Suntem bine. Pe la 5 am ajuns \u00een Bucure\u0219ti.<\/p>\n\n\n\n<p>&#8211; Insist c\u0103 trebuia s\u0103 m\u0103 suni.<\/p>\n\n\n\n<p>&#8211; E OK, am reu\u0219it \u00eentr-un mod personal.<\/p>\n\n\n\n<p>A doua zi, mesaj de la mine c\u0103tre el:<\/p>\n\n\n\n<p>&#8211; Am avut un co\u0219mar. M\u0103 atingea o lab\u0103 alb\u0103 de urs.<\/p>\n\n\n\n<p>&#8211; C\u00e2t era de mare laba?<\/p>\n\n\n\n<p>&#8211; De lung\u0103 era c\u00e2t de lat\u0103. De fapt, era at\u00e2t de mare \u00eenc\u00e2t o purta \u00eennodat\u0103 \u0219i tot \u00eel \u00eencurca la mers.<\/p>\n\n\n\n<p>&#8211; De aia te-ai speriat a\u0219a&#8230;<\/p>\n\n\n\n<p>3 emoticoane r\u00e2s cu lacrimi<\/p>\n\n\n\n<figure class=\"wp-block-image size-large\"><img loading=\"lazy\" decoding=\"async\" width=\"741\" height=\"1024\" src=\"https:\/\/www.dumitra.net\/blog\/wp-content\/fileStore\/2023\/06\/20230623_110349-01-1-741x1024.jpeg\" alt=\"\" class=\"wp-image-15278\" srcset=\"https:\/\/www.dumitra.net\/blog\/wp-content\/fileStore\/2023\/06\/20230623_110349-01-1-741x1024.jpeg 741w, https:\/\/www.dumitra.net\/blog\/wp-content\/fileStore\/2023\/06\/20230623_110349-01-1-217x300.jpeg 217w, https:\/\/www.dumitra.net\/blog\/wp-content\/fileStore\/2023\/06\/20230623_110349-01-1-768x1061.jpeg 768w, https:\/\/www.dumitra.net\/blog\/wp-content\/fileStore\/2023\/06\/20230623_110349-01-1-600x829.jpeg 600w, https:\/\/www.dumitra.net\/blog\/wp-content\/fileStore\/2023\/06\/20230623_110349-01-1-1112x1536.jpeg 1112w, https:\/\/www.dumitra.net\/blog\/wp-content\/fileStore\/2023\/06\/20230623_110349-01-1-1482x2048.jpeg 1482w, https:\/\/www.dumitra.net\/blog\/wp-content\/fileStore\/2023\/06\/20230623_110349-01-1-1320x1824.jpeg 1320w, https:\/\/www.dumitra.net\/blog\/wp-content\/fileStore\/2023\/06\/20230623_110349-01-1-scaled.jpeg 1853w\" sizes=\"auto, (max-width: 741px) 100vw, 741px\" \/><\/figure>\n","protected":false},"excerpt":{"rendered":"<p>M\u0103 atinge o lab\u0103. Nu m\u0103 r\u0103ne\u0219te, m\u0103 adie ca m\u0103tasea. O lab\u0103 de urs alb\u0103 \u0219i p\u0103roas\u0103. Tresar violent \u0219i-i r\u0103spund cu un dos de palm\u0103. Icne\u0219te surd, geme, se \u00eentoarce pe partea&#46;&#46;&#46;<\/p>\n","protected":false},"author":1,"featured_media":0,"comment_status":"open","ping_status":"closed","sticky":false,"template":"","format":"standard","meta":{"ngg_post_thumbnail":0,"footnotes":""},"categories":[2289,4],"tags":[2472,2470,2468,2465,2466,2471,2463,2467,2469,2464],"class_list":["post-15277","post","type-post","status-publish","format-standard","hentry","category-drumetii","category-personal","tag-a-iesit-un-rus-in-cale","tag-cand-infloreste-rododendronul-pe-munte-rosu-in-ciucas","tag-ce-traseu-sa-faci-sa-vezi-rododendron","tag-cine-a-vazut-urs-la-muntele-rosu","tag-ciucas-ursi","tag-poveste-cu-urs","tag-sunt-ursi-pe-muntele-rosu","tag-traseul-muntele-rosu-sunt-ursi","tag-unde-vezi-rododendron-inflorit","tag-urs-la-muntele-rosu"],"_links":{"self":[{"href":"https:\/\/www.dumitra.net\/blog\/index.php?rest_route=\/wp\/v2\/posts\/15277","targetHints":{"allow":["GET"]}}],"collection":[{"href":"https:\/\/www.dumitra.net\/blog\/index.php?rest_route=\/wp\/v2\/posts"}],"about":[{"href":"https:\/\/www.dumitra.net\/blog\/index.php?rest_route=\/wp\/v2\/types\/post"}],"author":[{"embeddable":true,"href":"https:\/\/www.dumitra.net\/blog\/index.php?rest_route=\/wp\/v2\/users\/1"}],"replies":[{"embeddable":true,"href":"https:\/\/www.dumitra.net\/blog\/index.php?rest_route=%2Fwp%2Fv2%2Fcomments&post=15277"}],"version-history":[{"count":1,"href":"https:\/\/www.dumitra.net\/blog\/index.php?rest_route=\/wp\/v2\/posts\/15277\/revisions"}],"predecessor-version":[{"id":15279,"href":"https:\/\/www.dumitra.net\/blog\/index.php?rest_route=\/wp\/v2\/posts\/15277\/revisions\/15279"}],"wp:attachment":[{"href":"https:\/\/www.dumitra.net\/blog\/index.php?rest_route=%2Fwp%2Fv2%2Fmedia&parent=15277"}],"wp:term":[{"taxonomy":"category","embeddable":true,"href":"https:\/\/www.dumitra.net\/blog\/index.php?rest_route=%2Fwp%2Fv2%2Fcategories&post=15277"},{"taxonomy":"post_tag","embeddable":true,"href":"https:\/\/www.dumitra.net\/blog\/index.php?rest_route=%2Fwp%2Fv2%2Ftags&post=15277"}],"curies":[{"name":"wp","href":"https:\/\/api.w.org\/{rel}","templated":true}]}}