{"id":15143,"date":"2023-06-15T03:11:43","date_gmt":"2023-06-15T03:11:43","guid":{"rendered":"https:\/\/www.dumitra.net\/blog\/?p=15143"},"modified":"2023-06-16T03:19:17","modified_gmt":"2023-06-16T03:19:17","slug":"aglica-si-a-luat-zborul","status":"publish","type":"post","link":"https:\/\/www.dumitra.net\/blog\/?p=15143","title":{"rendered":"Aglica de pe versantul meu"},"content":{"rendered":"\n<p>M-am trezit, ca de obicei, la 5.00. Nimic special. Prin tunelul larg al ferestrelor intr\u0103 teiul cu totul \u00een buc\u0103t\u0103rie. Ieri sear\u0103, tot cu el m-am culcat. Cu el \u00een n\u0103ri. Special\u0103 e ziua asta \u00een care Maria va arunca cu toca-n sus, poate \u00een Dumnezeu.<\/p>\n\n\n\n<p>Trebuie s\u0103 scrie un citat \u00een clasorul lor cu poze de final de a XIIa. \u201dNihil sine Deo\u201d se g\u00e2nde\u0219te ea s\u0103 scrie.<\/p>\n\n\n\n<p>Se r\u0103zg\u00e2nde\u0219te, s\u0103 nu cread\u0103 colegii altceva&#8230; Colegi care au scris \u201d\u0218coala nu mi-a afectat educa\u021bia\u201d; \u201dO zi la \u0219coal\u0103 <a><\/a>e o zi pierdut\u0103 pentru gr\u0103tar\u201d, \u201dAi n-ai minge dai la poart\u0103, gustul semin\u021belor e la fel\u201d. \u0218i tot a\u0219a&#8230;<\/p>\n\n\n\n<p>Scriu despre flori pe blog ca s\u0103 ard ner\u0103bdarea timpului de p\u00e2n\u0103 la ceremonia de final de liceu. M\u0103 g\u00e2ndesc cu ce s\u0103 m\u0103 \u00eembrac.<\/p>\n\n\n\n<p>\u0218i scriu, coinciden\u021b\u0103, <a href=\"https:\/\/www.dumitra.net\/blog\/?p=15111\" target=\"_blank\" rel=\"noreferrer noopener\">despre aglic\u0103<\/a>. Cea mai frumoas\u0103 din M\u0103cin. De culoare alb-crem. Exact culoarea rochiei pe care azi o \u00eembrac\u0103 Maria.<\/p>\n\n\n\n<p>Alb? De ce vrea ea anume alb? m-am g\u00e2ndit ieri, c\u00e2nd am ajutat-o s\u0103 o aleag\u0103. Culoarea cur\u0103\u021beniei, a florilor pe care sclipesc c\u0103r\u0103bu\u0219ii aurii. Aglicei i se mai spune \u0219i tei\u0219or.<\/p>\n\n\n\n<p>\u00cen simbolistica egiptean\u0103, scarabeul reprezint\u0103 dualitatea fiin\u021bei \u00een drumul ei spre soare.<\/p>\n\n\n\n<p>Cu aripile nedesf\u0103cute, scarabeul reprezint\u0103 discipolul, \u00eenv\u0103\u021b\u0103ceul, iminen\u021ba vie\u021bii \u00eenc\u0103 nemanifestate, \u00eenceputul c\u0103l\u0103toriei spre devenire; cu aripile larg desf\u0103cute, zbur\u00e2nd spre soare, c\u0103r\u0103bu\u0219ul se transform\u0103 din discipol \u00een ini\u021biat, \u00een Kepher, maestrul aflat \u00een rela\u0163ie cu Amon, discul solar \u00eenaripat.<\/p>\n\n\n\n<p>Gata. Am g\u0103sit cu ce. Tot un alb-crem o s\u0103 \u00eembrac. Poate pantaloni.<\/p>\n\n\n\n<p>Ea trebuie s\u0103 str\u0103luceasc\u0103. E vremea ei.<\/p>\n\n\n\n<p>Are aripile desf\u0103cute. \u0218i rochia are dou\u0103 fante laterale ca ni\u0219te aripi.<\/p>\n\n\n\n<p>Maria \u0219i-a luat zborul pe cont propriu&#8230;<\/p>\n\n\n\n<p>15 iunie 2023, ora 5.30<\/p>\n\n\n\n<figure class=\"wp-block-image size-large\"><img loading=\"lazy\" decoding=\"async\" width=\"498\" height=\"1024\" src=\"https:\/\/www.dumitra.net\/blog\/wp-content\/fileStore\/2023\/06\/2-1-498x1024.jpg\" alt=\"\" class=\"wp-image-15146\" srcset=\"https:\/\/www.dumitra.net\/blog\/wp-content\/fileStore\/2023\/06\/2-1-498x1024.jpg 498w, https:\/\/www.dumitra.net\/blog\/wp-content\/fileStore\/2023\/06\/2-1-146x300.jpg 146w, https:\/\/www.dumitra.net\/blog\/wp-content\/fileStore\/2023\/06\/2-1-768x1579.jpg 768w, https:\/\/www.dumitra.net\/blog\/wp-content\/fileStore\/2023\/06\/2-1-600x1234.jpg 600w, https:\/\/www.dumitra.net\/blog\/wp-content\/fileStore\/2023\/06\/2-1-747x1536.jpg 747w, https:\/\/www.dumitra.net\/blog\/wp-content\/fileStore\/2023\/06\/2-1.jpg 800w\" sizes=\"auto, (max-width: 498px) 100vw, 498px\" \/><figcaption class=\"wp-element-caption\">15 iunie 2023, ultima zi de liceu<\/figcaption><\/figure>\n","protected":false},"excerpt":{"rendered":"<p>M-am trezit, ca de obicei, la 5.00. Nimic special. Prin tunelul larg al ferestrelor intr\u0103 teiul cu totul \u00een buc\u0103t\u0103rie. Ieri sear\u0103, tot cu el m-am culcat. Cu el \u00een n\u0103ri. Special\u0103 e ziua&#46;&#46;&#46;<\/p>\n","protected":false},"author":1,"featured_media":0,"comment_status":"open","ping_status":"closed","sticky":false,"template":"","format":"standard","meta":{"ngg_post_thumbnail":0,"footnotes":""},"categories":[4],"tags":[],"class_list":["post-15143","post","type-post","status-publish","format-standard","hentry","category-personal"],"_links":{"self":[{"href":"https:\/\/www.dumitra.net\/blog\/index.php?rest_route=\/wp\/v2\/posts\/15143","targetHints":{"allow":["GET"]}}],"collection":[{"href":"https:\/\/www.dumitra.net\/blog\/index.php?rest_route=\/wp\/v2\/posts"}],"about":[{"href":"https:\/\/www.dumitra.net\/blog\/index.php?rest_route=\/wp\/v2\/types\/post"}],"author":[{"embeddable":true,"href":"https:\/\/www.dumitra.net\/blog\/index.php?rest_route=\/wp\/v2\/users\/1"}],"replies":[{"embeddable":true,"href":"https:\/\/www.dumitra.net\/blog\/index.php?rest_route=%2Fwp%2Fv2%2Fcomments&post=15143"}],"version-history":[{"count":2,"href":"https:\/\/www.dumitra.net\/blog\/index.php?rest_route=\/wp\/v2\/posts\/15143\/revisions"}],"predecessor-version":[{"id":15150,"href":"https:\/\/www.dumitra.net\/blog\/index.php?rest_route=\/wp\/v2\/posts\/15143\/revisions\/15150"}],"wp:attachment":[{"href":"https:\/\/www.dumitra.net\/blog\/index.php?rest_route=%2Fwp%2Fv2%2Fmedia&parent=15143"}],"wp:term":[{"taxonomy":"category","embeddable":true,"href":"https:\/\/www.dumitra.net\/blog\/index.php?rest_route=%2Fwp%2Fv2%2Fcategories&post=15143"},{"taxonomy":"post_tag","embeddable":true,"href":"https:\/\/www.dumitra.net\/blog\/index.php?rest_route=%2Fwp%2Fv2%2Ftags&post=15143"}],"curies":[{"name":"wp","href":"https:\/\/api.w.org\/{rel}","templated":true}]}}