{"id":15102,"date":"2023-06-13T04:58:08","date_gmt":"2023-06-13T04:58:08","guid":{"rendered":"https:\/\/www.dumitra.net\/blog\/?p=15102"},"modified":"2023-06-13T05:35:43","modified_gmt":"2023-06-13T05:35:43","slug":"sanziene-si-nu-prea","status":"publish","type":"post","link":"https:\/\/www.dumitra.net\/blog\/?p=15102","title":{"rendered":"S\u00e2nziene \u0219i nu prea"},"content":{"rendered":"\n<p>Intru ieri sear\u0103 \u00eentr-o lib, pardon!, flor\u0103rie s\u0103 \u00eentreb ce &#8230; \u00eentreab\u0103 o mam\u0103 la sf\u00e2r\u0219it de an \u0219colar. V\u00e2nz\u0103toarea tocmai ie\u0219ise s\u0103 fumeze. \u00censerarea l\u0103sat\u0103 cu frison \u00eemi aduce fumul \u0219i cred c\u0103 \u0219i mirosul pletelor ei \u00een plin\u0103 figur\u0103. O \u00eentreb chestiunea din u\u0219a flor\u0103riei \u0219i-mi r\u0103spunde vag. Nu \u0219tie denumirile florilor. A\u0219a c\u0103, intr\u0103 s\u0103 mi le arate.<\/p>\n\n\n\n<p>Le prinde ca pe sorcov\u0103 \u0219i mi le clatin\u0103 prin fa\u021ba ochilor.<\/p>\n\n\n\n<p>Mul\u021bumesc \u0219i dau s\u0103 plec. Nu plec. Observ pe masa de lucru florile <a><\/a>care m-au intrigat cel mai tare \u00een Mun\u021bii M\u0103cin. O paji\u0219te plin\u0103 cu florile astea, \u00eempodobite cu c\u0103r\u0103bu\u0219i aurii. Egiptenii credeau c\u0103 e bine s\u0103 dai roat\u0103 c\u0103r\u0103bu\u0219ilor, s\u0103 te umpli de energia lor vital\u0103.<\/p>\n\n\n\n<p>Iau una, o miros. Ea e. N-am niciun dubiu. O plant\u0103 melifer\u0103. Eu \u0219tiu cum o cheam\u0103, dar uneori e simpatic s\u0103 te verifici, s\u0103 vezi \u0219i unde se opre\u0219te curiozitatea oamenilor. O \u00eentreb:<\/p>\n\n\n\n<p>&#8211; Ce flori sunt?<\/p>\n\n\n\n<p>&#8211; S\u00e2nziene, r\u0103spunde \u021bin\u00e2nd \u021bigara aprins\u0103 \u00eentr-o latur\u0103 a buzunarului jean\u0219ilor, a\u0219tept\u00e2nd s\u0103 m\u0103 car mai repede din flor\u0103rie ca s\u0103 fumeze \u0219i ea ca omul la sf\u00e2r\u0219it de program.<\/p>\n\n\n\n<p>&#8211; Sunte\u021bi sigur\u0103? zic. S\u00e2nzienele sunt galbene. Florile astea le-am v\u0103zut de cur\u00e2nd pe munte.<\/p>\n\n\n\n<p>&#8211; Da, da, de acolo sunt aduse&#8230;. \u0219i m\u0103 prive\u0219te fix, a\u0219tept\u00e2nd s\u0103-i spun cum se numesc de fapt florile.<\/p>\n\n\n\n<p>Chestiunea m\u0103 intrig\u0103. Cum adic\u0103 sunt aduse de acolo? Furate, adic\u0103? O plant\u0103 melifer\u0103 (care atrage albinele) e t\u0103iat\u0103 a\u0219a, pur \u0219i simplu, cum ai smulge o buruian\u0103?<\/p>\n\n\n\n<p>Nu dau glas g\u00e2ndurilor \u0103stora c\u0103 n-ar \u00een\u021belege. \u00cen plus, se gr\u0103be\u0219te&#8230;<\/p>\n\n\n\n<p>Ies trist\u0103 din flor\u0103rie. \u00cemi imaginez paji\u0219tea aceea (voi pune poze \u0219i text \u00een cur\u00e2nd) f\u0103r\u0103 superbitatea astea \u0219i f\u0103r\u0103 aurul c\u0103r\u0103bu\u0219ilor acupla\u021bi \u0219i forn\u0103itori, sc\u0103ldat \u00een pistilul florilor crem.<\/p>\n\n\n\n<figure class=\"wp-block-image size-large\"><img loading=\"lazy\" decoding=\"async\" width=\"815\" height=\"1024\" src=\"https:\/\/www.dumitra.net\/blog\/wp-content\/fileStore\/2023\/06\/Aglica-blur-815x1024.jpg\" alt=\"\" class=\"wp-image-15103\" srcset=\"https:\/\/www.dumitra.net\/blog\/wp-content\/fileStore\/2023\/06\/Aglica-blur-815x1024.jpg 815w, https:\/\/www.dumitra.net\/blog\/wp-content\/fileStore\/2023\/06\/Aglica-blur-239x300.jpg 239w, https:\/\/www.dumitra.net\/blog\/wp-content\/fileStore\/2023\/06\/Aglica-blur-768x965.jpg 768w, https:\/\/www.dumitra.net\/blog\/wp-content\/fileStore\/2023\/06\/Aglica-blur-600x754.jpg 600w, https:\/\/www.dumitra.net\/blog\/wp-content\/fileStore\/2023\/06\/Aglica-blur-1223x1536.jpg 1223w, https:\/\/www.dumitra.net\/blog\/wp-content\/fileStore\/2023\/06\/Aglica-blur-1320x1658.jpg 1320w, https:\/\/www.dumitra.net\/blog\/wp-content\/fileStore\/2023\/06\/Aglica-blur.jpg 1401w\" sizes=\"auto, (max-width: 815px) 100vw, 815px\" \/><\/figure>\n","protected":false},"excerpt":{"rendered":"<p>Intru ieri sear\u0103 \u00eentr-o lib, pardon!, flor\u0103rie s\u0103 \u00eentreb ce &#8230; \u00eentreab\u0103 o mam\u0103 la sf\u00e2r\u0219it de an \u0219colar. V\u00e2nz\u0103toarea tocmai ie\u0219ise s\u0103 fumeze. \u00censerarea l\u0103sat\u0103 cu frison \u00eemi aduce fumul \u0219i cred c\u0103&#46;&#46;&#46;<\/p>\n","protected":false},"author":1,"featured_media":0,"comment_status":"open","ping_status":"closed","sticky":false,"template":"","format":"standard","meta":{"ngg_post_thumbnail":0,"footnotes":""},"categories":[2289],"tags":[2410,2409,2411,2413,2412],"class_list":["post-15102","post","type-post","status-publish","format-standard","hentry","category-drumetii","tag-flori-crem-din-macin","tag-flori-din-muntii-macin","tag-flori-pentru-coronita-sfarsit-de-an","tag-pajiste-cu-flori-albe-muntii-macin","tag-poveste-cu-flori-crem"],"_links":{"self":[{"href":"https:\/\/www.dumitra.net\/blog\/index.php?rest_route=\/wp\/v2\/posts\/15102","targetHints":{"allow":["GET"]}}],"collection":[{"href":"https:\/\/www.dumitra.net\/blog\/index.php?rest_route=\/wp\/v2\/posts"}],"about":[{"href":"https:\/\/www.dumitra.net\/blog\/index.php?rest_route=\/wp\/v2\/types\/post"}],"author":[{"embeddable":true,"href":"https:\/\/www.dumitra.net\/blog\/index.php?rest_route=\/wp\/v2\/users\/1"}],"replies":[{"embeddable":true,"href":"https:\/\/www.dumitra.net\/blog\/index.php?rest_route=%2Fwp%2Fv2%2Fcomments&post=15102"}],"version-history":[{"count":4,"href":"https:\/\/www.dumitra.net\/blog\/index.php?rest_route=\/wp\/v2\/posts\/15102\/revisions"}],"predecessor-version":[{"id":15110,"href":"https:\/\/www.dumitra.net\/blog\/index.php?rest_route=\/wp\/v2\/posts\/15102\/revisions\/15110"}],"wp:attachment":[{"href":"https:\/\/www.dumitra.net\/blog\/index.php?rest_route=%2Fwp%2Fv2%2Fmedia&parent=15102"}],"wp:term":[{"taxonomy":"category","embeddable":true,"href":"https:\/\/www.dumitra.net\/blog\/index.php?rest_route=%2Fwp%2Fv2%2Fcategories&post=15102"},{"taxonomy":"post_tag","embeddable":true,"href":"https:\/\/www.dumitra.net\/blog\/index.php?rest_route=%2Fwp%2Fv2%2Ftags&post=15102"}],"curies":[{"name":"wp","href":"https:\/\/api.w.org\/{rel}","templated":true}]}}