{"id":15014,"date":"2023-06-15T18:16:00","date_gmt":"2023-06-15T18:16:00","guid":{"rendered":"https:\/\/www.dumitra.net\/blog\/?p=15014"},"modified":"2023-06-16T03:18:14","modified_gmt":"2023-06-16T03:18:14","slug":"ce-carti-usor-erotice-i-as-da-pe-plaja","status":"publish","type":"post","link":"https:\/\/www.dumitra.net\/blog\/?p=15014","title":{"rendered":"Ce c\u0103r\u021bi (u\u0219or erotice) i-a\u0219 da pe plaj\u0103&#8230;"},"content":{"rendered":"\n<p>&#8230;. prietenei mele romantice \u0219i ce i-a\u0219 spune \u00een c\u00e2teva vorbe:<\/p>\n\n\n\n<figure class=\"wp-block-image size-large\"><img loading=\"lazy\" decoding=\"async\" width=\"683\" height=\"1024\" src=\"https:\/\/www.dumitra.net\/blog\/wp-content\/fileStore\/2023\/06\/3-683x1024.jpg\" alt=\"\" class=\"wp-image-15099\" srcset=\"https:\/\/www.dumitra.net\/blog\/wp-content\/fileStore\/2023\/06\/3-683x1024.jpg 683w, https:\/\/www.dumitra.net\/blog\/wp-content\/fileStore\/2023\/06\/3-200x300.jpg 200w, https:\/\/www.dumitra.net\/blog\/wp-content\/fileStore\/2023\/06\/3-768x1152.jpg 768w, https:\/\/www.dumitra.net\/blog\/wp-content\/fileStore\/2023\/06\/3-600x900.jpg 600w, https:\/\/www.dumitra.net\/blog\/wp-content\/fileStore\/2023\/06\/3.jpg 800w\" sizes=\"auto, (max-width: 683px) 100vw, 683px\" \/><\/figure>\n\n\n\n<ol class=\"wp-block-list\">\n<li>\u201dVia\u021ba amoroas\u0103\u201d de Zeruya Shalev, Ed. Humanitas Fiction, trad. Ioana Petridean<\/li>\n<\/ol>\n\n\n\n<p>E prins\u0103 \u00eentre doi b\u0103rba\u021bi: t\u00e2n\u0103rul so\u021b, de care nu se simte atras\u0103, eschiv\u00e2ndu-se momentelor conjugal-erotice, \u0219i prietenul tat\u0103lui (\u0219i fost iubit al mamei), de o frumuse\u021be \u0219i b\u0103rb\u0103\u021bie apuse, greu de excitat \u0219i c\u0103ruia i se d\u0103ruie\u0219te cu o fervoare inexplicabil\u0103 p\u00e2n\u0103 la dependen\u021b\u0103. Trebuie s\u0103 aleag\u0103 \u00eentre cei doi. Ce alege? Mai multe despre carte, <a href=\"https:\/\/www.dumitra.net\/blog\/?p=14585\" target=\"_blank\" rel=\"noreferrer noopener\">aici<\/a>.<\/p>\n\n\n\n<p> <\/p>\n\n\n\n<figure class=\"wp-block-image size-full is-resized\"><img loading=\"lazy\" decoding=\"async\" src=\"https:\/\/www.dumitra.net\/blog\/wp-content\/fileStore\/2023\/06\/Viata-amoroasa.jpeg\" alt=\"\" class=\"wp-image-15061\" width=\"578\" height=\"889\" srcset=\"https:\/\/www.dumitra.net\/blog\/wp-content\/fileStore\/2023\/06\/Viata-amoroasa.jpeg 240w, https:\/\/www.dumitra.net\/blog\/wp-content\/fileStore\/2023\/06\/Viata-amoroasa-195x300.jpeg 195w\" sizes=\"auto, (max-width: 578px) 100vw, 578px\" \/><\/figure>\n\n\n\n<p><\/p>\n\n\n\n<div class=\"wp-block-columns is-layout-flex wp-container-core-columns-is-layout-9d6595d7 wp-block-columns-is-layout-flex\">\n<div class=\"wp-block-column is-layout-flow wp-block-column-is-layout-flow\" style=\"flex-basis:100%\">\n<div class=\"wp-block-columns is-layout-flex wp-container-core-columns-is-layout-9d6595d7 wp-block-columns-is-layout-flex\">\n<div class=\"wp-block-column is-layout-flow wp-block-column-is-layout-flow\" style=\"flex-basis:100%\">\n<p>2. \u201dFemeile lui Laz\u0103r\u201d de Marina Stepnova, Ed. Curtea Veche Publishing, trad. Antoaneta Olteanu<\/p>\n<\/div>\n<\/div>\n\n\n\n<p>Evreu neasumat \u0219i geniu, savantul Laz\u0103r Lindt marchez\u0103 destinele remarcabile a trei femei. Printre ele, orfana Lidocika, considerat\u0103 o balerin\u0103 cu un talent uria\u0219, dar care ur\u0103\u0219te baletul. Excelent creionat\u0103 via\u021ba auster\u0103, dureroas\u0103 a balerinelor  \u0219i tot ce \u00eendur\u0103 ca s\u0103 ajung\u0103 soliste ale teatrului Bal\u0219oi. Stepnova vorbe\u0219te rom\u00e2n\u0103. A locuit o vreme \u00een Chi\u0219in\u0103u. Entuziasmul pentru \u201d Femeile lui Laz\u0103r\u201d \u0219i \u201dLec\u021bii de italian\u0103\u201d l-am \u00eencapsulat <a href=\"https:\/\/www.dumitra.net\/blog\/?p=12895\" target=\"_blank\" rel=\"noreferrer noopener\">aici<\/a>.<\/p>\n<\/div>\n<\/div>\n\n\n\n<figure class=\"wp-block-image size-large\"><img loading=\"lazy\" decoding=\"async\" width=\"636\" height=\"1024\" src=\"https:\/\/www.dumitra.net\/blog\/wp-content\/fileStore\/2023\/06\/20230608_165855-636x1024.jpg\" alt=\"\" class=\"wp-image-15018\" srcset=\"https:\/\/www.dumitra.net\/blog\/wp-content\/fileStore\/2023\/06\/20230608_165855-636x1024.jpg 636w, https:\/\/www.dumitra.net\/blog\/wp-content\/fileStore\/2023\/06\/20230608_165855-186x300.jpg 186w, https:\/\/www.dumitra.net\/blog\/wp-content\/fileStore\/2023\/06\/20230608_165855-768x1237.jpg 768w, https:\/\/www.dumitra.net\/blog\/wp-content\/fileStore\/2023\/06\/20230608_165855-600x966.jpg 600w, https:\/\/www.dumitra.net\/blog\/wp-content\/fileStore\/2023\/06\/20230608_165855-954x1536.jpg 954w, https:\/\/www.dumitra.net\/blog\/wp-content\/fileStore\/2023\/06\/20230608_165855-1271x2048.jpg 1271w, https:\/\/www.dumitra.net\/blog\/wp-content\/fileStore\/2023\/06\/20230608_165855-1320x2126.jpg 1320w, https:\/\/www.dumitra.net\/blog\/wp-content\/fileStore\/2023\/06\/20230608_165855-scaled.jpg 1589w\" sizes=\"auto, (max-width: 636px) 100vw, 636px\" \/><figcaption class=\"wp-element-caption\">Scriitur\u0103 cu ritm de p\u00e2nz\u0103 de p\u0103ianjen; te aga\u021b\u0103 si te \u021bine a\u0219a \u00een plas\u0103 p\u00e2n\u0103 la punctul de final. Lectur\u0103 de maximum dou\u0103 zile de vacan\u021b\u0103.<\/figcaption><\/figure>\n\n\n\n<div class=\"wp-block-columns is-layout-flex wp-container-core-columns-is-layout-9d6595d7 wp-block-columns-is-layout-flex\">\n<div class=\"wp-block-column is-layout-flow wp-block-column-is-layout-flow\" style=\"flex-basis:100%\">\n<div class=\"wp-block-columns is-layout-flex wp-container-core-columns-is-layout-9d6595d7 wp-block-columns-is-layout-flex\">\n<div class=\"wp-block-column is-layout-flow wp-block-column-is-layout-flow\" style=\"flex-basis:100%\">\n<p>3. \u201dBastarda Istanbului\u201d de Elif Shafak, Ed. Polirom, trad. Ada Tanas\u0103<\/p>\n<\/div>\n<\/div>\n\n\n\n<p>De la un cap\u0103t la altul, cartea are parfum de femei armene \u0219i turce \u00eenv\u0103luite \u00een valuri de scor\u021bi\u0219oar\u0103, rodie, vanilie, caise uscate \u0219i tot ce g\u0103se\u0219ti pe o tarab\u0103 oriental\u0103: gust, miros, culoare, str\u0103lucire. Ai chiar \u0219i re\u021bete. Dar nu e carte de bucate. <\/p>\n\n\n\n<figure class=\"wp-block-image size-large\"><img loading=\"lazy\" decoding=\"async\" width=\"623\" height=\"1024\" src=\"https:\/\/www.dumitra.net\/blog\/wp-content\/fileStore\/2023\/06\/20230608_170105-623x1024.jpg\" alt=\"\" class=\"wp-image-15022\" srcset=\"https:\/\/www.dumitra.net\/blog\/wp-content\/fileStore\/2023\/06\/20230608_170105-623x1024.jpg 623w, https:\/\/www.dumitra.net\/blog\/wp-content\/fileStore\/2023\/06\/20230608_170105-182x300.jpg 182w, https:\/\/www.dumitra.net\/blog\/wp-content\/fileStore\/2023\/06\/20230608_170105-768x1263.jpg 768w, https:\/\/www.dumitra.net\/blog\/wp-content\/fileStore\/2023\/06\/20230608_170105-600x987.jpg 600w, https:\/\/www.dumitra.net\/blog\/wp-content\/fileStore\/2023\/06\/20230608_170105-934x1536.jpg 934w, https:\/\/www.dumitra.net\/blog\/wp-content\/fileStore\/2023\/06\/20230608_170105-1246x2048.jpg 1246w, https:\/\/www.dumitra.net\/blog\/wp-content\/fileStore\/2023\/06\/20230608_170105-1320x2170.jpg 1320w, https:\/\/www.dumitra.net\/blog\/wp-content\/fileStore\/2023\/06\/20230608_170105-scaled.jpg 1557w\" sizes=\"auto, (max-width: 623px) 100vw, 623px\" \/><figcaption class=\"wp-element-caption\">\u00ce\u021bi va ploua \u00een gur\u0103 citind-o, dar nu mult, c\u0103ci cartea te seduce prin simplitatea \u0219i mierea pove\u0219tilor. Apreciez vreo trei zile timp de lectur\u0103.<\/figcaption><\/figure>\n<\/div>\n<\/div>\n\n\n\n<div class=\"wp-block-columns is-layout-flex wp-container-core-columns-is-layout-9d6595d7 wp-block-columns-is-layout-flex\">\n<div class=\"wp-block-column is-layout-flow wp-block-column-is-layout-flow\" style=\"flex-basis:100%\">\n<p>4. \u201dPasiune simpl\u0103\/Confesiunea adolescentei\u201d de Annie Ernaux (Nobel 2022), Ed. Anansi Contemporan, trad. M\u0103d\u0103lina Ghiu \u0219i Vasile Zincenco<\/p>\n<\/div>\n<\/div>\n\n\n\n<p>Pasiune simpl\u0103 e, de fapt, una complicat\u0103, c\u0103ci asta li se \u00eent\u00e2mpl\u0103 multor femei care se \u00eendr\u0103gostesc de b\u0103rba\u021bi c\u0103s\u0103tori\u021bi \u0219i indisponibili. Dest\u0103inuirile autoarei, a c\u0103rei via\u021b\u0103, timp de doi ani, graviteaz\u0103 \u00een jurul vizitelor acestui str\u0103in, au \u0219armul unei plimb\u0103ri pe Sena. \u201dConfesiunile\u201d, cu climaxul dezvirgin\u0103rii adolescentei cumin\u021bi, la 50 de ani distan\u021b\u0103, sunt un sertar a c\u0103rui cheie n-a fost nici uitat\u0103, nici aruncat\u0103.<\/p>\n\n\n\n<figure class=\"wp-block-image size-large\"><img loading=\"lazy\" decoding=\"async\" width=\"644\" height=\"1024\" src=\"https:\/\/www.dumitra.net\/blog\/wp-content\/fileStore\/2023\/06\/Annie-Ernaux-644x1024.jpg\" alt=\"\" class=\"wp-image-15026\" srcset=\"https:\/\/www.dumitra.net\/blog\/wp-content\/fileStore\/2023\/06\/Annie-Ernaux-644x1024.jpg 644w, https:\/\/www.dumitra.net\/blog\/wp-content\/fileStore\/2023\/06\/Annie-Ernaux-189x300.jpg 189w, https:\/\/www.dumitra.net\/blog\/wp-content\/fileStore\/2023\/06\/Annie-Ernaux-768x1222.jpg 768w, https:\/\/www.dumitra.net\/blog\/wp-content\/fileStore\/2023\/06\/Annie-Ernaux-600x954.jpg 600w, https:\/\/www.dumitra.net\/blog\/wp-content\/fileStore\/2023\/06\/Annie-Ernaux-966x1536.jpg 966w, https:\/\/www.dumitra.net\/blog\/wp-content\/fileStore\/2023\/06\/Annie-Ernaux-1288x2048.jpg 1288w, https:\/\/www.dumitra.net\/blog\/wp-content\/fileStore\/2023\/06\/Annie-Ernaux-1320x2100.jpg 1320w, https:\/\/www.dumitra.net\/blog\/wp-content\/fileStore\/2023\/06\/Annie-Ernaux-scaled.jpg 1609w\" sizes=\"auto, (max-width: 644px) 100vw, 644px\" \/><figcaption class=\"wp-element-caption\">Timp de citire: c\u00e2teva ore<\/figcaption><\/figure>\n\n\n\n<p><\/p>\n\n\n\n<div class=\"wp-block-columns is-layout-flex wp-container-core-columns-is-layout-9d6595d7 wp-block-columns-is-layout-flex\">\n<div class=\"wp-block-column is-layout-flow wp-block-column-is-layout-flow\" style=\"flex-basis:100%\">\n<p>5. \u201dFemei care cump\u0103r\u0103 flori\u201d de Vanessa Montfort, Ed. Univers, trad. Elena-Anca Coman<\/p>\n<\/div>\n<\/div>\n\n\n\n<p>O scriitoare deloc cunoscut\u0103 \u00een Rom\u00e2nia \u0219i e p\u0103cat. Scrie proasp\u0103t despre cinci femei \u0219i prietenia dintre ele, fiecare dest\u0103inuindu-\u0219i povestea tr\u0103it\u0103 carnal \u0219i visceral. Locul predilect de \u00eent\u00e2lnire: flor\u0103ria \u201dGr\u0103dina \u00cengerului\u201d din Cartierul Literelor, Madrid. Cinci femei de v\u00e2rste diferite, \u00een fiecare joi, \u00een jurul c\u00e2te unui pahar de vin alb, \u00eentr-o ser\u0103 \u00een care \u0219i florile au propria lor simbolistic\u0103 \u00een leg\u0103tur\u0103 cu \u201durgen\u021ba vie\u021bii\u201d. Mai multe despre carte, <a href=\"https:\/\/www.dumitra.net\/blog\/?p=13926\" target=\"_blank\" rel=\"noreferrer noopener\">aici<\/a>.<\/p>\n\n\n\n<figure class=\"wp-block-image size-large\"><img loading=\"lazy\" decoding=\"async\" width=\"638\" height=\"1024\" src=\"https:\/\/www.dumitra.net\/blog\/wp-content\/fileStore\/2023\/06\/20230608_170135-638x1024.jpg\" alt=\"\" class=\"wp-image-15028\" srcset=\"https:\/\/www.dumitra.net\/blog\/wp-content\/fileStore\/2023\/06\/20230608_170135-638x1024.jpg 638w, https:\/\/www.dumitra.net\/blog\/wp-content\/fileStore\/2023\/06\/20230608_170135-187x300.jpg 187w, https:\/\/www.dumitra.net\/blog\/wp-content\/fileStore\/2023\/06\/20230608_170135-768x1232.jpg 768w, https:\/\/www.dumitra.net\/blog\/wp-content\/fileStore\/2023\/06\/20230608_170135-600x962.jpg 600w, https:\/\/www.dumitra.net\/blog\/wp-content\/fileStore\/2023\/06\/20230608_170135-958x1536.jpg 958w, https:\/\/www.dumitra.net\/blog\/wp-content\/fileStore\/2023\/06\/20230608_170135-1277x2048.jpg 1277w, https:\/\/www.dumitra.net\/blog\/wp-content\/fileStore\/2023\/06\/20230608_170135-1320x2117.jpg 1320w, https:\/\/www.dumitra.net\/blog\/wp-content\/fileStore\/2023\/06\/20230608_170135-scaled.jpg 1596w\" sizes=\"auto, (max-width: 638px) 100vw, 638px\" \/><figcaption class=\"wp-element-caption\">Timp de lectur\u0103: maximum trei zile<\/figcaption><\/figure>\n\n\n\n<p>Ce c\u0103r\u021bi incitante i-a\u0219 da lui pe plaj\u0103, <a href=\"https:\/\/www.dumitra.net\/blog\/?p=15065\" target=\"_blank\" rel=\"noreferrer noopener\">aici<\/a>.<\/p>\n","protected":false},"excerpt":{"rendered":"<p>&#8230;. prietenei mele romantice \u0219i ce i-a\u0219 spune \u00een c\u00e2teva vorbe: E prins\u0103 \u00eentre doi b\u0103rba\u021bi: t\u00e2n\u0103rul so\u021b, de care nu se simte atras\u0103, eschiv\u00e2ndu-se momentelor conjugal-erotice, \u0219i prietenul tat\u0103lui (\u0219i fost iubit al&#46;&#46;&#46;<\/p>\n","protected":false},"author":1,"featured_media":0,"comment_status":"open","ping_status":"closed","sticky":false,"template":"","format":"standard","meta":{"ngg_post_thumbnail":0,"footnotes":""},"categories":[1413],"tags":[2387,2392,2393,2378,2376,2379,2385,2383,2382,2377,2390,2375,2388,2389,2381,2380,2391,2386],"class_list":["post-15014","post","type-post","status-publish","format-standard","hentry","category-raftul-lui-radu","tag-bastarda-istanbulului","tag-carti-2023-pentru-plaja","tag-carti-2023-pentru-vacanta","tag-carti-bune-de-citit-pe-plaja","tag-carti-de-luat-pe-plaja","tag-carti-erotice","tag-carti-usoare-de-vacanta","tag-ce-carti-recomanda-dumitra-blog-pentru-vacanta","tag-ce-mai-citeste-dumitra-blog","tag-ceva-usor-de-citit-la-plaja","tag-confesiuni","tag-femei-care-cumpara-flori-2","tag-femeile-lui-lazar","tag-pasiune-simpla","tag-povesti-romantice-de-citit-pe-plaja","tag-recomandari-de-carti-romantice","tag-top-carti-vara-2023","tag-viata-amoroasa"],"_links":{"self":[{"href":"https:\/\/www.dumitra.net\/blog\/index.php?rest_route=\/wp\/v2\/posts\/15014","targetHints":{"allow":["GET"]}}],"collection":[{"href":"https:\/\/www.dumitra.net\/blog\/index.php?rest_route=\/wp\/v2\/posts"}],"about":[{"href":"https:\/\/www.dumitra.net\/blog\/index.php?rest_route=\/wp\/v2\/types\/post"}],"author":[{"embeddable":true,"href":"https:\/\/www.dumitra.net\/blog\/index.php?rest_route=\/wp\/v2\/users\/1"}],"replies":[{"embeddable":true,"href":"https:\/\/www.dumitra.net\/blog\/index.php?rest_route=%2Fwp%2Fv2%2Fcomments&post=15014"}],"version-history":[{"count":30,"href":"https:\/\/www.dumitra.net\/blog\/index.php?rest_route=\/wp\/v2\/posts\/15014\/revisions"}],"predecessor-version":[{"id":15100,"href":"https:\/\/www.dumitra.net\/blog\/index.php?rest_route=\/wp\/v2\/posts\/15014\/revisions\/15100"}],"wp:attachment":[{"href":"https:\/\/www.dumitra.net\/blog\/index.php?rest_route=%2Fwp%2Fv2%2Fmedia&parent=15014"}],"wp:term":[{"taxonomy":"category","embeddable":true,"href":"https:\/\/www.dumitra.net\/blog\/index.php?rest_route=%2Fwp%2Fv2%2Fcategories&post=15014"},{"taxonomy":"post_tag","embeddable":true,"href":"https:\/\/www.dumitra.net\/blog\/index.php?rest_route=%2Fwp%2Fv2%2Ftags&post=15014"}],"curies":[{"name":"wp","href":"https:\/\/api.w.org\/{rel}","templated":true}]}}