{"id":14697,"date":"2023-05-27T07:08:33","date_gmt":"2023-05-27T07:08:33","guid":{"rendered":"https:\/\/www.dumitra.net\/blog\/?p=14697"},"modified":"2023-05-27T07:39:09","modified_gmt":"2023-05-27T07:39:09","slug":"targul-de-carte-bookfest-2023-o-aerisire-mai-buna","status":"publish","type":"post","link":"https:\/\/www.dumitra.net\/blog\/?p=14697","title":{"rendered":"T\u00e2rgul de carte Bookfest 2023 &#8211; o aerisire mai bun\u0103"},"content":{"rendered":"\n<p>P\u00e2n\u0103 duminic\u0103, 28 mai, cu economia pe care o ve\u021bi face cump\u0103r\u00e2nd c\u0103r\u021bi direct de la t\u00e2rgul de carte Bookfest Bucure\u0219ti, v\u0103 pute\u021bi m\u00e2nca kurtos\u00a0kalacs (cozonacul secuiesc) st\u00e2nd direct pe bordur\u0103, cu fa\u021ba spre abia vizibilul banner indic\u00e2nd intrarea \u00een incinta literelor.<\/p>\n\n\n\n<figure class=\"wp-block-image size-large\"><img loading=\"lazy\" decoding=\"async\" width=\"1024\" height=\"1024\" src=\"https:\/\/www.dumitra.net\/blog\/wp-content\/fileStore\/2023\/05\/20230527_094253-1024x1024.jpg\" alt=\"\" class=\"wp-image-14708\" srcset=\"https:\/\/www.dumitra.net\/blog\/wp-content\/fileStore\/2023\/05\/20230527_094253-1024x1024.jpg 1024w, https:\/\/www.dumitra.net\/blog\/wp-content\/fileStore\/2023\/05\/20230527_094253-300x300.jpg 300w, https:\/\/www.dumitra.net\/blog\/wp-content\/fileStore\/2023\/05\/20230527_094253-150x150.jpg 150w, https:\/\/www.dumitra.net\/blog\/wp-content\/fileStore\/2023\/05\/20230527_094253-768x768.jpg 768w, https:\/\/www.dumitra.net\/blog\/wp-content\/fileStore\/2023\/05\/20230527_094253-600x600.jpg 600w, https:\/\/www.dumitra.net\/blog\/wp-content\/fileStore\/2023\/05\/20230527_094253-1536x1536.jpg 1536w, https:\/\/www.dumitra.net\/blog\/wp-content\/fileStore\/2023\/05\/20230527_094253-2048x2048.jpg 2048w, https:\/\/www.dumitra.net\/blog\/wp-content\/fileStore\/2023\/05\/20230527_094253-80x80.jpg 80w, https:\/\/www.dumitra.net\/blog\/wp-content\/fileStore\/2023\/05\/20230527_094253-320x320.jpg 320w, https:\/\/www.dumitra.net\/blog\/wp-content\/fileStore\/2023\/05\/20230527_094253-1320x1320.jpg 1320w\" sizes=\"auto, (max-width: 1024px) 100vw, 1024px\" \/><\/figure>\n\n\n\n<p><\/p>\n\n\n\n<p>Vineri, c\u00e2nd am ajuns eu, b\u0103tea un v\u00e2nticel r\u0103coros printre statuile-turn cu c\u0103r\u021bi (ajutat \u0219i de ventila\u021bia mai bun\u0103 parc\u0103 dec\u00e2t anul trecut), lume pu\u021bin\u0103. Cei trei editori cu care am schimbat c\u00e2teva vorbe se ar\u0103tau  dezam\u0103gi\u021bi de primele trei zile. Dar vin zilele de weekend \u0219i afluen\u021ba va fi, cred, mai mare. <\/p>\n\n\n\n<p>\u0218i mie mi s-a p\u0103rut o s\u0103rb\u0103toare a c\u0103r\u021bii cam abulic\u0103. Pu\u021binele lans\u0103ri de carte anun\u021bate de c\u00e2teva edituri mai agile \u00een zona PR-ului sunt, de fapt, franzele care s-au r\u0103cit \u00eentre timp, ele fiind deja la v\u00e2nzare \u00een libr\u0103rii cu mult \u00eenainte de t\u00e2rgul \u0103sta. Sunt, cum ar veni, o lansare de dup\u0103 lansare. \u00cen fine, nu e nimic de blamat aici. Nu e o misiune prea u\u0219oar\u0103 s\u0103 vinzi c\u0103r\u021bi \u00eentr-o Rom\u00e2nie \u00een care se public\u0103 (mult, dup\u0103 mine) \u0219i se cite\u0219te pu\u021bin (dup\u0103 statistici). \u0218i, desigur, mult\u0103 carte str\u0103in\u0103. Dar \u0103sta e un lucru bun, nu dezvolt acum subiectul.<\/p>\n\n\n\n<p>Ai auzit reclama la radio, ai v\u0103zut anun\u021bul t\u00e2rgului lipit pe autobuze, ai v\u0103zut pe FB post\u0103ri, de ce te-ai duce la un t\u00e2rg de carte?<\/p>\n\n\n\n<ol class=\"wp-block-list\">\n<li>Pentru reducerile anun\u021bate <\/li>\n<\/ol>\n\n\n\n<p>Dar anul \u0103sta, reducerile la c\u0103r\u021bi \u00eemi par minuscule, de doar 3-4 lei la unele edituri, la altele poate ajunge p\u00e2n\u0103 la 30%. Am aici \u00een vedere editurile mari, din top 10. Sunt \u0219i c\u0103r\u021bi la pre\u021bul de 5 lei, dar nu \u0219tiu c\u0103rui public se adreseaz\u0103: celui cititor sau celui care, av\u00e2nd rude la \u021bar\u0103, le va duce pentru \u00eempachetat ou\u0103.<\/p>\n\n\n\n<figure class=\"wp-block-image size-large is-resized\"><img loading=\"lazy\" decoding=\"async\" src=\"https:\/\/www.dumitra.net\/blog\/wp-content\/fileStore\/2023\/05\/20230526_125430-576x1024.jpg\" alt=\"\" class=\"wp-image-14709\" width=\"367\" height=\"653\" srcset=\"https:\/\/www.dumitra.net\/blog\/wp-content\/fileStore\/2023\/05\/20230526_125430-576x1024.jpg 576w, https:\/\/www.dumitra.net\/blog\/wp-content\/fileStore\/2023\/05\/20230526_125430-169x300.jpg 169w, https:\/\/www.dumitra.net\/blog\/wp-content\/fileStore\/2023\/05\/20230526_125430-768x1365.jpg 768w, https:\/\/www.dumitra.net\/blog\/wp-content\/fileStore\/2023\/05\/20230526_125430-600x1067.jpg 600w, https:\/\/www.dumitra.net\/blog\/wp-content\/fileStore\/2023\/05\/20230526_125430-864x1536.jpg 864w, https:\/\/www.dumitra.net\/blog\/wp-content\/fileStore\/2023\/05\/20230526_125430-1152x2048.jpg 1152w, https:\/\/www.dumitra.net\/blog\/wp-content\/fileStore\/2023\/05\/20230526_125430-1320x2347.jpg 1320w, https:\/\/www.dumitra.net\/blog\/wp-content\/fileStore\/2023\/05\/20230526_125430-scaled.jpg 1440w\" sizes=\"auto, (max-width: 367px) 100vw, 367px\" \/><\/figure>\n\n\n\n<p>C\u0103ci pia\u021ba de carte e \u00eentr-o suferin\u021b\u0103 \u00een form\u0103 continuat\u0103, nepansat\u0103, neoblojit\u0103 \u0219i supur\u00e2nd permanent. De aceea \u0219i Asocia\u021bia Editorilor a pus recent de un Pact pentru lectur\u0103, dar nu-mi dau seama dac\u0103 au \u0219i aprins aragazul. \u0218i dac\u0103 avem suficiente gaze&#8230;<\/p>\n\n\n\n<p>R\u0103suflar\u0103m u\u0219ura\u021bi dup\u0103 pandemie. \u00centr-un entuziasm general, Bookfest-ul post pandemic din 2022 a fost parc\u0103 ceva mai animat. P\u00e2n\u0103 \u0219i bannerul de la intrare a fost mai mare \u0219i mai colorat, \u0219i mai frumos. C\u00e2teva postere mari \u0219i roll-up-uri anun\u021bau nout\u0103\u021bile unor edituri de-a dreapta \u0219i de-a st\u00e2nga intr\u0103rii. Atunci, \u00een 2022.<\/p>\n\n\n\n<p>Anul \u0103sta parc\u0103 totul s-a croit pe mic, inclusiv mesele instabile din lemn din cap\u0103tul incintei care ad\u0103poste\u0219te zona de m\u00e2ncare, \u201dgra\u021bie\u201d c\u0103rora am putut fi stropit\u0103 cu suc portocaliu pe rochia albastr\u0103 de vecinele mele de mas\u0103. Nu-i bai, a\u0219 fi preferat totu\u0219i ap\u0103, i-am spus feti\u021bei care privea u\u0219or mirat\u0103 \u00een timp ce mama \u00ee\u0219i tot cerea scuze \u0219i m\u0103 invita s\u0103 m\u0103 \u0219terg cu \u0219erve\u021bele umede. <\/p>\n\n\n\n<p>Interpretez asta ca pe un semn de noroc l\u0103sat, \u00een lipsa p\u0103s\u0103rii, de sucul cu nume de mirabil\u0103.<\/p>\n\n\n\n<p><\/p>\n\n\n\n<p>2. Pentru abunden\u021b\u0103 \u0219i diversitate<\/p>\n\n\n\n<p>Da. Pentru asta am fost \u0219i eu, \u00een principal. Nu pot cump\u0103ra toate c\u0103r\u021bile pe care le-am reperat \u00een decursul anului, nici n-a\u0219 avea timp s\u0103 le citesc, dar le pot r\u0103sfoi \u0219i, dac\u0103 m\u0103 \u00eencordez, chiar citi pe loc (asta dac\u0103 am norocul s\u0103 nu fie \u00een\u021biplate ca ni\u0219te por\u021belanuri fragile). Pentru c\u0103, despre c\u0103r\u021bi se scrie \u00een general elogios \u0219i sec, \u0219i neincitant, \u0219i scolastic, f\u0103c\u00e2ndu-se analiz\u0103\/comentariu pe text. C\u0103r\u021bile, ca \u0219i \u00eenghe\u021bata sau crema de fa\u021b\u0103, sunt un bun de consum. Desigur, unul care te cl\u0103de\u0219te, te r\u0103core\u0219te, dar pe care \u00eel ron\u021b\u0103i totu\u0219i ca pe orice pachet de biscui\u021bi cu imboldul dulce-insa\u021biabil s\u0103 treci imediat la urm\u0103torul.<\/p>\n\n\n\n<p><\/p>\n\n\n\n<p>\u00cen plus, nu \u00eendr\u0103znesc mul\u021bi s\u0103 scrie \u201dpe bune\u201d ca s\u0103 nu supere \u0219i s\u0103 nu par\u0103 mai pu\u021bin \u201d<em>supportive<\/em>\u201d dec\u00e2t s-ar a\u0219tepta scriitorul (mai ales dac\u0103 e rom\u00e2n \u0219i e \u00een lista ta de FB) sau editorul, care \u021bi-ar ar\u0103ta data viitoare o  imagine a lui mai pu\u021bin afabil\u0103. <\/p>\n\n\n\n<p>3. Pentru \u00eent\u00e2lnirea direct\u0103 cu editorii, scriitorii, traduc\u0103torii<\/p>\n\n\n\n<p>\u0218i asta e deosebit. S\u0103 vezi oamenii pe care \u00eei admiri \u00een carne \u0219i oase, cu tot ce au ei la vedere (chiar m\u00e2nc\u00e2nd cu poft\u0103 dintr-un kurtos\u00a0kalacs care las\u0103 d\u00e2re apetisante peste ro\u0219ul \u0219ters al rujului), e tare simpatic. \u0218tiu c\u0103 unii dintre ei fac mari eforturi fizice \u0219i stau \u00een picioare ore bune (\u0219i asta e admirabil), compens\u00e2nd poate multele ore c\u00e2nd stau pe scaun cu manuscrisele \u00een fa\u021b\u0103.<\/p>\n\n\n\n<p>Eu m-am bucurat de c\u00e2teva \u00eent\u00e2lniri agreabile, conviviale (pre\u021bul a fost, pentru ceea ce se vede mai jos, de 500 de lei).<\/p>\n\n\n\n<p>Cu toate cacofoniile, microfoniile \u0219i filiile lor, \u00eemi plac t\u00e2rgurile de carte, nu m-a\u0219 putea lipsi de ele pentru nicio alt\u0103 distrac\u021bie. Iar asta merit\u0103, de fapt, to\u021bi banii. \u0218i-am \u00eenc\u0103lecat pe 250 de CP \u0219i-am t\u00e2rguit a\u0219a:<\/p>\n\n\n\n<figure class=\"wp-block-image size-large\"><img loading=\"lazy\" decoding=\"async\" width=\"925\" height=\"1024\" src=\"https:\/\/www.dumitra.net\/blog\/wp-content\/fileStore\/2023\/05\/20230526_182403-925x1024.jpg\" alt=\"\" class=\"wp-image-14712\" srcset=\"https:\/\/www.dumitra.net\/blog\/wp-content\/fileStore\/2023\/05\/20230526_182403-925x1024.jpg 925w, https:\/\/www.dumitra.net\/blog\/wp-content\/fileStore\/2023\/05\/20230526_182403-271x300.jpg 271w, https:\/\/www.dumitra.net\/blog\/wp-content\/fileStore\/2023\/05\/20230526_182403-768x850.jpg 768w, https:\/\/www.dumitra.net\/blog\/wp-content\/fileStore\/2023\/05\/20230526_182403-600x664.jpg 600w, https:\/\/www.dumitra.net\/blog\/wp-content\/fileStore\/2023\/05\/20230526_182403-1387x1536.jpg 1387w, https:\/\/www.dumitra.net\/blog\/wp-content\/fileStore\/2023\/05\/20230526_182403-1850x2048.jpg 1850w, https:\/\/www.dumitra.net\/blog\/wp-content\/fileStore\/2023\/05\/20230526_182403-1320x1461.jpg 1320w\" sizes=\"auto, (max-width: 925px) 100vw, 925px\" \/><\/figure>\n\n\n\n<p><\/p>\n","protected":false},"excerpt":{"rendered":"<p>P\u00e2n\u0103 duminic\u0103, 28 mai, cu economia pe care o ve\u021bi face cump\u0103r\u00e2nd c\u0103r\u021bi direct de la t\u00e2rgul de carte Bookfest Bucure\u0219ti, v\u0103 pute\u021bi m\u00e2nca kurtos\u00a0kalacs (cozonacul secuiesc) st\u00e2nd direct pe bordur\u0103, cu fa\u021ba spre&#46;&#46;&#46;<\/p>\n","protected":false},"author":1,"featured_media":0,"comment_status":"open","ping_status":"closed","sticky":false,"template":"","format":"standard","meta":{"ngg_post_thumbnail":0,"footnotes":""},"categories":[1413],"tags":[2329,2332,2336,2331,2334,2333,2330,2335],"class_list":["post-14697","post","type-post","status-publish","format-standard","hentry","category-raftul-lui-radu","tag-bookfest-2023-ce-gaseti","tag-bookfest-2023-fata-de-2022","tag-bookfest-bucuresti-2023-e-aglomerat","tag-ce-am-cumparat-de-la-bookfest-2023","tag-ce-carti-bune-gasesc-la-bookfest-2023","tag-ce-reduceri-sunt-la-bookfest-2023","tag-noutati-bookfest-2023","tag-pana-cand-e-bookfest-bucureti-2023"],"_links":{"self":[{"href":"https:\/\/www.dumitra.net\/blog\/index.php?rest_route=\/wp\/v2\/posts\/14697","targetHints":{"allow":["GET"]}}],"collection":[{"href":"https:\/\/www.dumitra.net\/blog\/index.php?rest_route=\/wp\/v2\/posts"}],"about":[{"href":"https:\/\/www.dumitra.net\/blog\/index.php?rest_route=\/wp\/v2\/types\/post"}],"author":[{"embeddable":true,"href":"https:\/\/www.dumitra.net\/blog\/index.php?rest_route=\/wp\/v2\/users\/1"}],"replies":[{"embeddable":true,"href":"https:\/\/www.dumitra.net\/blog\/index.php?rest_route=%2Fwp%2Fv2%2Fcomments&post=14697"}],"version-history":[{"count":18,"href":"https:\/\/www.dumitra.net\/blog\/index.php?rest_route=\/wp\/v2\/posts\/14697\/revisions"}],"predecessor-version":[{"id":14722,"href":"https:\/\/www.dumitra.net\/blog\/index.php?rest_route=\/wp\/v2\/posts\/14697\/revisions\/14722"}],"wp:attachment":[{"href":"https:\/\/www.dumitra.net\/blog\/index.php?rest_route=%2Fwp%2Fv2%2Fmedia&parent=14697"}],"wp:term":[{"taxonomy":"category","embeddable":true,"href":"https:\/\/www.dumitra.net\/blog\/index.php?rest_route=%2Fwp%2Fv2%2Fcategories&post=14697"},{"taxonomy":"post_tag","embeddable":true,"href":"https:\/\/www.dumitra.net\/blog\/index.php?rest_route=%2Fwp%2Fv2%2Ftags&post=14697"}],"curies":[{"name":"wp","href":"https:\/\/api.w.org\/{rel}","templated":true}]}}