{"id":14601,"date":"2023-05-17T04:20:57","date_gmt":"2023-05-17T04:20:57","guid":{"rendered":"https:\/\/www.dumitra.net\/blog\/?p=14601"},"modified":"2023-05-22T07:54:56","modified_gmt":"2023-05-22T07:54:56","slug":"goethe-augusta-louise-simon-la-bucuresti","status":"publish","type":"post","link":"https:\/\/www.dumitra.net\/blog\/?p=14601","title":{"rendered":"Pe axa Goethe &#8211; Augusta Louise &#8211; Simon"},"content":{"rendered":"\n<p>Se scrie \u0219i se arat\u0103 at\u00e2t de mult despre sport \u0219i nutri\u021bie, iar voi \u0219ti\u021bi deja at\u00e2tea, \u00eencat simt nevoia s\u0103 v\u0103 povestesc cum \u00eemi cresc trandafirii \u0103\u0219tia \u00een gr\u0103din\u0103 \u0219i de ce s-au \u00eent\u00e2lnit asear\u0103 cu \u201dSimon\u201d. Ca s\u0103 vede\u021bi c\u0103 nimic nu e \u00eent\u00e2mpl\u0103tor&#8230;<\/p>\n\n\n\n<p>Cei roz piersic\u0103-\u0219ampanie, cu miros puternic dulce-zmeurat, la fel de mari c\u00e2t un bujor, se numesc \u201dAugusta Louise\u201d &#8211; soi hibrid creat, \u00een 1999, \u00een Germania pentru a marca 250 de ani de la na\u0219terea lui Goethe.<\/p>\n\n\n\n<p>\u00cencruci\u0219area asta dulce \u0219i <a><\/a>inspirat\u0103, \u0219i cu petale v\u0103lurite, \u00eentre un trandafir de ceai \u0219i unul remontant (adic\u0103 \u00eenflore\u0219te de mai multe ori) poart\u0103 numele contesei Augusta-Louise de Stolberg, care l-a descoperit pe Goethe citind \u201dSuferin\u021bele t\u00e2n\u0103rului Wether\u201d \u0219i cu care a purtat, timp de doi ani, o coresponden\u021b\u0103 plin\u0103 de miez \u0219i parfum.<\/p>\n\n\n\n<p>Augusta-Louise \u0219i Goethe nu s-au \u00eent\u00e2lnit niciodat\u0103, zice-se, de\u0219i fra\u021bii ei erau prieteni cu acesta.<\/p>\n\n\n\n<p>Dar asear\u0103, la fel ca \u00eentr-una din pove\u0219tile ei, Augusta-Louise s-a \u00eent\u00e2lnit cu Narine Abgarian, cea mai parfumat\u0103 \u0219i suav\u0103 scriitoare a momentului, prezent\u0103 ieri sear\u0103 la Bucure\u0219ti \u00eentr-o libr\u0103rie ticsit\u0103 de lume.<\/p>\n\n\n\n<p>N-a venit singur\u0103. L-a adus \u0219i pe \u201dSimon\u201d, pe care-l sorb acum cu g\u00e2ndul la cel mai parfumat ceai de trandafiri.<\/p>\n\n\n\n<figure class=\"wp-block-image size-large\"><img loading=\"lazy\" decoding=\"async\" width=\"591\" height=\"1024\" src=\"https:\/\/www.dumitra.net\/blog\/wp-content\/fileStore\/2023\/05\/Simon-591x1024.jpg\" alt=\"\" class=\"wp-image-14603\" srcset=\"https:\/\/www.dumitra.net\/blog\/wp-content\/fileStore\/2023\/05\/Simon-591x1024.jpg 591w, https:\/\/www.dumitra.net\/blog\/wp-content\/fileStore\/2023\/05\/Simon-173x300.jpg 173w, https:\/\/www.dumitra.net\/blog\/wp-content\/fileStore\/2023\/05\/Simon-768x1330.jpg 768w, https:\/\/www.dumitra.net\/blog\/wp-content\/fileStore\/2023\/05\/Simon-600x1039.jpg 600w, https:\/\/www.dumitra.net\/blog\/wp-content\/fileStore\/2023\/05\/Simon-887x1536.jpg 887w, https:\/\/www.dumitra.net\/blog\/wp-content\/fileStore\/2023\/05\/Simon-1182x2048.jpg 1182w, https:\/\/www.dumitra.net\/blog\/wp-content\/fileStore\/2023\/05\/Simon-1320x2286.jpg 1320w, https:\/\/www.dumitra.net\/blog\/wp-content\/fileStore\/2023\/05\/Simon-scaled.jpg 1478w\" sizes=\"auto, (max-width: 591px) 100vw, 591px\" \/><\/figure>\n","protected":false},"excerpt":{"rendered":"<p>Se scrie \u0219i se arat\u0103 at\u00e2t de mult despre sport \u0219i nutri\u021bie, iar voi \u0219ti\u021bi deja at\u00e2tea, \u00eencat simt nevoia s\u0103 v\u0103 povestesc cum \u00eemi cresc trandafirii \u0103\u0219tia \u00een gr\u0103din\u0103 \u0219i de ce s-au&#46;&#46;&#46;<\/p>\n","protected":false},"author":1,"featured_media":0,"comment_status":"open","ping_status":"closed","sticky":false,"template":"","format":"standard","meta":{"ngg_post_thumbnail":0,"footnotes":""},"categories":[1413,4],"tags":[2305,2317,2318,2307],"class_list":["post-14601","post","type-post","status-publish","format-standard","hentry","category-raftul-lui-radu","category-personal","tag-lansare-simon-la-bucuresti-de-narine-abgarian","tag-libraria-cismigiu-humanitas-fiction","tag-narine-abgarian-la-bucuresti-lansare-de-carte","tag-simon-de-narine-abgarian"],"_links":{"self":[{"href":"https:\/\/www.dumitra.net\/blog\/index.php?rest_route=\/wp\/v2\/posts\/14601","targetHints":{"allow":["GET"]}}],"collection":[{"href":"https:\/\/www.dumitra.net\/blog\/index.php?rest_route=\/wp\/v2\/posts"}],"about":[{"href":"https:\/\/www.dumitra.net\/blog\/index.php?rest_route=\/wp\/v2\/types\/post"}],"author":[{"embeddable":true,"href":"https:\/\/www.dumitra.net\/blog\/index.php?rest_route=\/wp\/v2\/users\/1"}],"replies":[{"embeddable":true,"href":"https:\/\/www.dumitra.net\/blog\/index.php?rest_route=%2Fwp%2Fv2%2Fcomments&post=14601"}],"version-history":[{"count":3,"href":"https:\/\/www.dumitra.net\/blog\/index.php?rest_route=\/wp\/v2\/posts\/14601\/revisions"}],"predecessor-version":[{"id":14646,"href":"https:\/\/www.dumitra.net\/blog\/index.php?rest_route=\/wp\/v2\/posts\/14601\/revisions\/14646"}],"wp:attachment":[{"href":"https:\/\/www.dumitra.net\/blog\/index.php?rest_route=%2Fwp%2Fv2%2Fmedia&parent=14601"}],"wp:term":[{"taxonomy":"category","embeddable":true,"href":"https:\/\/www.dumitra.net\/blog\/index.php?rest_route=%2Fwp%2Fv2%2Fcategories&post=14601"},{"taxonomy":"post_tag","embeddable":true,"href":"https:\/\/www.dumitra.net\/blog\/index.php?rest_route=%2Fwp%2Fv2%2Ftags&post=14601"}],"curies":[{"name":"wp","href":"https:\/\/api.w.org\/{rel}","templated":true}]}}