{"id":14364,"date":"2023-02-14T19:51:22","date_gmt":"2023-02-14T19:51:22","guid":{"rendered":"https:\/\/www.dumitra.net\/blog\/?p=14364"},"modified":"2023-02-14T19:51:25","modified_gmt":"2023-02-14T19:51:25","slug":"de-ce-nu-citim","status":"publish","type":"post","link":"https:\/\/www.dumitra.net\/blog\/?p=14364","title":{"rendered":"De ce (nu) citim?"},"content":{"rendered":"\n<p>\u00cen clipa \u00een care am distribuit (\u0219i eu) o postare a Bibliotecii Na\u021bionale, gazda de m\u00e2ine a dezbaterii \u201dDe ce citim?\u201d (la care v\u0103d c\u0103 particip\u0103 30 de oameni), am avut un sentiment disonant. Chestia asta nu este pentru monsieur Tout-le-Monde. Nu e nici m\u0103car pentru mine, c\u0103 n-am nevoie de o dezbatere care s\u0103 m\u0103 l\u0103mureasc\u0103, eu nefiind o abulic\u0103 literar vorbind, de ce (s\u0103) citesc. <\/p>\n\n\n\n<p><\/p>\n\n\n\n<p>Iar dac\u0103 admit c\u0103 m-a\u0219 duce totu\u0219i, a\u0219 face-o doar s\u0103 o v\u0103d pe Luana Schidu. Altminteri, g\u0103sesc anost \u0219i cronofag genul \u0103sta de \u201dmanifestare\u201d hai s\u0103 ne adun\u0103m ca s\u0103 dezbatem tot noi \u00eentre noi. Sunt at\u00e2\u021bia bloggeri, at\u00e2tea persoane faine, at\u00e2\u021bia copii care citesc \u0219i scriu despre c\u0103r\u021bi. De ce nu sunt ei invita\u021bi? Ei \u0219i colegii lor? S\u0103 povesteasc\u0103 ei de ce citesc, ce-i m\u00e2n\u0103 s\u0103 stea cu cartea-n m\u00e2n\u0103.<\/p>\n\n\n\n<p><\/p>\n\n\n\n<p>Nu cred c\u0103 Vasile Ernu, chit c\u0103 e simpatic cu cipilicile lui, m-ar convinge s\u0103 citesc mai mult, c\u0103 fizic eu nu pot mai mult. Am un timp finit, betonat. Nu mai pot trage de el. \u0218i mai sunt at\u00e2tea c\u0103r\u021bi r\u0103v\u0103\u0219ite pe podea care m\u0103 strig\u0103&#8230; C\u00e2nd, de unde timp s\u0103 citesc mai mult?<\/p>\n\n\n\n<p><\/p>\n\n\n\n<p>\u0218i atunci, pe cine vrem s\u0103 convingem, de fapt, s\u0103 cumpere c\u0103r\u021bi\/citeasc\u0103? Evident, pe cei care nu o fac \u00eenc\u0103. Pentru c\u0103 cititorii constan\u021bi nu au nevoie de o conferin\u021b\u0103 \u00een care editori respectabili, scriitori cu palmares s\u0103-i lumineze \u201dDe ce citim\u201d. <\/p>\n\n\n\n<p><\/p>\n\n\n\n<p>E ca la vot. Nu pe votan\u021bii con\u0219tiincio\u0219i trebuie s\u0103-i convingi, ci pe nehot\u0103r\u00e2\u021bi. Necititorii. Aici e miza.<\/p>\n\n\n\n<p><\/p>\n\n\n\n<p> Dar nu cred c\u0103 asta se rezolv\u0103 prin dezbateri noi \u00eentre noi, \u00een aceast\u0103 cast\u0103 literar\u0103 care tinde s\u0103 fac\u0103 implozie. E nevoie de alte idei mai pu\u021bin clasice \u0219i comode, nu de tipul noi vorbim, ei ascult\u0103 \u0219i \u00eentreb\u0103ri ioc; de aer proasp\u0103t care s\u0103 aprind\u0103 flac\u0103ra amorului literar. <\/p>\n\n\n\n<p>\u0218i s\u0103 tot sufle-n ea din toate pozi\u021biile.<\/p>\n\n\n\n<figure class=\"wp-block-image size-large\"><img loading=\"lazy\" decoding=\"async\" width=\"1024\" height=\"768\" src=\"https:\/\/www.dumitra.net\/blog\/wp-content\/fileStore\/2023\/02\/20190802_191109-1024x768.jpg\" alt=\"\" class=\"wp-image-14365\" srcset=\"https:\/\/www.dumitra.net\/blog\/wp-content\/fileStore\/2023\/02\/20190802_191109-1024x768.jpg 1024w, https:\/\/www.dumitra.net\/blog\/wp-content\/fileStore\/2023\/02\/20190802_191109-300x225.jpg 300w, https:\/\/www.dumitra.net\/blog\/wp-content\/fileStore\/2023\/02\/20190802_191109-768x576.jpg 768w, https:\/\/www.dumitra.net\/blog\/wp-content\/fileStore\/2023\/02\/20190802_191109-600x450.jpg 600w, https:\/\/www.dumitra.net\/blog\/wp-content\/fileStore\/2023\/02\/20190802_191109-1536x1152.jpg 1536w, https:\/\/www.dumitra.net\/blog\/wp-content\/fileStore\/2023\/02\/20190802_191109-2048x1536.jpg 2048w, https:\/\/www.dumitra.net\/blog\/wp-content\/fileStore\/2023\/02\/20190802_191109-1320x990.jpg 1320w\" sizes=\"auto, (max-width: 1024px) 100vw, 1024px\" \/><\/figure>\n","protected":false},"excerpt":{"rendered":"<p>\u00cen clipa \u00een care am distribuit (\u0219i eu) o postare a Bibliotecii Na\u021bionale, gazda de m\u00e2ine a dezbaterii \u201dDe ce citim?\u201d (la care v\u0103d c\u0103 particip\u0103 30 de oameni), am avut un sentiment disonant.&#46;&#46;&#46;<\/p>\n","protected":false},"author":1,"featured_media":0,"comment_status":"open","ping_status":"closed","sticky":false,"template":"","format":"standard","meta":{"ngg_post_thumbnail":0,"footnotes":""},"categories":[1413],"tags":[2274],"class_list":["post-14364","post","type-post","status-publish","format-standard","hentry","category-raftul-lui-radu","tag-de-ce-citim-dezbatere-biblioteca-nationala"],"_links":{"self":[{"href":"https:\/\/www.dumitra.net\/blog\/index.php?rest_route=\/wp\/v2\/posts\/14364","targetHints":{"allow":["GET"]}}],"collection":[{"href":"https:\/\/www.dumitra.net\/blog\/index.php?rest_route=\/wp\/v2\/posts"}],"about":[{"href":"https:\/\/www.dumitra.net\/blog\/index.php?rest_route=\/wp\/v2\/types\/post"}],"author":[{"embeddable":true,"href":"https:\/\/www.dumitra.net\/blog\/index.php?rest_route=\/wp\/v2\/users\/1"}],"replies":[{"embeddable":true,"href":"https:\/\/www.dumitra.net\/blog\/index.php?rest_route=%2Fwp%2Fv2%2Fcomments&post=14364"}],"version-history":[{"count":1,"href":"https:\/\/www.dumitra.net\/blog\/index.php?rest_route=\/wp\/v2\/posts\/14364\/revisions"}],"predecessor-version":[{"id":14366,"href":"https:\/\/www.dumitra.net\/blog\/index.php?rest_route=\/wp\/v2\/posts\/14364\/revisions\/14366"}],"wp:attachment":[{"href":"https:\/\/www.dumitra.net\/blog\/index.php?rest_route=%2Fwp%2Fv2%2Fmedia&parent=14364"}],"wp:term":[{"taxonomy":"category","embeddable":true,"href":"https:\/\/www.dumitra.net\/blog\/index.php?rest_route=%2Fwp%2Fv2%2Fcategories&post=14364"},{"taxonomy":"post_tag","embeddable":true,"href":"https:\/\/www.dumitra.net\/blog\/index.php?rest_route=%2Fwp%2Fv2%2Ftags&post=14364"}],"curies":[{"name":"wp","href":"https:\/\/api.w.org\/{rel}","templated":true}]}}