{"id":14347,"date":"2023-02-11T08:44:34","date_gmt":"2023-02-11T08:44:34","guid":{"rendered":"https:\/\/www.dumitra.net\/blog\/?p=14347"},"modified":"2023-02-11T08:47:20","modified_gmt":"2023-02-11T08:47:20","slug":"pe-luna-nu-mergi-decat-o-data","status":"publish","type":"post","link":"https:\/\/www.dumitra.net\/blog\/?p=14347","title":{"rendered":"\u201dPe lun\u0103 nu mergi dec\u00e2t o dat\u0103\u201d"},"content":{"rendered":"\n<p>M-am \u00eentristat teribil citind de diminea\u021b\u0103 vestea c\u0103 Bogdan Socol, comentator sportiv, a murit subit \u00een timpul unui antrenament de \u00eenot \u00een ape foarte reci. \u00cen\u021beleg c\u0103, dezam\u0103git de sistem, se retr\u0103sese de cur\u00e2nd din media, dedic\u00e2ndu-se pasiunii \u0103steia. <\/p>\n\n\n\n<p><\/p>\n\n\n\n<p>Apoi mi-au \u00een\u021bepat retina c\u00e2teva dintre comentariile pline de venin, aruncate agramat din c\u0103ldurica pl\u0103pumioarei, de cet\u0103\u021beni odihni\u021bi, la adresa lui. Decent ar fi s\u0103 te ab\u021bii s\u0103 judeci. Ce \u0219tim noi despre asta? <\/p>\n\n\n\n<p><\/p>\n\n\n\n<p>Mi-a venit apoi \u00een minte c\u0103 citisem mult, la vremea respectiv\u0103, despre moartea, \u00een aprilie 2017, a ultra-c\u0103\u021b\u0103r\u0103torului f\u0103r\u0103 asigurare Ueli Steck, care a murit pe Everest, c\u0103z\u00e2nd \u00een gol.<\/p>\n\n\n\n<p><\/p>\n\n\n\n<p> \u201dSunt o persoan\u0103 c\u0103reia \u00eei lipse\u0219te \u00eencrederea \u00een sine\u201d, spunea Steck, supranumit \u201dMa\u0219ina Elve\u021bian\u0103\u201d, care, \u00een 2004, a escalat Excalibur din Elve\u021bia f\u0103r\u0103 coard\u0103 de asigurare. <\/p>\n\n\n\n<p><\/p>\n\n\n\n<p>\u00cen 2014, din cauza depresiei, e nevoit s\u0103 ia o pauz\u0103. Revine pe munte at\u00e2t de st\u0103p\u00e2nit de teama de e\u0219ec, \u00eenc\u00e2t se antrena ca un nebun, iar \u0219i iar, parcurg\u00e2nd \u0219i de c\u00e2te cinci ori acela\u0219i traseu, asigurat \u00een coard\u0103, pentru ca apoi s\u0103-l escaladeze f\u0103r\u0103 nicio asigurare. <\/p>\n\n\n\n<p><\/p>\n\n\n\n<p>\u00cen bucata de video (link comentarii), extras\u0103 din filmul \u201dPe lun\u0103 nu mergi dec\u00e2t o dat\u0103\u201d, Steck spune c\u0103, \u00een expeditia asta, s-a preg\u0103tit mental accept\u00e2nd ideea de a merge departe, c\u00e2t de departe se poate, chiar de a muri. Doar genul \u0103sta de acceptare mental\u0103 l-a f\u0103cut s\u0103 termine expedi\u021bia. C\u00e2nd e\u0219ti singur pe un perete vertical, probabil c\u0103 singurul du\u0219man e teama. <\/p>\n\n\n\n<p><\/p>\n\n\n\n<p>\u0218i, dac\u0103 o frac\u021biune de secund\u0103 te \u00eendoie\u0219ti de tine, urmeaz\u0103 c\u0103derea, golul.\u201d\u0218tiu c\u0103, dac\u0103 fac iar \u0219i iar c\u0103\u021b\u0103r\u0103ri solo, \u00eentr-o zi sau alta voi fi mort. Dar, pe de alt\u0103 parte, singur cu peretele muntelui, m\u0103 simt liber, egal cu mine.<\/p>\n\n\n\n<p><\/p>\n\n\n\n<p>\u201dC\u00e2nd m\u0103 ca\u021b\u0103r singur, n-am nici team\u0103, nici g\u00e2nduri parazite, n-am sentimente. M\u0103 v\u0103d c\u0103\u021b\u0103r\u00e2ndu-m\u0103 pe perete ca \u0219i cum a\u0219 fi \u00eentr-un elicopter. \u00cemi ofer\u0103 un sentiment foarte puternic de securitate, spune Ueli Steck . Eul meu care se ca\u021b\u0103r\u0103 este sub o presiune mai mic\u0103, deoarece trebuie doar s\u0103 urmeze direc\u021biile pe care i le dau din exterior.\u201d<\/p>\n\n\n\n<p><\/p>\n\n\n\n<p>Steck mai spunea c\u0103, \u00een ziua c\u00e2nd se ca\u021b\u0103r\u0103, se afl\u0103 \u00eentr-o alt\u0103 lume, \u00eentr-o stare de hiperacuitate mental\u0103 \u00een care nimic nu exist\u0103 \u00een jurul s\u0103u, cu excep\u021bia urm\u0103torului pas, a urm\u0103toarei prize.<\/p>\n\n\n\n<p><\/p>\n\n\n\n<p>Odat\u0103 terminat\u0103 escalada, abia treptat poate s\u0103 abandoneze starea de concentrare. Timp de c\u00e2teva zile este incapabil s\u0103 vorbeasc\u0103 cu cineva, fie ei \u0219i membrii familiei. <\/p>\n\n\n\n<p>S\u0103 \u00eencerc\u0103m s\u0103 nu judec\u0103m oamenii care-\u0219i dep\u0103\u0219esc (mortal) limitele, s\u0103 ne rug\u0103m pentru drumul lor vertical. <\/p>\n\n\n\n<figure class=\"wp-block-embed is-type-video is-provider-vimeo wp-block-embed-vimeo wp-embed-aspect-16-9 wp-has-aspect-ratio\"><div class=\"wp-block-embed__wrapper\">\n<div class=\"video-container\"><iframe loading=\"lazy\" title=\"Hommage \u00e0 Ueli Steck\" src=\"https:\/\/player.vimeo.com\/video\/215437860?dnt=1&amp;app_id=122963\" width=\"500\" height=\"281\" frameborder=\"0\" allow=\"autoplay; fullscreen; picture-in-picture; clipboard-write\"><\/iframe><\/div>\n<\/div><\/figure>\n\n\n\n<p>Sursa foto: The Guardian<\/p>\n\n\n\n<figure class=\"wp-block-image\"><img decoding=\"async\" src=\"https:\/\/scontent.fotp3-3.fna.fbcdn.net\/v\/t39.30808-6\/330802982_681655353755657_8732292010396485904_n.jpg?_nc_cat=108&amp;ccb=1-7&amp;_nc_sid=730e14&amp;_nc_eui2=AeHLG4kyvHab6vAWuodCuPa4IpBFQ17nMHEikEVDXucwcX8N2gVm5iGPUu6s6Lz3U7L8iK99tAcFKTrfuxmSXa7l&amp;_nc_ohc=BcvEj5imPDMAX_-N7Vm&amp;tn=EkOkGawFCUQdbY4M&amp;_nc_ht=scontent.fotp3-3.fna&amp;oh=00_AfD13UsEZ4pMTf_6BGygWjmjjJKH4jQCXc8hOkOgzh8t0g&amp;oe=63EB4E33\" alt=\"Ar putea fi o imagine cu 1 persoan\u0103 \u015fi natur\u0103\"\/><\/figure>\n\n\n\n<p><a href=\"https:\/\/www.facebook.com\/photo\/?fbid=1096371101310442&amp;set=a.916583245955896&amp;__cft__[0]=AZVru2rSRnCRINReaZI7weOHg5W63a4O2EaZsumJwWc2Na3giVi4spiwyljpVptH-kBYfIlUL27DsA94g08wr8NQ8FY22Ub4yAwnlsIKq-klMfpJL6NfE3g0fFahRG9Lq4AopkgBF03IKSjZSXOMSY5r155edOmoIv2LSK6s6boJ47lfMKmwv2FoKJGTBuldKFg2H34nvgg36Yjz1tcO-YDQ&amp;__tn__=EH-y-R\"><\/a><a href=\"https:\/\/www.facebook.com\/Dumitranet?__cft__[0]=AZVru2rSRnCRINReaZI7weOHg5W63a4O2EaZsumJwWc2Na3giVi4spiwyljpVptH-kBYfIlUL27DsA94g08wr8NQ8FY22Ub4yAwnlsIKq-klMfpJL6NfE3g0fFahRG9Lq4AopkgBF03IKSjZSXOMSY5r155edOmoIv2LSK6s6boJ47lfMKmwv2FoKJGTBuldKFg2H34nvgg36Yjz1tcO-YDQ&amp;__tn__=%3C%2CP-y-R\"><\/a><\/p>\n","protected":false},"excerpt":{"rendered":"<p>M-am \u00eentristat teribil citind de diminea\u021b\u0103 vestea c\u0103 Bogdan Socol, comentator sportiv, a murit subit \u00een timpul unui antrenament de \u00eenot \u00een ape foarte reci. \u00cen\u021beleg c\u0103, dezam\u0103git de sistem, se retr\u0103sese de cur\u00e2nd&#46;&#46;&#46;<\/p>\n","protected":false},"author":1,"featured_media":0,"comment_status":"open","ping_status":"closed","sticky":false,"template":"","format":"standard","meta":{"ngg_post_thumbnail":0,"footnotes":""},"categories":[11,9],"tags":[2266,2268,2267,2265],"class_list":["post-14347","post","type-post","status-publish","format-standard","hentry","category-dieta","category-sanatate","tag-bogdan-socol-moarte-subita","tag-cauze-moarte-subita-bogdan-socol","tag-cauze-moarte-ultra-alpinist-ueli-steck","tag-ueli-steck-moarte"],"_links":{"self":[{"href":"https:\/\/www.dumitra.net\/blog\/index.php?rest_route=\/wp\/v2\/posts\/14347","targetHints":{"allow":["GET"]}}],"collection":[{"href":"https:\/\/www.dumitra.net\/blog\/index.php?rest_route=\/wp\/v2\/posts"}],"about":[{"href":"https:\/\/www.dumitra.net\/blog\/index.php?rest_route=\/wp\/v2\/types\/post"}],"author":[{"embeddable":true,"href":"https:\/\/www.dumitra.net\/blog\/index.php?rest_route=\/wp\/v2\/users\/1"}],"replies":[{"embeddable":true,"href":"https:\/\/www.dumitra.net\/blog\/index.php?rest_route=%2Fwp%2Fv2%2Fcomments&post=14347"}],"version-history":[{"count":4,"href":"https:\/\/www.dumitra.net\/blog\/index.php?rest_route=\/wp\/v2\/posts\/14347\/revisions"}],"predecessor-version":[{"id":14352,"href":"https:\/\/www.dumitra.net\/blog\/index.php?rest_route=\/wp\/v2\/posts\/14347\/revisions\/14352"}],"wp:attachment":[{"href":"https:\/\/www.dumitra.net\/blog\/index.php?rest_route=%2Fwp%2Fv2%2Fmedia&parent=14347"}],"wp:term":[{"taxonomy":"category","embeddable":true,"href":"https:\/\/www.dumitra.net\/blog\/index.php?rest_route=%2Fwp%2Fv2%2Fcategories&post=14347"},{"taxonomy":"post_tag","embeddable":true,"href":"https:\/\/www.dumitra.net\/blog\/index.php?rest_route=%2Fwp%2Fv2%2Ftags&post=14347"}],"curies":[{"name":"wp","href":"https:\/\/api.w.org\/{rel}","templated":true}]}}