{"id":14199,"date":"2023-01-20T06:28:19","date_gmt":"2023-01-20T06:28:19","guid":{"rendered":"https:\/\/www.dumitra.net\/blog\/?p=14199"},"modified":"2023-01-20T06:28:19","modified_gmt":"2023-01-20T06:28:19","slug":"nobelul-literar-pe-2022-inca-o-ratare-si-ma-culc","status":"publish","type":"post","link":"https:\/\/www.dumitra.net\/blog\/?p=14199","title":{"rendered":"Nobelul literar pe 2022, \u00eenc\u0103 o ratare \u0219i m\u0103 culc?"},"content":{"rendered":"\n<p>Cum, bre, s\u0103 dai Nobelul pentru smiorc\u0103ial\u0103 &#8211; siropo\u0219enie gen scriitur\u0103 de Facebook? Cartea nu dureaz\u0103 nici m\u0103car c\u00e2t o \u0219edin\u021b\u0103 simpl\u0103 de vopsit la coafor. Ca s\u0103 nu mai zic c\u0103, dac\u0103 \u00ee\u021bi faci \u201dbalayage\u201d, o procedur\u0103 care te \u021bine vreo opt ore \u00een coafor, cite\u0219ti toat\u0103 opera damei (c\u0103 acum nu mai g\u0103se\u0219ti reviste \u00een coafor, vii cu cartea de acas\u0103). <\/p>\n\n\n\n<p><\/p>\n\n\n\n<p>Nu \u00een\u021beleg cum s\u0103 dai tu, ditamai Academia, Nobelul pentru literatur\u0103 pe 2022 lui A. Ernaux* c\u00e2nd ai un gigant ca Salman Rushdie, care printr-o minune a supravie\u021buit atacului de la un centru cultural din Chautauqua, c\u00e2nd ai un colos ca Michel Houellebecq, c\u00e2nd ai un Thomas Pynchon, un Haruki Murakami, (chiar \u0219i) un Mircea C\u0103rt\u0103rescu.<\/p>\n\n\n\n<p><\/p>\n\n\n\n<p>De ce oare m\u0103 mai mir? Academia Suedez\u0103 are un record impresionant \u00een a rata scriitori mari. Mai degrab\u0103 nu-i citesti pe cei care au luat Nobelul. <\/p>\n\n\n\n<p><\/p>\n\n\n\n<p>Nu vom \u0219ti care a fost lista scriitorilor propu\u0219i la Nobel \u0219i cu ce \u0219anse dec\u00e2t dup\u0103 ni\u0219te zeci de ani. Dar am fost curioas\u0103 s\u0103 v\u0103d, \u00een anul \u00een care a c\u00e2\u0219tigat Nobelul, ce cot\u0103 la pariuri avea Herta M\u00fcller: 50\/1. Peste ea, ultimul pe list\u0103, Adam Zagajewski: 66\/1. <\/p>\n\n\n\n<p><\/p>\n\n\n\n<p>A fost anul \u00een care Amos Oz era favorit, 4\/1. Iar \u00eentre Oz \u0219i M\u00fcller il y a pas photo. <\/p>\n\n\n\n<p><\/p>\n\n\n\n<p>*Nobel pentru: \u201dcurajul \u015fi acuitatea deta\u015fat\u0103 cu care dezv\u0103luie sursele, \u00eenstr\u0103in\u0103rile \u015fi piedicile colective ale memoriei personale\u201d. \u00cen scrierile sale, autoarea \u201dexamineaz\u0103 \u00een mod consistent \u015fi din perspective diferite o via\u0163\u0103 marcat\u0103 de discrepan\u0163e puternice din punct de vedere al genului, limbajului \u015fi clasei. Traseul ei c\u0103tre cariera de scriitoare a fost \u00eendelungat \u015fi anevoios.\u201d Al altora o fi fost mai u\u0219or???<\/p>\n\n\n\n<figure class=\"wp-block-image size-large\"><img loading=\"lazy\" decoding=\"async\" width=\"576\" height=\"1024\" src=\"https:\/\/www.dumitra.net\/blog\/wp-content\/fileStore\/2023\/01\/20230119_074529-3-576x1024.jpg\" alt=\"\" class=\"wp-image-14201\" srcset=\"https:\/\/www.dumitra.net\/blog\/wp-content\/fileStore\/2023\/01\/20230119_074529-3-576x1024.jpg 576w, https:\/\/www.dumitra.net\/blog\/wp-content\/fileStore\/2023\/01\/20230119_074529-3-169x300.jpg 169w, https:\/\/www.dumitra.net\/blog\/wp-content\/fileStore\/2023\/01\/20230119_074529-3-768x1365.jpg 768w, https:\/\/www.dumitra.net\/blog\/wp-content\/fileStore\/2023\/01\/20230119_074529-3-600x1067.jpg 600w, https:\/\/www.dumitra.net\/blog\/wp-content\/fileStore\/2023\/01\/20230119_074529-3-864x1536.jpg 864w, https:\/\/www.dumitra.net\/blog\/wp-content\/fileStore\/2023\/01\/20230119_074529-3-1152x2048.jpg 1152w, https:\/\/www.dumitra.net\/blog\/wp-content\/fileStore\/2023\/01\/20230119_074529-3-1320x2347.jpg 1320w, https:\/\/www.dumitra.net\/blog\/wp-content\/fileStore\/2023\/01\/20230119_074529-3-scaled.jpg 1440w\" sizes=\"auto, (max-width: 576px) 100vw, 576px\" \/><\/figure>\n","protected":false},"excerpt":{"rendered":"<p>Cum, bre, s\u0103 dai Nobelul pentru smiorc\u0103ial\u0103 &#8211; siropo\u0219enie gen scriitur\u0103 de Facebook? Cartea nu dureaz\u0103 nici m\u0103car c\u00e2t o \u0219edin\u021b\u0103 simpl\u0103 de vopsit la coafor. Ca s\u0103 nu mai zic c\u0103, dac\u0103 \u00ee\u021bi&#46;&#46;&#46;<\/p>\n","protected":false},"author":1,"featured_media":0,"comment_status":"open","ping_status":"closed","sticky":false,"template":"","format":"standard","meta":{"ngg_post_thumbnail":0,"footnotes":""},"categories":[1413],"tags":[2243,2242,2244],"class_list":["post-14199","post","type-post","status-publish","format-standard","hentry","category-raftul-lui-radu","tag-nobel-2022-anie-ernaux-motivatie-academie","tag-pasiune-simpla-recenzie-carte-annie-ernaux","tag-traducere-annie-ernaux-in-romania"],"_links":{"self":[{"href":"https:\/\/www.dumitra.net\/blog\/index.php?rest_route=\/wp\/v2\/posts\/14199","targetHints":{"allow":["GET"]}}],"collection":[{"href":"https:\/\/www.dumitra.net\/blog\/index.php?rest_route=\/wp\/v2\/posts"}],"about":[{"href":"https:\/\/www.dumitra.net\/blog\/index.php?rest_route=\/wp\/v2\/types\/post"}],"author":[{"embeddable":true,"href":"https:\/\/www.dumitra.net\/blog\/index.php?rest_route=\/wp\/v2\/users\/1"}],"replies":[{"embeddable":true,"href":"https:\/\/www.dumitra.net\/blog\/index.php?rest_route=%2Fwp%2Fv2%2Fcomments&post=14199"}],"version-history":[{"count":3,"href":"https:\/\/www.dumitra.net\/blog\/index.php?rest_route=\/wp\/v2\/posts\/14199\/revisions"}],"predecessor-version":[{"id":14203,"href":"https:\/\/www.dumitra.net\/blog\/index.php?rest_route=\/wp\/v2\/posts\/14199\/revisions\/14203"}],"wp:attachment":[{"href":"https:\/\/www.dumitra.net\/blog\/index.php?rest_route=%2Fwp%2Fv2%2Fmedia&parent=14199"}],"wp:term":[{"taxonomy":"category","embeddable":true,"href":"https:\/\/www.dumitra.net\/blog\/index.php?rest_route=%2Fwp%2Fv2%2Fcategories&post=14199"},{"taxonomy":"post_tag","embeddable":true,"href":"https:\/\/www.dumitra.net\/blog\/index.php?rest_route=%2Fwp%2Fv2%2Ftags&post=14199"}],"curies":[{"name":"wp","href":"https:\/\/api.w.org\/{rel}","templated":true}]}}