{"id":13847,"date":"2022-07-21T05:02:16","date_gmt":"2022-07-21T05:02:16","guid":{"rendered":"https:\/\/www.dumitra.net\/blog\/?p=13847"},"modified":"2022-07-21T05:02:22","modified_gmt":"2022-07-21T05:02:22","slug":"despre-piei-numai-de-dulce","status":"publish","type":"post","link":"https:\/\/www.dumitra.net\/blog\/?p=13847","title":{"rendered":"Despre piei, numai de &#8230;dulce"},"content":{"rendered":"\n<p>Nu s-a vorbit niciodat\u0103 at\u00e2t de mult despre corp ca ast\u0103zi. De ce ?<\/p>\n\n\n\n<p><\/p>\n\n\n\n<p>\u201dAvem nevoie de religiozitate, de spiritualitate. Cu toate astea, valorile s-au mutat din cer pe p\u0103m\u00e2nt: corpul este acum obiect de cult prin excelen\u021b\u0103. El a devenit mesagerul privilegiat al \u00eentreb\u0103rilor rezervate \u00eenainte sufletului: \u201eCine sunt eu?\u201d, \u201dCe pot fi?\u201d. <\/p>\n\n\n\n<p><\/p>\n\n\n\n<p>Pentru a scrie \u201e Un corp pe m\u0103sur\u0103\u201d, cartea mea de chirurgie estetic\u0103, am investigat serviciile de specialitate. Am \u00eent\u00e2lnit femei \u0219i b\u0103rba\u021bi veni\u021bi s\u0103-\u0219i rezolve probleme legate de corp, dar care, \u00een realitate, c\u0103utau r\u0103spunsuri la \u00eentreb\u0103ri extrem de profunde despre fiin\u021ba lor, identitatea lor, b\u0103tr\u00e2ne\u021be \u0219i moarte, dar \u0219i despre iubire: vreau s\u0103 iubesc, s\u0103 fiu iubit.<\/p>\n\n\n\n<p><\/p>\n\n\n\n<p>De parc\u0103 trupul ar fi singurul material, unicul vehicul la dispozi\u021bia noastr\u0103 pentru a da glas a ceva din noi pe care nu \u00eel putem exprima, \u00een special nevoia unei priviri iubitoare.\u201d, zice No\u00eblle Ch\u00e2telet \u00een cartea sa \u201dCorp la corp culinar\u201d.<\/p>\n\n\n\n<p><\/p>\n\n\n\n<p>Acum, revenind \u00een actualitatea pieilor noastre, celulita nu se \u201drezolv\u0103\u201d doar \u00een sala de sport. Sportul o ajut\u0103, dar nu o vindec\u0103. Pentru c\u0103 nu este o boal\u0103 (\u0219i bine c\u0103 nu e), ci o predispozi\u021bie. Orice-am face, tot cu ea ne pricopsim.<\/p>\n\n\n\n<p><\/p>\n\n\n\n<p>E nevoie, pe l\u00e2ng\u0103 diet\u0103, de terapii complementare. Masajul constant este cel mai la \u00eendem\u00e2n\u0103, dar el nu rezolv\u0103 chestiunea, o poate ameliora, \u00een cazul fericit. Dac\u0103 celulita e mai veche, e nevoie de terapii specifice, f\u0103cute cu ajutorul unor dispozitive medicale, nu cosmetice. Dar toate astea \u00eenseamn\u0103 timp \u0219i bani mul\u021bi, iar eu, de pild\u0103, nu vreau s\u0103 m\u0103 transform \u00een sclava unui corp, a unei piei pe care s-o v\u00e2ntur de 2-3 ori pe an la mare, de dragul audien\u021bei. <\/p>\n\n\n\n<p><\/p>\n\n\n\n<p>Fac \u00eens\u0103 tot ce pot eu mai bine, cu timpul \u0219i resursele limitate pe care le am, dar trebuie s\u0103 m\u0103 ocup s\u0103 mai \u0219i tr\u0103iesc. <\/p>\n\n\n\n<p><\/p>\n\n\n\n<p>\u00cen plus, toate astea nu m\u0103 ajut\u0103 deloc s\u0103-mi r\u0103spund la \u00eentreb\u0103rile \u201dCine sunt eu acum \u0219i cine pot deveni \u00een timpul care mi-a mai r\u0103mas?\u201d.<\/p>\n\n\n\n<figure class=\"wp-block-image size-large\"><img loading=\"lazy\" decoding=\"async\" width=\"1024\" height=\"576\" src=\"https:\/\/www.dumitra.net\/blog\/wp-content\/fileStore\/2022\/07\/20210908_180914-1024x576.jpg\" alt=\"\" class=\"wp-image-13849\" srcset=\"https:\/\/www.dumitra.net\/blog\/wp-content\/fileStore\/2022\/07\/20210908_180914-1024x576.jpg 1024w, https:\/\/www.dumitra.net\/blog\/wp-content\/fileStore\/2022\/07\/20210908_180914-300x169.jpg 300w, https:\/\/www.dumitra.net\/blog\/wp-content\/fileStore\/2022\/07\/20210908_180914-768x432.jpg 768w, https:\/\/www.dumitra.net\/blog\/wp-content\/fileStore\/2022\/07\/20210908_180914-600x338.jpg 600w, https:\/\/www.dumitra.net\/blog\/wp-content\/fileStore\/2022\/07\/20210908_180914-1536x864.jpg 1536w, https:\/\/www.dumitra.net\/blog\/wp-content\/fileStore\/2022\/07\/20210908_180914-2048x1152.jpg 2048w, https:\/\/www.dumitra.net\/blog\/wp-content\/fileStore\/2022\/07\/20210908_180914-1320x743.jpg 1320w\" sizes=\"auto, (max-width: 1024px) 100vw, 1024px\" \/><\/figure>\n","protected":false},"excerpt":{"rendered":"<p>Nu s-a vorbit niciodat\u0103 at\u00e2t de mult despre corp ca ast\u0103zi. De ce ? \u201dAvem nevoie de religiozitate, de spiritualitate. Cu toate astea, valorile s-au mutat din cer pe p\u0103m\u00e2nt: corpul este acum obiect&#46;&#46;&#46;<\/p>\n","protected":false},"author":1,"featured_media":0,"comment_status":"open","ping_status":"closed","sticky":false,"template":"","format":"standard","meta":{"ngg_post_thumbnail":0,"footnotes":""},"categories":[9,161,1],"tags":[2176,2175,2178,2177],"class_list":["post-13847","post","type-post","status-publish","format-standard","hentry","category-sanatate","category-slabire","category-sport","tag-cum-dispare-celulita","tag-cum-se-reduce-celulita","tag-daca-fac-sport-scap-de-celulita","tag-masajul-ajuta-pentru-celulita"],"_links":{"self":[{"href":"https:\/\/www.dumitra.net\/blog\/index.php?rest_route=\/wp\/v2\/posts\/13847","targetHints":{"allow":["GET"]}}],"collection":[{"href":"https:\/\/www.dumitra.net\/blog\/index.php?rest_route=\/wp\/v2\/posts"}],"about":[{"href":"https:\/\/www.dumitra.net\/blog\/index.php?rest_route=\/wp\/v2\/types\/post"}],"author":[{"embeddable":true,"href":"https:\/\/www.dumitra.net\/blog\/index.php?rest_route=\/wp\/v2\/users\/1"}],"replies":[{"embeddable":true,"href":"https:\/\/www.dumitra.net\/blog\/index.php?rest_route=%2Fwp%2Fv2%2Fcomments&post=13847"}],"version-history":[{"count":2,"href":"https:\/\/www.dumitra.net\/blog\/index.php?rest_route=\/wp\/v2\/posts\/13847\/revisions"}],"predecessor-version":[{"id":13850,"href":"https:\/\/www.dumitra.net\/blog\/index.php?rest_route=\/wp\/v2\/posts\/13847\/revisions\/13850"}],"wp:attachment":[{"href":"https:\/\/www.dumitra.net\/blog\/index.php?rest_route=%2Fwp%2Fv2%2Fmedia&parent=13847"}],"wp:term":[{"taxonomy":"category","embeddable":true,"href":"https:\/\/www.dumitra.net\/blog\/index.php?rest_route=%2Fwp%2Fv2%2Fcategories&post=13847"},{"taxonomy":"post_tag","embeddable":true,"href":"https:\/\/www.dumitra.net\/blog\/index.php?rest_route=%2Fwp%2Fv2%2Ftags&post=13847"}],"curies":[{"name":"wp","href":"https:\/\/api.w.org\/{rel}","templated":true}]}}