{"id":13522,"date":"2022-03-21T09:42:14","date_gmt":"2022-03-21T09:42:14","guid":{"rendered":"https:\/\/www.dumitra.net\/blog\/?p=13522"},"modified":"2022-03-21T09:57:59","modified_gmt":"2022-03-21T09:57:59","slug":"lart-de-la-joie-est-le-portrait-dune-femme-parfois-dure","status":"publish","type":"post","link":"https:\/\/www.dumitra.net\/blog\/?p=13522","title":{"rendered":"L`art de la joie est le portrait d`une femme parfois dure"},"content":{"rendered":"\n<p>Pierdut\u0103 ieri \u00een echinoc\u021biul de prim\u0103var\u0103 r\u0103t\u0103cit\u0103 pe drum ca o carte po\u0219tal\u0103 \u0219i Ziua (ne)Fericirii (care fericire? c\u00e2nd al\u0103turi de noi e un ocean de nesf\u00e2r\u0219it\u0103 durere \u0219i prigoan\u0103 ), uitai de Ziua Francofoniei. <\/p>\n\n\n\n<p><\/p>\n\n\n\n<p>Franceza, cu tot ce \u00eenglobeaz\u0103 ea, mi-e un companion statornic de at\u00e2\u021bia ani. <\/p>\n\n\n\n<p><\/p>\n\n\n\n<p>E o sum\u0103 uria\u0219\u0103 alc\u0103tuit\u0103 din profesoara mea de francez\u0103, minion\u0103 \u0219i cu gropi\u021be, c\u0103reia cred c\u0103 i-au dat lacrimile c\u00e2nd ne-au v\u0103zut pentru ultima oar\u0103 \u0219i care mi-a scris pe coperta caietului poemul din poz\u0103, \u00eenc\u0103 solid pentru ca \u0218tefan s\u0103-l arate fericit profesoarei lui de francez\u0103. <\/p>\n\n\n\n<p><\/p>\n\n\n\n<figure class=\"wp-block-image size-large is-resized\"><img loading=\"lazy\" decoding=\"async\" src=\"https:\/\/www.dumitra.net\/blog\/wp-content\/fileStore\/2022\/03\/poem-chinois-769x1024.jpg\" alt=\"\" class=\"wp-image-13528\" width=\"350\" height=\"466\" srcset=\"https:\/\/www.dumitra.net\/blog\/wp-content\/fileStore\/2022\/03\/poem-chinois-769x1024.jpg 769w, https:\/\/www.dumitra.net\/blog\/wp-content\/fileStore\/2022\/03\/poem-chinois-225x300.jpg 225w, https:\/\/www.dumitra.net\/blog\/wp-content\/fileStore\/2022\/03\/poem-chinois-768x1023.jpg 768w, https:\/\/www.dumitra.net\/blog\/wp-content\/fileStore\/2022\/03\/poem-chinois-600x799.jpg 600w, https:\/\/www.dumitra.net\/blog\/wp-content\/fileStore\/2022\/03\/poem-chinois-1153x1536.jpg 1153w, https:\/\/www.dumitra.net\/blog\/wp-content\/fileStore\/2022\/03\/poem-chinois-1538x2048.jpg 1538w, https:\/\/www.dumitra.net\/blog\/wp-content\/fileStore\/2022\/03\/poem-chinois-1320x1758.jpg 1320w, https:\/\/www.dumitra.net\/blog\/wp-content\/fileStore\/2022\/03\/poem-chinois-scaled.jpg 1922w\" sizes=\"auto, (max-width: 350px) 100vw, 350px\" \/><\/figure>\n\n\n\n<p>E cealalt\u0103 profesoar\u0103, brunet\u0103, ursuz\u0103, \u00eenalt\u0103, cu ochi verzi \u0219i carmin violent pe conturul unghiilor, care mi-a spus \u00eentr-o dup\u0103 amiaz\u0103 c\u00e2nd soarele \u00eemi str\u0103pungea vederea, vai, ce ochi negri ai! (nu \u0219tiam c\u0103 \u0219i ochii negri st\u00e2rnesc mir\u0103ri) \u0219i nu \u0219tiu nici azi dac\u0103 a fost un compliment, toate lecturile exersate cu dic\u021bionarul nelipsit ca apa, toate g\u00e2ndurile pe care nu le-am mai tradus din rom\u00e2n\u0103, le-am n\u0103scut direct \u00een francez\u0103, dar asta dup\u0103 mul\u021bi ani ap\u0103sa\u021bi de neputin\u021ba unei exprim\u0103ri ca un bolovan \u00eempins la deal, c\u00e2nd cuvintele luau forma scamelor care nu voiau s\u0103 se desprind\u0103 de pe limb\u0103, de\u0219i le sim\u021beam pe v\u00e2rf gata-gata&#8230;<\/p>\n\n\n\n<p><\/p>\n\n\n\n<p>Mai e \u0219i o anume elegan\u021b\u0103 a fiin\u021bei pe care am cap\u0103tat-o prin contaminare \u0219i de care nu m\u0103 mai pot dezbr\u0103ca (nici nu vreau), chiar \u0219i c\u00e2nd sunt dezgolit\u0103 \u00een fa\u021ba oglinzii. <\/p>\n\n\n\n<p><\/p>\n\n\n\n<p>\u0218i e \u00een toate astea o art\u0103 a bucuriei: \u201dL`art de la joie est le portrait d`une femme parfois dure, mais surtout libre, courageuse, ind\u00e9pendante!\u201d<a href=\"https:\/\/www.facebook.com\/photo\/?fbid=4939683196138829&amp;set=pcb.4939770816130067&amp;__cft__[0]=AZXhdN46zuMuDZe-00g0xHNJR6WaboIQ62bsw-jLLcqXIw0aDWojkLouFUI0AJO3zHfasSLB7PY6KIY8UWK-jNo_v6opVxxQ5i_ophm2zsL11YjcjqRcUgayC4kwOEoCEbg&amp;__tn__=*bH-R\"><\/a><a href=\"https:\/\/www.facebook.com\/photo\/?fbid=4939685039471978&amp;set=pcb.4939770816130067&amp;__cft__[0]=AZXhdN46zuMuDZe-00g0xHNJR6WaboIQ62bsw-jLLcqXIw0aDWojkLouFUI0AJO3zHfasSLB7PY6KIY8UWK-jNo_v6opVxxQ5i_ophm2zsL11YjcjqRcUgayC4kwOEoCEbg&amp;__tn__=*bH-R\"><\/a><a href=\"https:\/\/www.facebook.com\/photo\/?fbid=4939735266133622&amp;set=pcb.4939770816130067&amp;__cft__[0]=AZXhdN46zuMuDZe-00g0xHNJR6WaboIQ62bsw-jLLcqXIw0aDWojkLouFUI0AJO3zHfasSLB7PY6KIY8UWK-jNo_v6opVxxQ5i_ophm2zsL11YjcjqRcUgayC4kwOEoCEbg&amp;__tn__=*bH-R\"><\/a><\/p>\n\n\n\n<figure class=\"wp-block-image size-large is-resized\"><img loading=\"lazy\" decoding=\"async\" src=\"https:\/\/www.dumitra.net\/blog\/wp-content\/fileStore\/2022\/03\/20190913_121502-1024x768.jpg\" alt=\"\" class=\"wp-image-13525\" width=\"348\" height=\"260\" srcset=\"https:\/\/www.dumitra.net\/blog\/wp-content\/fileStore\/2022\/03\/20190913_121502-1024x768.jpg 1024w, https:\/\/www.dumitra.net\/blog\/wp-content\/fileStore\/2022\/03\/20190913_121502-300x225.jpg 300w, https:\/\/www.dumitra.net\/blog\/wp-content\/fileStore\/2022\/03\/20190913_121502-768x576.jpg 768w, https:\/\/www.dumitra.net\/blog\/wp-content\/fileStore\/2022\/03\/20190913_121502-600x450.jpg 600w, https:\/\/www.dumitra.net\/blog\/wp-content\/fileStore\/2022\/03\/20190913_121502-1536x1152.jpg 1536w, https:\/\/www.dumitra.net\/blog\/wp-content\/fileStore\/2022\/03\/20190913_121502-2048x1536.jpg 2048w, https:\/\/www.dumitra.net\/blog\/wp-content\/fileStore\/2022\/03\/20190913_121502-1320x990.jpg 1320w\" sizes=\"auto, (max-width: 348px) 100vw, 348px\" \/><\/figure>\n\n\n\n<figure class=\"wp-block-image size-large is-resized\"><img loading=\"lazy\" decoding=\"async\" src=\"https:\/\/www.dumitra.net\/blog\/wp-content\/fileStore\/2022\/03\/20190914_120735-1024x768.jpg\" alt=\"\" class=\"wp-image-13527\" width=\"360\" height=\"269\" srcset=\"https:\/\/www.dumitra.net\/blog\/wp-content\/fileStore\/2022\/03\/20190914_120735-1024x768.jpg 1024w, https:\/\/www.dumitra.net\/blog\/wp-content\/fileStore\/2022\/03\/20190914_120735-300x225.jpg 300w, https:\/\/www.dumitra.net\/blog\/wp-content\/fileStore\/2022\/03\/20190914_120735-768x576.jpg 768w, https:\/\/www.dumitra.net\/blog\/wp-content\/fileStore\/2022\/03\/20190914_120735-600x450.jpg 600w, https:\/\/www.dumitra.net\/blog\/wp-content\/fileStore\/2022\/03\/20190914_120735-1536x1152.jpg 1536w, https:\/\/www.dumitra.net\/blog\/wp-content\/fileStore\/2022\/03\/20190914_120735-2048x1536.jpg 2048w, https:\/\/www.dumitra.net\/blog\/wp-content\/fileStore\/2022\/03\/20190914_120735-1320x990.jpg 1320w\" sizes=\"auto, (max-width: 360px) 100vw, 360px\" \/><\/figure>\n\n\n\n<figure class=\"wp-block-image size-large is-resized\"><img loading=\"lazy\" decoding=\"async\" src=\"https:\/\/www.dumitra.net\/blog\/wp-content\/fileStore\/2022\/03\/20190914_190500-546x1024.jpg\" alt=\"\" class=\"wp-image-13526\" width=\"311\" height=\"583\" srcset=\"https:\/\/www.dumitra.net\/blog\/wp-content\/fileStore\/2022\/03\/20190914_190500-546x1024.jpg 546w, https:\/\/www.dumitra.net\/blog\/wp-content\/fileStore\/2022\/03\/20190914_190500-160x300.jpg 160w, https:\/\/www.dumitra.net\/blog\/wp-content\/fileStore\/2022\/03\/20190914_190500-768x1441.jpg 768w, https:\/\/www.dumitra.net\/blog\/wp-content\/fileStore\/2022\/03\/20190914_190500-600x1125.jpg 600w, https:\/\/www.dumitra.net\/blog\/wp-content\/fileStore\/2022\/03\/20190914_190500-819x1536.jpg 819w, https:\/\/www.dumitra.net\/blog\/wp-content\/fileStore\/2022\/03\/20190914_190500-1092x2048.jpg 1092w, https:\/\/www.dumitra.net\/blog\/wp-content\/fileStore\/2022\/03\/20190914_190500-1320x2476.jpg 1320w, https:\/\/www.dumitra.net\/blog\/wp-content\/fileStore\/2022\/03\/20190914_190500-scaled.jpg 1365w\" sizes=\"auto, (max-width: 311px) 100vw, 311px\" \/><\/figure>\n\n\n\n<p><\/p>\n","protected":false},"excerpt":{"rendered":"<p>Pierdut\u0103 ieri \u00een echinoc\u021biul de prim\u0103var\u0103 r\u0103t\u0103cit\u0103 pe drum ca o carte po\u0219tal\u0103 \u0219i Ziua (ne)Fericirii (care fericire? c\u00e2nd al\u0103turi de noi e un ocean de nesf\u00e2r\u0219it\u0103 durere \u0219i prigoan\u0103 ), uitai de Ziua&#46;&#46;&#46;<\/p>\n","protected":false},"author":1,"featured_media":0,"comment_status":"open","ping_status":"closed","sticky":false,"template":"","format":"standard","meta":{"ngg_post_thumbnail":0,"footnotes":""},"categories":[4],"tags":[2119,59,2118],"class_list":["post-13522","post","type-post","status-publish","format-standard","hentry","category-personal","tag-amintiri-cu-profesoare-de-franceza","tag-poeme-chinois","tag-ziua-francofoniei"],"_links":{"self":[{"href":"https:\/\/www.dumitra.net\/blog\/index.php?rest_route=\/wp\/v2\/posts\/13522","targetHints":{"allow":["GET"]}}],"collection":[{"href":"https:\/\/www.dumitra.net\/blog\/index.php?rest_route=\/wp\/v2\/posts"}],"about":[{"href":"https:\/\/www.dumitra.net\/blog\/index.php?rest_route=\/wp\/v2\/types\/post"}],"author":[{"embeddable":true,"href":"https:\/\/www.dumitra.net\/blog\/index.php?rest_route=\/wp\/v2\/users\/1"}],"replies":[{"embeddable":true,"href":"https:\/\/www.dumitra.net\/blog\/index.php?rest_route=%2Fwp%2Fv2%2Fcomments&post=13522"}],"version-history":[{"count":4,"href":"https:\/\/www.dumitra.net\/blog\/index.php?rest_route=\/wp\/v2\/posts\/13522\/revisions"}],"predecessor-version":[{"id":13534,"href":"https:\/\/www.dumitra.net\/blog\/index.php?rest_route=\/wp\/v2\/posts\/13522\/revisions\/13534"}],"wp:attachment":[{"href":"https:\/\/www.dumitra.net\/blog\/index.php?rest_route=%2Fwp%2Fv2%2Fmedia&parent=13522"}],"wp:term":[{"taxonomy":"category","embeddable":true,"href":"https:\/\/www.dumitra.net\/blog\/index.php?rest_route=%2Fwp%2Fv2%2Fcategories&post=13522"},{"taxonomy":"post_tag","embeddable":true,"href":"https:\/\/www.dumitra.net\/blog\/index.php?rest_route=%2Fwp%2Fv2%2Ftags&post=13522"}],"curies":[{"name":"wp","href":"https:\/\/api.w.org\/{rel}","templated":true}]}}