{"id":12861,"date":"2022-02-05T06:45:27","date_gmt":"2022-02-05T06:45:27","guid":{"rendered":"https:\/\/www.dumitra.net\/blog\/?p=12861"},"modified":"2022-02-07T07:58:03","modified_gmt":"2022-02-07T07:58:03","slug":"mai-usor-cu-copiii-la-deal","status":"publish","type":"post","link":"https:\/\/www.dumitra.net\/blog\/?p=12861","title":{"rendered":"Mai u\u0219or cu Copiii&#8230; la deal"},"content":{"rendered":"\n<p>Era \u00eenalt \u0219i solid. Un pic apatic. Mai t\u00e2n\u0103r \u0219i mai slab, ar fi trecut drept un b\u0103rbat frumos. L-am z\u0103rit de departe prin fr\u0103suiala mall-ului. Conturul dantelat, portocaliu, din m\u00e2na lui f\u0103cea un contrast nefiresc cu costumul gri, sobru, elegant, \u0219i man\u0219etele albe ale c\u0103m\u0103sii ie\u0219ind de sub m\u00e2necile sacoului doar c\u00e2t s\u0103 se ghiceasc\u0103 butonii de argint cu piatr\u0103 neagr\u0103. <\/p>\n\n\n\n<p>Floarea pe care mi-a oferit-o st\u00e2njenit avea portocaliul petalelor \u0219ifonat \u0219i ab\u0103tut. Era o floare trist\u0103. Am primit-o la fel de jenat\u0103, \u00een timp ce la mul\u021bi ani-ul de 8 Martie s-a scurs printre noi ca un fir de praf \u00een b\u0103taia slab\u0103 a luminii.<\/p>\n\n\n\n<p>O tacla continu\u0103 a \u00eenso\u021bit cafeaua aceea amical\u0103, de mall, de la ora pr\u00e2nzului. <\/p>\n\n\n\n<p>Dup\u0103, am r\u0103mas cu floarea portocalie \u0219i trist\u0103, cu care nu m\u0103 vedeam merg\u00e2nd pe strad\u0103 ca o adolescent\u0103 dup\u0103 \u00eent\u00e2lnirea cu iubitul ei. \u00cen garderoba primului magazin am \u201euitat-o\u201d pe un scaun cu velurul tocit. Se mai \u00eent\u00e2mpl\u0103, nu-i a\u0219a, ca oamenii s\u0103 uite lucruri prin cabinele de prob\u0103&#8230;<\/p>\n\n\n\n<p>A\u0219a m\u0103 simt \u0219i fa\u021b\u0103 de cartea asta: vinovat\u0103 c\u0103, \u00een ciuda sfor\u021b\u0103rilor mele, n-am putut trece de pagina 100, pe de alt\u0103 parte, a\u0219 \u201duita-o\u201d undeva pe un scaun, poate altcineva o va pre\u021bui mai mult dec\u00e2t mine. <\/p>\n\n\n\n<div class=\"wp-block-image is-style-default\"><figure class=\"aligncenter size-large is-resized\"><img loading=\"lazy\" decoding=\"async\" src=\"https:\/\/www.dumitra.net\/blog\/wp-content\/fileStore\/2022\/02\/CopiiiM-1-588x1024.jpg\" alt=\"\" class=\"wp-image-12864\" width=\"168\" height=\"290\"\/><\/figure><\/div>\n\n\n\n<p>\u00cen\u021beleg c\u0103 e o carte muncit\u0103 \u00een 9 ani, dar e peste baierele mele de r\u0103bdare. \u00cenceput luminos transformat \u00een interminabile, obositoare \u00een detalii nanometrice \u0219i pr\u0103fuite replici camaradere\u0219ti pe marginea unui proiect de l\u0103sat via\u021ba de ora\u0219 \u0219i corpora\u021bie \u0219i mutat la \u021bar\u0103; o intrig\u0103 cu inten\u021bii poli\u021biste neajutat\u0103 deloc de ritmul rupt, tern \u0219i lax al scriiturii, o ploaie moc\u0103neasc\u0103 de \u00eenc\u00e2lcite \u0219i dezl\u00e2nate nimicuri cotidiene cu scheme, pre\u021buri \u0219i-un umor \u0219i-o veselie c\u0103utate cu lum\u00e2narea ca dup\u0103 slujba de pomenire.<\/p>\n\n\n\n<p>M\u0103 g\u00e2ndesc c\u0103, fiind premiat\u0103 pentru debut de Ed. Polirom, nu cartea e problema, ci capacitatea mea limitat\u0103 de a o citi \u0219i \u00een\u021belege&#8230; Mi-a\u0219 dori s\u0103 fie asta cauza.<\/p>\n\n\n\n<p>Altminteri, se public\u0103 at\u00e2t de multe \u0219i de bune c\u0103r\u021bi, \u00eenc\u00e2t ar fi o risip\u0103 pentru mine s\u0103 m\u0103 c\u0103znesc at\u00e2ta s\u0103 \u00eemping bolovanul la deal. <\/p>\n","protected":false},"excerpt":{"rendered":"<p>Era \u00eenalt \u0219i solid. Un pic apatic. Mai t\u00e2n\u0103r \u0219i mai slab, ar fi trecut drept un b\u0103rbat frumos. L-am z\u0103rit de departe prin fr\u0103suiala mall-ului. Conturul dantelat, portocaliu, din m\u00e2na lui f\u0103cea un&#46;&#46;&#46;<\/p>\n","protected":false},"author":1,"featured_media":0,"comment_status":"open","ping_status":"closed","sticky":false,"template":"","format":"standard","meta":{"ngg_post_thumbnail":0,"footnotes":""},"categories":[1413],"tags":[2007,2009,2006,2008],"class_list":["post-12861","post","type-post","status-publish","format-standard","hentry","category-raftul-lui-radu","tag-cronica-de-carte-copiii-lui-marcel-de-ema-stere","tag-premiul-pentru-debut-editura-polirom-2020","tag-recenzie-copiii-lui-marcel-de-ema-stere","tag-un-cititor-despre-copiii-lui-marcel-de-ema-stere"],"_links":{"self":[{"href":"https:\/\/www.dumitra.net\/blog\/index.php?rest_route=\/wp\/v2\/posts\/12861","targetHints":{"allow":["GET"]}}],"collection":[{"href":"https:\/\/www.dumitra.net\/blog\/index.php?rest_route=\/wp\/v2\/posts"}],"about":[{"href":"https:\/\/www.dumitra.net\/blog\/index.php?rest_route=\/wp\/v2\/types\/post"}],"author":[{"embeddable":true,"href":"https:\/\/www.dumitra.net\/blog\/index.php?rest_route=\/wp\/v2\/users\/1"}],"replies":[{"embeddable":true,"href":"https:\/\/www.dumitra.net\/blog\/index.php?rest_route=%2Fwp%2Fv2%2Fcomments&post=12861"}],"version-history":[{"count":7,"href":"https:\/\/www.dumitra.net\/blog\/index.php?rest_route=\/wp\/v2\/posts\/12861\/revisions"}],"predecessor-version":[{"id":12913,"href":"https:\/\/www.dumitra.net\/blog\/index.php?rest_route=\/wp\/v2\/posts\/12861\/revisions\/12913"}],"wp:attachment":[{"href":"https:\/\/www.dumitra.net\/blog\/index.php?rest_route=%2Fwp%2Fv2%2Fmedia&parent=12861"}],"wp:term":[{"taxonomy":"category","embeddable":true,"href":"https:\/\/www.dumitra.net\/blog\/index.php?rest_route=%2Fwp%2Fv2%2Fcategories&post=12861"},{"taxonomy":"post_tag","embeddable":true,"href":"https:\/\/www.dumitra.net\/blog\/index.php?rest_route=%2Fwp%2Fv2%2Ftags&post=12861"}],"curies":[{"name":"wp","href":"https:\/\/api.w.org\/{rel}","templated":true}]}}