{"id":12604,"date":"2022-01-07T06:59:43","date_gmt":"2022-01-07T06:59:43","guid":{"rendered":"https:\/\/www.dumitra.net\/blog\/?p=12604"},"modified":"2022-01-07T12:12:14","modified_gmt":"2022-01-07T12:12:14","slug":"alerg-la-10-grade-10-ani-de-blog","status":"publish","type":"post","link":"https:\/\/www.dumitra.net\/blog\/?p=12604","title":{"rendered":"De la -10 grade la +10. De blog"},"content":{"rendered":"\n<figure class=\"wp-block-image\"><img decoding=\"async\" src=\"https:\/\/www.dumitra.net\/blog\/wp-content\/fileStore\/2012\/01\/IMG_0920_01.jpg\" alt=\"\"\/><\/figure>\n\n\n\n<p><\/p>\n\n\n\n<p> Sunt un sloi de ghea\u0163\u0103 care arde pe din\u0103untru. \u00centre senza\u0163ia de ger care \u00eemi intr\u0103 prin to\u0163i porii p\u00e2n\u0103 \u00een m\u0103duva oaselor \u015fi senza\u0163ia de arsur\u0103, grani\u0163a e sub\u0163ire ca o p\u0103rere. Obrajii, coapsele, extremit\u0103\u0163ile \u00eemi ard de ger, dar alerg. Alerg \u015fi \u015ftiu din anii trecu\u0163i c\u0103 senza\u0163ia asta nu dureaz\u0103 mai mult de 10 minute. Apoi m\u0103 obi\u015fnuiesc. Aleg c\u00e2t pot de repede (mai repede dec\u00e2t o fac \u00een condi\u0163ii normale) ca s\u0103 ajung pe por\u0163iunile \u00een care razele soarelui \u00eempart lumea \u00een dou\u0103. Ajuns\u0103 aici, ca s\u0103 m\u0103 bucur de ochiul lacului \u00eenghe\u0163at, de albul \u00een\u021bep\u0103tor \u2013 doar ramurile pl\u00e2ng\u0103cioase ale salciei nu p\u0103streaz\u0103 z\u0103pada pe ele &#8211; slabesc pu\u0163in ritmul. Abia acum reu\u015fesc sa respir c\u00e2t de c\u00e2t normal. Mai devreme, fiecare inspir \u00eemi reteaza beregata. M\u0103 \u00eencarc cu \u0219i de tot albul sclipitor ca paietele. \u00cen dreapta, so\u0163ul meu. Aleea e lat\u0103, alerg\u0103m cot la cot. Mai trec din c\u00e2nd \u00een c\u00e2nd pe l\u00e2ng\u0103 noi unul- doi alerg\u0103tori. Ma uit la ceas (\u00eentotdeauna m\u0103 cronometrez): au trecut 18 minute. Urc\u0103m podul de cale ferat\u0103 s\u0103 facem cale \u00eentoars\u0103 pe partea cealalt\u0103 a lacului. \u00cen Her\u0103str\u0103u, mai ales c\u00e2nd alerg pe z\u0103pad\u0103, ma simt ca la mine \u00een gr\u0103din\u0103. Cunosc p\u0103m\u00e2ntul pe care calc bucat\u0103 cu bucat\u0103. \u00cen fa\u0163\u0103, perechea de b\u0103tr\u00e2nei pe care o \u00eent\u00e2lnesc deseori s\u00e2mb\u0103ta \u015fi duminica la orele dimine\u0163ii \u2013 \u00eentotdeauna se \u0163in de m\u00e2n\u0103. Alerg \u00een ritm constant. Pot s-o \u0163in a\u015fa vreo 2 ore. Acum ar trebui s\u0103 v\u0103d veveri\u0163e. Un fotograf amator le ademene\u0219te zdr\u0103ng\u0103nind dou\u0103 nuci. P\u00e2n\u0103 s\u0103 m\u0103 dep\u0103rtez, nu s-au ar\u0103tat. E prea frig. \u00cen st\u00e2nga, pe o f\u00e2\u015fie de mal dezghe\u0163at stau la soare ra\u0163ele aliniate ca pe sfoar\u0103. Pe dreapta, gr\u0103tarul e plin de z\u0103pad\u0103. Aici, vara, la ora 9, micii deja sf\u00e2r\u00e2ie si fumul \u00eenec\u0103cios \u00eenfund\u0103 pl\u0103m\u00e2nii pentru o s\u0103pt\u0103m\u00e2n\u0103; c\u0103ldura aduce mult\u0103 forfot\u0103 \u00een zona asta \u015fi cu greu m\u0103 strecor f\u0103r\u0103 s\u0103 nu m\u0103 izbesc pe cineva. Acum \u00eens\u0103 nu e nimeni. Aleile sunt degajate, b\u0103ncile sunt cur\u0103\u0163ate de z\u0103pad\u0103, dar au o pojghi\u0163\u0103 de ghea\u0163\u0103 deasupra ca un strat de protec\u0163ie, a\u015fa \u00eenc\u00e2t nu po\u021bi sta ud \u0219i contemplativ, scrut\u00e2nd din \u015fezut lacul \u00eenghe\u0163at. P\u00e2n\u0103 la finalul cursei mai am vreo 5 minute. Pe z\u0103pad\u0103, de\u015fi efortul mi se pare mai mic \u015fi mai relaxant pentru articula\u0163ii dec\u00e2t dec\u00e2t pe asfalt, scot 1-2 minute \u00een plus. Dar ce \u00eenseamn\u0103 asta la scara omenirii\u2026 M\u0103 apropii de intrarea \u00een parc \u015fi de cap\u0103tul cursei. Oamenii s-au trezit; vin tot mai mul\u0163i. \u015ei soarele e mai generos. Acas\u0103 ne a\u015fteapt\u0103 Maria \u015fi \u015etefan.<\/p>\n\n\n\n<p>Este unul dintre primele texte pe care le-am scris cu fix 10 ani \u00een urm\u0103 pe <a href=\"https:\/\/l.facebook.com\/l.php?u=http%3A%2F%2Fwww.dumitra.net%2F%3Ffbclid%3DIwAR1ZYYFdZ8hgjcQz1ZzIl_a6p24o4O_71HxK5U9H1EDMmRkBZVK_wAC41mg&amp;h=AT0rGtCLa8480UZORWwhJYe6ylODN5N5mJCW7Tsv0vimXPmgHFLj5Rt6CENbF8NahOYNOgYA26fNi_Fdc_zr8DIhcmfztn6gJHtmM72MrFm9KYsS8FJOJHa3W1PvaUNywZzoYduF3rTYjZ0BbN4j&amp;__tn__=-UK-R&amp;c[0]=AT1u_knFF0JNy4MFLHardlGrnyISqS9_tzSFpEZCePfKe_c11OrCSGY6GaenVdOaLAKAEMvrVd2bUk8cg9zpUA_iFAg7H2EXQVPkZ3G3gwHQVLqVZS8_y2Mf9GyUZqnv3_9281ltbgoN80x50Sdj7mlsLloPlRuP-7OWCGQ3-cdB8zJsYgtjZU8wVvwKO3VTda4dGdMN\" rel=\"noreferrer noopener\" target=\"_blank\">www.dumitra.net<\/a> <\/p>\n\n\n\n<p>Azi, sunt 10 ani de blog.<\/p>\n","protected":false},"excerpt":{"rendered":"<p>Sunt un sloi de ghea\u0163\u0103 care arde pe din\u0103untru. \u00centre senza\u0163ia de ger care \u00eemi intr\u0103 prin to\u0163i porii p\u00e2n\u0103 \u00een m\u0103duva oaselor \u015fi senza\u0163ia de arsur\u0103, grani\u0163a e sub\u0163ire ca o p\u0103rere. Obrajii,&#46;&#46;&#46;<\/p>\n","protected":false},"author":1,"featured_media":0,"comment_status":"open","ping_status":"closed","sticky":false,"template":"","format":"standard","meta":{"ngg_post_thumbnail":0,"footnotes":""},"categories":[4],"tags":[203,1950,1949],"class_list":["post-12604","post","type-post","status-publish","format-standard","hentry","category-personal","tag-blog-dumitra","tag-cum-e-sa-alergi-la-10-grade","tag-texte-despre-cum-e-sa-alergi-pe-zapada"],"_links":{"self":[{"href":"https:\/\/www.dumitra.net\/blog\/index.php?rest_route=\/wp\/v2\/posts\/12604","targetHints":{"allow":["GET"]}}],"collection":[{"href":"https:\/\/www.dumitra.net\/blog\/index.php?rest_route=\/wp\/v2\/posts"}],"about":[{"href":"https:\/\/www.dumitra.net\/blog\/index.php?rest_route=\/wp\/v2\/types\/post"}],"author":[{"embeddable":true,"href":"https:\/\/www.dumitra.net\/blog\/index.php?rest_route=\/wp\/v2\/users\/1"}],"replies":[{"embeddable":true,"href":"https:\/\/www.dumitra.net\/blog\/index.php?rest_route=%2Fwp%2Fv2%2Fcomments&post=12604"}],"version-history":[{"count":4,"href":"https:\/\/www.dumitra.net\/blog\/index.php?rest_route=\/wp\/v2\/posts\/12604\/revisions"}],"predecessor-version":[{"id":12621,"href":"https:\/\/www.dumitra.net\/blog\/index.php?rest_route=\/wp\/v2\/posts\/12604\/revisions\/12621"}],"wp:attachment":[{"href":"https:\/\/www.dumitra.net\/blog\/index.php?rest_route=%2Fwp%2Fv2%2Fmedia&parent=12604"}],"wp:term":[{"taxonomy":"category","embeddable":true,"href":"https:\/\/www.dumitra.net\/blog\/index.php?rest_route=%2Fwp%2Fv2%2Fcategories&post=12604"},{"taxonomy":"post_tag","embeddable":true,"href":"https:\/\/www.dumitra.net\/blog\/index.php?rest_route=%2Fwp%2Fv2%2Ftags&post=12604"}],"curies":[{"name":"wp","href":"https:\/\/api.w.org\/{rel}","templated":true}]}}