{"id":12332,"date":"2021-06-18T06:07:18","date_gmt":"2021-06-18T06:07:18","guid":{"rendered":"http:\/\/www.dumitra.net\/blog\/?p=12332"},"modified":"2021-06-18T06:11:11","modified_gmt":"2021-06-18T06:11:11","slug":"tu-stii-sa-respiri-sportiv","status":"publish","type":"post","link":"https:\/\/www.dumitra.net\/blog\/?p=12332","title":{"rendered":"Tu \u0219tii s\u0103 respiri sportiv?"},"content":{"rendered":"<div>\n<div class=\"\" dir=\"auto\">\n<div id=\"jsc_c_2r\" class=\"ecm0bbzt hv4rvrfc ihqw7lf3 dati1w0a\" data-ad-comet-preview=\"message\" data-ad-preview=\"message\">\n<div class=\"j83agx80 cbu4d94t ew0dbk1b irj2b8pg\">\n<div class=\"qzhwtbm6 knvmm38d\">\n<div class=\"kvgmc6g5 cxmmr5t8 oygrvhab hcukyx3x c1et5uql ii04i59q\">\n<div dir=\"auto\">C\u00e2nd urci sc\u0103ri, faci exerci\u021bii fizice sau c\u00e2nd alergi, cum respiri? Respiri pe gur\u0103?<\/div>\n<div dir=\"auto\">Atunci, e posibil ca respira\u021bia ta s\u0103 fie disfunc\u021bional\u0103 \u0219i astfel s\u0103 obose\u0219ti mai repede, s\u0103 te recuperezi mai greu dup\u0103 efort, s\u0103 dormi mai pu\u021bin bine.<\/div>\n<div dir=\"auto\">\u0218i, \u00een definitiv, de ce respira\u021bia este tot at\u00e2t de important\u0103 \u00een via\u021ba noastr\u0103 ca \u0219i dieta \u0219i cum se face o respira\u021bie func\u021bional\u0103?<\/div>\n<div dir=\"auto\">Pentru c\u0103, printre altele, diminueaz\u0103 stresul cronic pe care \u00eel resim\u021bim mul\u021bi dintre noi, pentru c\u0103 poate amelioara inclusiv calitatea somnului, ca s\u0103 nu mai vorbesc despre cre\u0219terea performan\u021belor fizice \u0219i recuperarea rapid\u0103 dup\u0103 efort.<\/div>\n<div dir=\"auto\">\u201dOamenii de \u0219tiin\u021b\u0103 spun c\u0103&nbsp;<strong>9 din 10 persoane au respira\u021bie disfunc\u021bional\u0103<\/strong>.&nbsp;Din p\u0103cate, este o tulburare recent\u0103 \u0219i destul de r\u0103sp\u00e2ndit\u0103, cauzat\u0103, \u00een primul r\u00e2nd, de acumularea stresului cronic, tipic societ\u0103\u021bilor occidentale.&nbsp;Dezechilibrul respira\u021biei creeaz\u0103 un ciclu vicios prin \u00eenr\u0103ut\u0103\u021birea stresului cronic.&nbsp;Nu \u00eent\u00e2mpl\u0103tor travers\u0103m o epidemie care afecteaz\u0103 sistemul respirator.&nbsp;Sunt convins&nbsp;c\u0103, a face respira\u021bia zilnic\u0103 echilibrat\u0103 \u0219i func\u021bional\u0103, ar putea ajuta mul\u021bi oameni s\u0103 ias\u0103 din anumite situa\u021bii patologice\u201d.<strong>*<\/strong><\/div>\n<\/div>\n<div class=\"o9v6fnle cxmmr5t8 oygrvhab hcukyx3x c1et5uql ii04i59q\">\n<div dir=\"auto\">O respira\u021bie bun\u0103 este respira\u021bia nazal\u0103, silen\u021bioas\u0103, abia perceptibil\u0103, profund\u0103 \u0219i lent\u0103, a c\u0103rei mi\u0219care ventral\u0103 este foarte subtil\u0103. Respira\u021bia eficient\u0103 nu trebuie s\u0103 fie exagerat\u0103, accelerat\u0103.<\/div>\n<\/div>\n<div class=\"o9v6fnle cxmmr5t8 oygrvhab hcukyx3x c1et5uql ii04i59q\">\n<div dir=\"auto\">O persoan\u0103 sportiv\u0103, care face efort \u0219i are o respira\u021bie bun\u0103, nazal\u0103, este mai capabil\u0103 s\u0103 tolereze \u0219i apoi s\u0103 elimine dioxidul de carbon \u0219i cu at\u00e2t \u021besuturile lui sunt mai oxigenate.<\/div>\n<div dir=\"auto\">Asta \u00eensemn\u00e2nd \u0219i c\u0103 va rezultate mai bune antren\u00e2ndu-se mai pu\u021bin, i-ar permite s\u0103 evite accident\u0103rile, dar \u0219i s\u0103-\u0219i prelungeasc\u0103 cariera sportiv\u0103.<\/div>\n<div dir=\"auto\">O astfel de persoan\u0103, care are o respira\u021bie func\u021bional\u0103, intr\u0103 mai lent pe calea anaerob\u0103, ceea ce \u00eenseamn\u0103 c\u0103 se produce mai pu\u021bin lactat.<\/div>\n<\/div>\n<div class=\"o9v6fnle cxmmr5t8 oygrvhab hcukyx3x c1et5uql ii04i59q\">\n<div dir=\"auto\">Eu o experimentez \u00een fiecare zi, ceea ce \u00eemi permite \u0219i s\u0103 vorbesc\/explic \u00een timpul antrenamentelor.<\/div>\n<div dir=\"auto\">&nbsp;<\/div>\n<\/div>\n<div class=\"o9v6fnle cxmmr5t8 oygrvhab hcukyx3x c1et5uql ii04i59q\">\n<div dir=\"auto\"><strong>*<\/strong> Mai multe despre respira\u021bie ca instrument de armonizare corp-spirit zice Leonardo Pelagotti \u00een cartea sa \u201dLa respiration pour la ma\u00eetrise de soi\u201d.<\/div>\n<\/div>\n<\/div>\n<\/div>\n<\/div>\n<\/div>\n<div id=\"jsc_c_2s\" class=\"l9j0dhe7\">\n<div class=\"l9j0dhe7\">\n<div>\n<div class=\"bp9cbjyn cwj9ozl2 j83agx80 cbu4d94t ni8dbmo4 stjgntxs l9j0dhe7 k4urcfbm\">\n<div>\n<div class=\"do00u71z ni8dbmo4 stjgntxs l9j0dhe7\">\n<div class=\"pmk7jnqg kr520xx4\"><img loading=\"lazy\" decoding=\"async\" class=\"i09qtzwb n7fi1qx3 datstx6m pmk7jnqg j9ispegn kr520xx4 k4urcfbm bixrwtb6\" src=\"https:\/\/scontent.fotp3-1.fna.fbcdn.net\/v\/t1.6435-9\/p843x403\/201205321_4240026406063094_6343939035059808776_n.jpg?_nc_cat=111&amp;ccb=1-3&amp;_nc_sid=730e14&amp;_nc_eui2=AeHx4h5bFcGEKo6V6NQj-Nwo6gRqi8McCVLqBGqLwxwJUgCuRo5nChPzA1ehivH_hMQv_g7Yso6sP2lWogtiyGsj&amp;_nc_ohc=D1HYIT8L5ncAX_6veEy&amp;_nc_ht=scontent.fotp3-1.fna&amp;tp=6&amp;oh=a28b65074789cb3d22213c57c585f5bc&amp;oe=60D16672\" alt=\"Ar putea fi o imagine cu 1 persoan\u0103 \u015fi \u00een aer liber\" width=\"843\" height=\"954\"><\/div>\n<\/div>\n<\/div>\n<\/div>\n<div class=\"linmgsc8 opwvks06 i09qtzwb n7fi1qx3 hzruof5a pmk7jnqg j9ispegn kr520xx4\">&nbsp;<\/div>\n<\/div>\n<\/div>\n<\/div>\n<\/div>\n<div>\n<div class=\"stjgntxs ni8dbmo4 l82x9zwi uo3d90p7 h905i5nu monazrh9\" data-visualcompletion=\"ignore-dynamic\">\n<div class=\"l9j0dhe7\">\n<div class=\"bp9cbjyn m9osqain j83agx80 jq4qci2q bkfpd7mw a3bd9o3v kvgmc6g5 wkznzc2l oygrvhab dhix69tm jktsbyx5 rz4wbd8a osnr6wyh a8nywdso s1tcr66n\">\n<div class=\"bp9cbjyn j83agx80 buofh1pr\">\n<div class=\"oajrlxb2 gs1a9yip g5ia77u1 mtkw9kbi tlpljxtp qensuy8j ppp5ayq2 goun2846 ccm00jje s44p3ltw mk2mc5f4 rt8b4zig n8ej3o3l agehan2d sk4xxmp2 rq0escxv nhd2j8a9 pq6dq46d mg4g778l btwxx1t3 pfnyh3mw p7hjln8o kvgmc6g5 cxmmr5t8 oygrvhab hcukyx3x tgvbjcpo hpfvmrgz jb3vyjys rz4wbd8a qt6c0cv9 a8nywdso l9j0dhe7 i1ao9s8h esuyzwwr f1sip0of du4w35lb lzcic4wl abiwlrkh p8dawk7l\" tabindex=\"0\" role=\"button\" aria-label=\"Ador: 1 persoan\u0103\">&nbsp;<\/div>\n<\/div>\n<div class=\"kb5gq1qc pfnyh3mw c0wkt4kp\">&nbsp;<\/div>\n<\/div>\n<\/div>\n<\/div>\n<\/div>\n","protected":false},"excerpt":{"rendered":"<p>C\u00e2nd urci sc\u0103ri, faci exerci\u021bii fizice sau c\u00e2nd alergi, cum respiri? Respiri pe gur\u0103? Atunci, e posibil ca respira\u021bia ta s\u0103 fie disfunc\u021bional\u0103 \u0219i astfel s\u0103 obose\u0219ti mai repede, s\u0103 te recuperezi mai greu&#46;&#46;&#46;<\/p>\n","protected":false},"author":1,"featured_media":0,"comment_status":"open","ping_status":"closed","sticky":false,"template":"","format":"standard","meta":{"ngg_post_thumbnail":0,"footnotes":""},"categories":[163,1],"tags":[1829,1826,1831,1827,1830,1828],"class_list":["post-12332","post","type-post","status-publish","format-standard","hentry","category-aerobic-sport","category-sport","tag-cea-mai-buna-respiratie","tag-cum-respiri-corect","tag-cum-sa-respir-corect-in-fitness","tag-de-ce-e-importanta-o-respiratie-nazala","tag-de-ce-obosesc-repede-cand-alerg","tag-respir-pe-gura-cand-alerg-e-corect"],"_links":{"self":[{"href":"https:\/\/www.dumitra.net\/blog\/index.php?rest_route=\/wp\/v2\/posts\/12332","targetHints":{"allow":["GET"]}}],"collection":[{"href":"https:\/\/www.dumitra.net\/blog\/index.php?rest_route=\/wp\/v2\/posts"}],"about":[{"href":"https:\/\/www.dumitra.net\/blog\/index.php?rest_route=\/wp\/v2\/types\/post"}],"author":[{"embeddable":true,"href":"https:\/\/www.dumitra.net\/blog\/index.php?rest_route=\/wp\/v2\/users\/1"}],"replies":[{"embeddable":true,"href":"https:\/\/www.dumitra.net\/blog\/index.php?rest_route=%2Fwp%2Fv2%2Fcomments&post=12332"}],"version-history":[{"count":7,"href":"https:\/\/www.dumitra.net\/blog\/index.php?rest_route=\/wp\/v2\/posts\/12332\/revisions"}],"predecessor-version":[{"id":12339,"href":"https:\/\/www.dumitra.net\/blog\/index.php?rest_route=\/wp\/v2\/posts\/12332\/revisions\/12339"}],"wp:attachment":[{"href":"https:\/\/www.dumitra.net\/blog\/index.php?rest_route=%2Fwp%2Fv2%2Fmedia&parent=12332"}],"wp:term":[{"taxonomy":"category","embeddable":true,"href":"https:\/\/www.dumitra.net\/blog\/index.php?rest_route=%2Fwp%2Fv2%2Fcategories&post=12332"},{"taxonomy":"post_tag","embeddable":true,"href":"https:\/\/www.dumitra.net\/blog\/index.php?rest_route=%2Fwp%2Fv2%2Ftags&post=12332"}],"curies":[{"name":"wp","href":"https:\/\/api.w.org\/{rel}","templated":true}]}}