{"id":11632,"date":"2019-02-15T16:19:39","date_gmt":"2019-02-15T16:19:39","guid":{"rendered":"http:\/\/www.dumitra.net\/blog\/?p=11632"},"modified":"2019-02-18T10:59:59","modified_gmt":"2019-02-18T10:59:59","slug":"alex-ferariu-da-bine-si-pe-sticla-si-in-artele-martiale","status":"publish","type":"post","link":"https:\/\/www.dumitra.net\/blog\/?p=11632","title":{"rendered":"Alex Ferariu d\u0103 bine \u0219i pe sticl\u0103, \u0219i \u00een artele mar\u021biale"},"content":{"rendered":"<p><a href=\"https:\/\/www.dumitra.net\/blog\/wp-content\/fileStore\/2019\/02\/Alex-Ferariu.jpg\" target=\"_blank\" rel=\"noopener\"><img loading=\"lazy\" decoding=\"async\" class=\"alignright wp-image-11636 size-medium\" src=\"https:\/\/www.dumitra.net\/blog\/wp-content\/fileStore\/2019\/02\/Alex-Ferariu-300x146.jpg\" alt=\"\" width=\"300\" height=\"146\" srcset=\"https:\/\/www.dumitra.net\/blog\/wp-content\/fileStore\/2019\/02\/Alex-Ferariu-300x146.jpg 300w, https:\/\/www.dumitra.net\/blog\/wp-content\/fileStore\/2019\/02\/Alex-Ferariu-768x373.jpg 768w, https:\/\/www.dumitra.net\/blog\/wp-content\/fileStore\/2019\/02\/Alex-Ferariu-1024x497.jpg 1024w, https:\/\/www.dumitra.net\/blog\/wp-content\/fileStore\/2019\/02\/Alex-Ferariu-600x291.jpg 600w, https:\/\/www.dumitra.net\/blog\/wp-content\/fileStore\/2019\/02\/Alex-Ferariu-1320x641.jpg 1320w, https:\/\/www.dumitra.net\/blog\/wp-content\/fileStore\/2019\/02\/Alex-Ferariu.jpg 1600w\" sizes=\"auto, (max-width: 300px) 100vw, 300px\" \/><\/a>Dac\u0103 e\u0219ti iubit de camera de filmat&nbsp; &#8211; asta \u00een limbajul televiziunii \u00eensemn\u00e2nd s\u0103 <em>dai<\/em> bine pe sticl\u0103 -, nu te las\u0103 s\u0103 o tr\u0103dezi chiar cu una-cu dou\u0103.&nbsp; \u0218i, cum uneori \u201ddragostea dureaz\u0103 trei ani\u201d, tot at\u00e2t a durat \u0219i perioada \u00een care Alex Ferariu a stat departe de camerele de filmat. Ast\u0103zi, a revenit la B1TV (de la care a plecat \u00een 2015), iar primul jurnal prezentat&nbsp; a ar\u0103tat de parc\u0103 ieri ar fi ie\u0219it pe poarta televiziunii: nici&nbsp; o b\u00e2lb\u0103, nici un cuv\u00e2nt rostit anapoda, nici o desincronizare, z\u00e2mbitor la \u0219tirile pozitive, grav, serios la celelalte. Au fost emo\u021bii (poate), dar ele n-au trecut dincolo de sticl\u0103.<\/p>\n<p>Diminea\u021ba, \u00een pu\u021binul timp pe care \u00eel am la dispozi\u021bie, urm\u0103resc postul francez TV5. \u00cemi place tipul acesta de jurnalism relaxat, cu subiecte diverse, \u00eencep\u00e2nd cu politic\u0103, economie \u0219i termin\u00e2nd cu reportaje despre gr\u0103din\u0103rit, expozi\u021bii,&nbsp; lans\u0103ri de carte, de mod\u0103, cronici de film etc. Jurnali\u0219tii francezi sunt relaxa\u021bi, z\u00e2mbitori,&nbsp;<em>a l`aise. <\/em>Prezentatoarele sunt c\u00e2t se poate de naturale, n-au decolteuri p\u00e2n\u0103 la bombeuri \u0219i nici nu sparg ecranul cu buzele sau spr\u00e2ncenele accentuate. Uneori, sunt \u00eembr\u0103cate \u00een jean\u0219i \u0219i nu sunt coco\u021bate pe tocuri de cel pu\u021bin 10 cm. La tipul acesta de lejeritate cred c\u0103 ajungi doar \u00een dou\u0103 moduri: ori te na\u0219ti cu pedigree, ori ai un \u00eendelungat exerci\u021biu de renun\u021bare la \u00eencr\u00e2ncenare.&nbsp;<\/p>\n<p><a href=\"https:\/\/www.dumitra.net\/blog\/wp-content\/fileStore\/2019\/02\/Alex-F.jpg\" target=\"_blank\" rel=\"noopener\"><img loading=\"lazy\" decoding=\"async\" class=\"alignright wp-image-11635 size-medium\" src=\"https:\/\/www.dumitra.net\/blog\/wp-content\/fileStore\/2019\/02\/Alex-F-300x225.jpg\" alt=\"\" width=\"300\" height=\"225\" srcset=\"https:\/\/www.dumitra.net\/blog\/wp-content\/fileStore\/2019\/02\/Alex-F-300x225.jpg 300w, https:\/\/www.dumitra.net\/blog\/wp-content\/fileStore\/2019\/02\/Alex-F-768x576.jpg 768w, https:\/\/www.dumitra.net\/blog\/wp-content\/fileStore\/2019\/02\/Alex-F-600x450.jpg 600w, https:\/\/www.dumitra.net\/blog\/wp-content\/fileStore\/2019\/02\/Alex-F.jpg 800w\" sizes=\"auto, (max-width: 300px) 100vw, 300px\" \/><\/a>Reg\u0103sesc la Alex ceva din relaxarea jurnali\u0219tilor francezi, iar asta \u00eenseamn\u0103 foarte mult (pentru privitori, \u00eendeosebi), mai ales dup\u0103 o perioad\u0103 \u00een care a stat de cealalt\u0103 parte a ecranului (sau tocmai de aceea?).<\/p>\n<p>Sper s\u0103 \u0219i-o p\u0103streze \u0219i c\u00e2nd (sau mai ales c\u00e2nd) se va \u201drutina\u201d \u00een meserie. S\u0103 <em>dai<\/em> bine pe sticl\u0103 nu e pu\u021bin lucru, tot a\u0219a cum nu e c\u00e2nd <em>dai<\/em>&nbsp; \u00een timpul antrenamentelor de arte mar\u021biale, unde Alex \u00eemi este coleg; un coleg bl\u00e2nd &#8211; de cele mai multe ori. \ud83d\ude42<\/p>\n<p>Pe Alex \u00eel pute\u021bi vedea diminea\u021ba, \u00eencep\u00e2nd cu ora 10.00, sau s\u00e2mb\u0103t\u0103 \u0219i duminic\u0103, dup\u0103 amiaza.&nbsp;<\/p>\n<p><a href=\"https:\/\/www.paginademedia.ro\/2019\/02\/alex-ferariu-se-intoarce-in-televiziune-dupa-trei-ani-la-b1-tv\" target=\"_blank\" rel=\"noopener\">Aici<\/a>&nbsp;sunt mai detalii despre parcursul profesional al lui Alex Ferariu.&nbsp;<\/p>\n","protected":false},"excerpt":{"rendered":"<p>Dac\u0103 e\u0219ti iubit de camera de filmat&nbsp; &#8211; asta \u00een limbajul televiziunii \u00eensemn\u00e2nd s\u0103 dai bine pe sticl\u0103 -, nu te las\u0103 s\u0103 o tr\u0103dezi chiar cu una-cu dou\u0103.&nbsp; \u0218i, cum uneori \u201ddragostea dureaz\u0103&#46;&#46;&#46;<\/p>\n","protected":false},"author":1,"featured_media":0,"comment_status":"open","ping_status":"closed","sticky":false,"template":"","format":"standard","meta":{"ngg_post_thumbnail":0,"footnotes":""},"categories":[4],"tags":[1553,1555,1554,1556],"class_list":["post-11632","post","type-post","status-publish","format-standard","hentry","category-personal","tag-alex-ferariu","tag-alex-ferariu-a-revenit-la-b1tv","tag-alex-ferariu-b1tv","tag-alex-ferariu-prezentator-stiri"],"_links":{"self":[{"href":"https:\/\/www.dumitra.net\/blog\/index.php?rest_route=\/wp\/v2\/posts\/11632","targetHints":{"allow":["GET"]}}],"collection":[{"href":"https:\/\/www.dumitra.net\/blog\/index.php?rest_route=\/wp\/v2\/posts"}],"about":[{"href":"https:\/\/www.dumitra.net\/blog\/index.php?rest_route=\/wp\/v2\/types\/post"}],"author":[{"embeddable":true,"href":"https:\/\/www.dumitra.net\/blog\/index.php?rest_route=\/wp\/v2\/users\/1"}],"replies":[{"embeddable":true,"href":"https:\/\/www.dumitra.net\/blog\/index.php?rest_route=%2Fwp%2Fv2%2Fcomments&post=11632"}],"version-history":[{"count":16,"href":"https:\/\/www.dumitra.net\/blog\/index.php?rest_route=\/wp\/v2\/posts\/11632\/revisions"}],"predecessor-version":[{"id":11654,"href":"https:\/\/www.dumitra.net\/blog\/index.php?rest_route=\/wp\/v2\/posts\/11632\/revisions\/11654"}],"wp:attachment":[{"href":"https:\/\/www.dumitra.net\/blog\/index.php?rest_route=%2Fwp%2Fv2%2Fmedia&parent=11632"}],"wp:term":[{"taxonomy":"category","embeddable":true,"href":"https:\/\/www.dumitra.net\/blog\/index.php?rest_route=%2Fwp%2Fv2%2Fcategories&post=11632"},{"taxonomy":"post_tag","embeddable":true,"href":"https:\/\/www.dumitra.net\/blog\/index.php?rest_route=%2Fwp%2Fv2%2Ftags&post=11632"}],"curies":[{"name":"wp","href":"https:\/\/api.w.org\/{rel}","templated":true}]}}