{"id":10930,"date":"2018-10-10T07:18:20","date_gmt":"2018-10-10T07:18:20","guid":{"rendered":"http:\/\/www.dumitra.net\/blog\/?p=10930"},"modified":"2018-10-18T06:34:12","modified_gmt":"2018-10-18T06:34:12","slug":"si-campionii-plang-cateodata","status":"publish","type":"post","link":"https:\/\/www.dumitra.net\/blog\/?p=10930","title":{"rendered":"\u0218i campionii pl\u00e2ng c\u00e2teodat\u0103&#8230;."},"content":{"rendered":"<p><a href=\"https:\/\/www.dumitra.net\/blog\/wp-content\/fileStore\/2018\/10\/Oct-2018-1.jpg\" target=\"_blank\" rel=\"noopener\"><img loading=\"lazy\" decoding=\"async\" class=\"alignleft wp-image-10966 size-medium\" src=\"https:\/\/www.dumitra.net\/blog\/wp-content\/fileStore\/2018\/10\/Oct-2018-1-194x300.jpg\" alt=\"\" width=\"194\" height=\"300\" srcset=\"https:\/\/www.dumitra.net\/blog\/wp-content\/fileStore\/2018\/10\/Oct-2018-1-194x300.jpg 194w, https:\/\/www.dumitra.net\/blog\/wp-content\/fileStore\/2018\/10\/Oct-2018-1-768x1191.jpg 768w, https:\/\/www.dumitra.net\/blog\/wp-content\/fileStore\/2018\/10\/Oct-2018-1-661x1024.jpg 661w, https:\/\/www.dumitra.net\/blog\/wp-content\/fileStore\/2018\/10\/Oct-2018-1-600x930.jpg 600w, https:\/\/www.dumitra.net\/blog\/wp-content\/fileStore\/2018\/10\/Oct-2018-1.jpg 1761w\" sizes=\"auto, (max-width: 194px) 100vw, 194px\" \/><\/a>Cu ceva vreme \u00een urm\u0103, c\u00e2nd i-am spus lui sensei c\u0103 m\u0103 tem foarte tare ca nu cumva ceea ce scriu s\u0103 alunece \u00een ridicol, mi-a r\u0103spuns cam a\u0219a: dac\u0103 \u021bie \u00ee\u021bi place s\u0103 scrii, scrie; scrie pentru tine, ce-\u021bi pas\u0103 de ce cred al\u021bii. Tu crezi c\u0103, dac\u0103 \u00eemi era vreo team\u0103 de ridicol, m-a\u0219 mai fi antrenat acum pentru Cupa Mondial\u0103?&nbsp;<\/p>\n<p>De la discu\u021bia asta \u0219i p\u00e2n\u0103 la plecarea lui \u00een&nbsp; Irlanda, la Cupa Mondial\u0103 de WSKF (karate shotokan), l-am v\u0103zut pe sensei trec\u00e2nd prin toat\u0103 paleta de st\u0103ri: entuziasm, euforie, ner\u0103bdare, oboseal\u0103, nelini\u0219te (poate doar aparent\u0103&#8230;). \u00cen timpul antrenamentelor l-am v\u0103zut deoseori preocupat, repet\u00e2nd diverse mi\u0219c\u0103ri, semn c\u0103 lua cu el ceea ce nu ie\u0219ise poate cum trebuie la preg\u0103tirea pe care o f\u0103cea diminea\u021ba, \u00eenainte de a veni s\u0103 lucreze cu noi.&nbsp;<\/p>\n<p>Discu\u021bia asta mi-a venit \u00een cap zilele trecute, c\u00e2nd am primit mesaj de la sensei Ioghen (<em>dreapta, \u00een foto<\/em>). El \u0219i echipa format\u0103 d<a href=\"https:\/\/www.dumitra.net\/blog\/wp-content\/fileStore\/2018\/10\/foto-dublin.jpg\" target=\"_blank\" rel=\"noopener\"><img loading=\"lazy\" decoding=\"async\" class=\"alignright wp-image-10932 size-medium\" src=\"https:\/\/www.dumitra.net\/blog\/wp-content\/fileStore\/2018\/10\/foto-dublin-300x225.jpg\" alt=\"\" width=\"300\" height=\"225\" srcset=\"https:\/\/www.dumitra.net\/blog\/wp-content\/fileStore\/2018\/10\/foto-dublin-300x225.jpg 300w, https:\/\/www.dumitra.net\/blog\/wp-content\/fileStore\/2018\/10\/foto-dublin-768x576.jpg 768w, https:\/\/www.dumitra.net\/blog\/wp-content\/fileStore\/2018\/10\/foto-dublin-1024x768.jpg 1024w, https:\/\/www.dumitra.net\/blog\/wp-content\/fileStore\/2018\/10\/foto-dublin-600x450.jpg 600w, https:\/\/www.dumitra.net\/blog\/wp-content\/fileStore\/2018\/10\/foto-dublin.jpg 1600w\" sizes=\"auto, (max-width: 300px) 100vw, 300px\" \/><\/a>in \u00eenc\u0103 doi membri, Mihai Ioghen \u0219i Simona Filip, au c\u00e2\u0219tigat argintul (la veterani) la Cupa Mondial\u0103 Shotokan Karate-do, desf\u0103\u0219urat\u0103 la Dublin, \u00een Irlanda.<\/p>\n<p>Ba mai mult, lotul Rom\u00e2niei, format din copii, juniori, cade\u021bi, seniori \u0219i veterani, lot antrenat de sensei \u0219i fratele s\u0103u, a plecat din Irlanda cu bagajul mult mai greu&#8230;. Nu de cump\u0103r\u0103turi, ci de medalii. Cei 14 membri ai lotului Rom\u00e2niei au c\u00e2\u0219tigat nu <a href=\"https:\/\/www.dumitra.net\/blog\/wp-content\/fileStore\/2018\/10\/diploma-sensei-dublin.jpg\" target=\"_blank\" rel=\"noopener\"><img loading=\"lazy\" decoding=\"async\" class=\"alignleft wp-image-10933 size-medium\" src=\"https:\/\/www.dumitra.net\/blog\/wp-content\/fileStore\/2018\/10\/diploma-sensei-dublin-225x300.jpg\" alt=\"\" width=\"225\" height=\"300\" srcset=\"https:\/\/www.dumitra.net\/blog\/wp-content\/fileStore\/2018\/10\/diploma-sensei-dublin-225x300.jpg 225w, https:\/\/www.dumitra.net\/blog\/wp-content\/fileStore\/2018\/10\/diploma-sensei-dublin-768x1024.jpg 768w, https:\/\/www.dumitra.net\/blog\/wp-content\/fileStore\/2018\/10\/diploma-sensei-dublin-600x800.jpg 600w, https:\/\/www.dumitra.net\/blog\/wp-content\/fileStore\/2018\/10\/diploma-sensei-dublin.jpg 1200w\" sizes=\"auto, (max-width: 225px) 100vw, 225px\" \/><\/a>mai pu\u021bin de 20 de medalii, ocup\u00e2nd locul doi \u00een clasamentul pe na\u021biuni, dup\u0103 Irlanda (\u021bara gazd\u0103, subliniez), care a ob\u021binut 56 de medalii cu un lot de 71 de sportivi. V\u0103 las pe voi s\u0103 face\u021bi socoteala&#8230;.<\/p>\n<p>Particip\u00e2nd la un concurs interna\u021bional dup\u0103 mai mul\u021bi ani de absen\u021b\u0103, lotul Rom\u00e2niei a rupt gura t\u00e2rgului. Dar asta gra\u021bie unui volum de munc\u0103 de peste 150 de ore de antrenament dedicat concursului \u0219i, desigur, priceperii celor doi antrenori Gheorghe Ioghen \u0219i Mihai Ioghen. Cel mai mic sportiv are 8 ani, Teodora Constantinescu &#8211; 2 medalii de bronz la kata \u0219i kumite &#8211; , iar cel mai mare are 63 de ani, sensei Gheorghe Ioghen.&nbsp;<\/p>\n<p>Asta pentru mine e \u0219i o lec\u021bie pentru c\u00e2nd o s\u0103 cresc&nbsp;<em>mare: <\/em>c\u0103 nu v\u00e2rsta te face mai bun sau mai puternic, mai rezistent sau mai \u00een\u021belept, ci ceea ce se petrece \u00een <em>cutiu\u021ba<\/em> ta, aceea \u00een care aduni de toate emo\u021biile \u0219i de toate tr\u0103irile.<\/p>\n<p>C\u0103 tot veni vorba de tr\u0103iri, odat\u0103, de furioas\u0103 ce eram c\u0103 nu-mi ie\u0219ea o parte dintr-un exerci\u021biu de karate, m-am sup\u0103rat foarte tare pe mine. M-am mai sup\u0103rat \u0219i \u00een alte d\u0103\u021bi, dar n-am ar\u0103tat-o at\u00e2t de evident. Astea sunt momentele \u00een care \u00ee\u021bi cam vine s-o la\u0219i balt\u0103 pentru c\u0103 te crezi neputincios, dep\u0103\u0219it de situa\u021bie sau ridicol. Sensei mi-a spus atunci ceva despre ni\u0219te campioni \u0219i l-am crezut, am continuat. N-am lipsit de la antrenamente, ba chiar le a\u0219tept cu ner\u0103bdare. Nu mi-am propus s\u0103 ajung la niciun campionat \u0219i \u00eemi place al naibii de tare ceea ce fac. Dac\u0103 n-ar fi a\u0219a, nici n-a\u0219 povesti \u0219i nici nu m-a\u0219 ar\u0103ta a\u0219a de m\u00e2ndr\u0103 de profesorul meu.&nbsp;<\/p>\n<p>\u00cen video, kata cu care sensei Gheorghe Ioghen, Simona Filip \u0219i Mihai Ioghen au ob\u021binut argintul.<\/p>\n<p>https:\/\/www.youtube.com\/watch?v=23F2i_MJ710<\/p>\n<p>Felicit\u0103ri, sensei! La c\u00e2t mai multe medalii!&nbsp;<\/p>\n<p>Rezultatele echipei:<\/p>\n<p>Andrei Man &#8211;&nbsp;&nbsp;argint la individual, bronz pe echipe<\/p>\n<p>Alexandra Velcea&nbsp; &#8211; bronz la individual<\/p>\n<p>Eric Catsanos&nbsp; &#8211; bronz la individual,&nbsp;&nbsp;bronz pe echipe, bronz la kumite<\/p>\n<p>Teodora Constantinescu &#8211; bronz la individual,&nbsp;&nbsp;bronz la kumite<\/p>\n<p>Rare\u0219 T\u00e2r\u021b\u0103u &#8211; aur la individual, argint la kumite, bronz pe echipe<\/p>\n<p>Simona Filip &#8211; argint pe echipe, bronz la individual<\/p>\n<p>Mihai Ioghen &#8211; bronz la individual, argint pe echipe<\/p>\n<p>Mugur Mehedin\u021bu &#8211; argint la kumite, bronz la kumite<\/p>\n<p>Darius &#8211; &#8211; argint la individual<\/p>\n<p>Tudor &#8211; &#8211; bronz la individual<\/p>\n<h1><a href=\"https:\/\/a1.ro\/video\/antena-3\/eroul-zilei\/eroii-zilei-campionii-mondiali-la-karate-wskf-id810663.html\" target=\"_blank\" rel=\"noopener\">Eroii Zilei: Campionii mondiali la karate WSKF<\/a><\/h1>\n","protected":false},"excerpt":{"rendered":"<p>Cu ceva vreme \u00een urm\u0103, c\u00e2nd i-am spus lui sensei c\u0103 m\u0103 tem foarte tare ca nu cumva ceea ce scriu s\u0103 alunece \u00een ridicol, mi-a r\u0103spuns cam a\u0219a: dac\u0103 \u021bie \u00ee\u021bi place s\u0103&#46;&#46;&#46;<\/p>\n","protected":false},"author":1,"featured_media":0,"comment_status":"open","ping_status":"closed","sticky":false,"template":"","format":"standard","meta":{"ngg_post_thumbnail":0,"footnotes":""},"categories":[1],"tags":[1452],"class_list":["post-10930","post","type-post","status-publish","format-standard","hentry","category-sport","tag-medalie-argint-sensei-gelu-gheorghe-ioghen"],"_links":{"self":[{"href":"https:\/\/www.dumitra.net\/blog\/index.php?rest_route=\/wp\/v2\/posts\/10930","targetHints":{"allow":["GET"]}}],"collection":[{"href":"https:\/\/www.dumitra.net\/blog\/index.php?rest_route=\/wp\/v2\/posts"}],"about":[{"href":"https:\/\/www.dumitra.net\/blog\/index.php?rest_route=\/wp\/v2\/types\/post"}],"author":[{"embeddable":true,"href":"https:\/\/www.dumitra.net\/blog\/index.php?rest_route=\/wp\/v2\/users\/1"}],"replies":[{"embeddable":true,"href":"https:\/\/www.dumitra.net\/blog\/index.php?rest_route=%2Fwp%2Fv2%2Fcomments&post=10930"}],"version-history":[{"count":31,"href":"https:\/\/www.dumitra.net\/blog\/index.php?rest_route=\/wp\/v2\/posts\/10930\/revisions"}],"predecessor-version":[{"id":10975,"href":"https:\/\/www.dumitra.net\/blog\/index.php?rest_route=\/wp\/v2\/posts\/10930\/revisions\/10975"}],"wp:attachment":[{"href":"https:\/\/www.dumitra.net\/blog\/index.php?rest_route=%2Fwp%2Fv2%2Fmedia&parent=10930"}],"wp:term":[{"taxonomy":"category","embeddable":true,"href":"https:\/\/www.dumitra.net\/blog\/index.php?rest_route=%2Fwp%2Fv2%2Fcategories&post=10930"},{"taxonomy":"post_tag","embeddable":true,"href":"https:\/\/www.dumitra.net\/blog\/index.php?rest_route=%2Fwp%2Fv2%2Ftags&post=10930"}],"curies":[{"name":"wp","href":"https:\/\/api.w.org\/{rel}","templated":true}]}}