{"id":10389,"date":"2018-09-04T06:45:21","date_gmt":"2018-09-04T06:45:21","guid":{"rendered":"http:\/\/www.dumitra.net\/blog\/?p=10389"},"modified":"2018-09-07T04:38:32","modified_gmt":"2018-09-07T04:38:32","slug":"fluturasi-de-balegar-i","status":"publish","type":"post","link":"https:\/\/www.dumitra.net\/blog\/?p=10389","title":{"rendered":"Flutura\u0219i de b\u0103legar (I)"},"content":{"rendered":"<p style=\"text-align: center;\"><em>Ale satului mari fete<\/em><br \/>\n<em>F\u0103r\u0103 ghete<\/em><br \/>\n<em>Ies la garduri pe-nserat&#8230;&nbsp;<\/em><br \/>\n<em>(Am v\u0103zut aci-ntr-o noapte<\/em><br \/>\n<em>Ni\u0219te fapte<\/em><br \/>\n<em>Care m-au scandalizat!)<\/em><\/p>\n<p style=\"text-align: center;\"><em>&nbsp; &nbsp; &nbsp; &nbsp; &nbsp; &nbsp; &nbsp; &nbsp; &nbsp; &nbsp; &nbsp; &nbsp; &nbsp; &nbsp; &nbsp; &nbsp; &nbsp; &nbsp; &nbsp; &nbsp; &nbsp; &nbsp; &nbsp; &nbsp; &nbsp; &nbsp; &nbsp; &nbsp; &nbsp; &nbsp; &nbsp; &nbsp; &nbsp; &nbsp; &nbsp; &nbsp; &nbsp; &nbsp; &nbsp; &nbsp; &nbsp; &nbsp; &nbsp; &nbsp; &nbsp; &nbsp; &nbsp; &nbsp; &nbsp; &nbsp; &nbsp; &nbsp; &nbsp; &nbsp; &nbsp; &nbsp;George Top\u00e2rceanu, Vara la \u021bar\u0103<\/em><\/p>\n<p style=\"background: white; vertical-align: baseline; margin: 0in 0in 12.0pt 0in;\"><span style=\"font-size: 13.5pt; font-family: 'Arial','sans-serif'; color: black;\">\u00cen fundul gr\u0103dinii, st\u00e2nd pe buza pantei c\u0103tre izlaz, Marinic\u0103, \u00eembr\u0103cat \u00een pantaloni&nbsp;gro\u0219i de trening, tricou sp\u0103l\u0103cit cu emblem\u0103 Adidias \u0219i cizme de cauciuc p\u00e2n\u0103 sub genunchi, descarc\u0103 prima c\u0103ru\u021b\u0103 de b\u0103legar (\u0219i p\u0103m\u00e2ntul trebuie hr\u0103nit). Nu e \u00eenc\u0103 miezul zilei, dac\u0103 socotim dup\u0103 ora mea de trezire. Dup\u0103 a lui, e trecut&#8230;&nbsp;<\/span><\/p>\n<p style=\"background: white; vertical-align: baseline; margin: 0in 0in 12.0pt 0in;\"><span style=\"font-size: 13.5pt; font-family: 'Arial','sans-serif'; color: black;\">Marinic\u0103 e slab ca un \u021b\u00e2r, dar v\u00e2nos; om bine muncit. D\u0103 lopat\u0103 dup\u0103 lopat\u0103. Se mai opre\u0219te din c\u00e2nd \u00een c\u00e2nd s\u0103-\u0219i treac\u0103 \u00eentr-o parte ciuful r\u0103zle\u021bit de adierile bl\u00e2nde ale v\u00e2nticelului de \u00eenceput de septembrie.<\/span><\/p>\n<p style=\"background: white; vertical-align: baseline; margin: 0in 0in 12.0pt 0in;\"><span style=\"font-size: 13.5pt; font-family: 'Arial','sans-serif'; color: black;\"><a href=\"https:\/\/www.dumitra.net\/blog\/wp-content\/fileStore\/2018\/09\/Izlaz-2.jpg\"><img loading=\"lazy\" decoding=\"async\" class=\"alignright size-medium wp-image-10427\" src=\"https:\/\/www.dumitra.net\/blog\/wp-content\/fileStore\/2018\/09\/Izlaz-2-169x300.jpg\" alt=\"\" width=\"169\" height=\"300\" srcset=\"https:\/\/www.dumitra.net\/blog\/wp-content\/fileStore\/2018\/09\/Izlaz-2-169x300.jpg 169w, https:\/\/www.dumitra.net\/blog\/wp-content\/fileStore\/2018\/09\/Izlaz-2-768x1365.jpg 768w, https:\/\/www.dumitra.net\/blog\/wp-content\/fileStore\/2018\/09\/Izlaz-2-576x1024.jpg 576w, https:\/\/www.dumitra.net\/blog\/wp-content\/fileStore\/2018\/09\/Izlaz-2-600x1067.jpg 600w, https:\/\/www.dumitra.net\/blog\/wp-content\/fileStore\/2018\/09\/Izlaz-2.jpg 800w\" sizes=\"auto, (max-width: 169px) 100vw, 169px\" \/><\/a>Din toamn\u0103, de c\u00e2nd \u00eencep ploile, \u0219i p\u00e2n\u0103 t\u00e2rziu, \u00een prim\u0103var\u0103, izlazul satului, aflat \u00een apropierea Arge\u0219ului, se umple de ap\u0103, f\u0103c\u00e2nd p\u0103m\u00e2ntul de sub ea clisos ca o smoal\u0103. Mormolocii \u0219i broa\u0219tele devin singurii st\u0103p\u00e2ni ai \u021binutului. C\u00e2nd or\u0103c\u0103iala acestora \u021b\u00e2\u0219ne\u0219te din milioane de cotloane, e semn c\u0103 trebuie s\u0103 te \u021bii la ad\u0103post; locul devine blestemat, c\u0103sc\u00e2nd o gur\u0103 nes\u0103tul\u0103. Speriat, \u0219i stuf\u0103ri\u0219ul amu\u021be\u0219te. Oamenii \u0219i dobitoacele&nbsp; stau departe de capcana m\u00e2lului, care te trage \u00een jos cu o for\u021b\u0103 invizibil\u0103 uria\u0219\u0103. Este suficient un singur picior sc\u0103pat \u00een m\u00e2l\u2026.\u0219i <em>mbbppp&#8230;., <\/em>e gata<em>,<\/em>&nbsp;te aspir\u0103 ca o ventuz\u0103.&nbsp;<\/span><\/p>\n<p style=\"background: white; vertical-align: baseline; font-variant-ligatures: normal; font-variant-caps: normal; font-variant-numeric: inherit; font-variant-east-asian: inherit; font-stretch: inherit; line-height: inherit; orphans: 2; text-align: start; widows: 2; -webkit-text-stroke-width: 0px; text-decoration-style: initial; text-decoration-color: initial; word-spacing: 0px; margin: 0in 0in 12.0pt 0in;\"><span style=\"font-size: 13.5pt; font-family: 'Arial','sans-serif'; color: black;\">Vara \u00eens\u0103, c\u00e2nd c\u0103ldura erupe ca o magm\u0103 \u0219i usuc\u0103 locul, ligheanul acesta devine regatul vitelor \u0219i pl\u0103mada pove\u0219tilor ne\u0219tiute&#8230;.\u00eenc\u0103.&nbsp;<\/span><\/p>\n<p>&nbsp;<\/p>\n<p><strong><em>-M\u0103i Marinic\u0103, avu\u0219i nunt\u0103 mare, m\u0103i! Dou\u0103 zile a r\u0103sunat muzica \u00een sat. Da&#8217; manele n-am auzit&#8230;<\/em><\/strong><\/p>\n<p>&nbsp;<strong><em>&#8211; Da, doamn\u0103<\/em><\/strong>, \u00eemi r\u0103spunse, \u00eencrucis\u00e2ndu-\u0219i m\u00e2inile pe coada lope\u021bii. Z\u00e2mbe\u0219te plin de m\u00e2ndrie, l\u0103s\u00e2nd descoperit\u0103 o dantur\u0103 stricat\u0103, cu goluri pe alocuri. <em><strong>Am avut ambi\u021bia s\u0103 fac o nunt\u0103 cum n-a mai fost \u0219i nici n-o s\u0103 mai fie vreodat\u0103-n sat. Am avut dou\u0103 form\u0103\u021bii di la Bucure\u0219ti, doi soli\u0219ti (b\u0103rbat \u0219i femeie), dou\u0103 chit\u0103ri, saxofon&#8230;.Cu na\u0219u&#8217;&nbsp; am avut o problem\u0103, c\u0103 a c\u0103zut la pu\u0219c\u0103rie&#8230;.&nbsp;<\/strong><\/em><\/p>\n<p>M\u0103 ar\u0103t uimit\u0103 de a\u0219a arsenal, ceea ce \u00eel st\u00e2rne\u0219te la a povesti \u0219i a se \u00eenfige mai bine \u00een lopat\u0103. Simt c\u0103 are o poveste gata s\u0103 o de\u0219erte, pe l\u00e2ng\u0103 b\u0103legar, chiar la mine \u00een gr\u0103din\u0103.&nbsp;<\/p>\n<p><em><strong>-P\u0103i, am avut \u0219i doi buc\u0103tari \u0219i osp\u0103tari di la o unitate din Urleasca. Am t\u0103iat doi porci \u0219i dou\u0103 vaci. Daaaa, a fost nunt\u0103 mare, doamn\u0103. A venit \u0219i neinvita\u021bi, de nu mai aveam loc \u00een cort. Da&#8217; am avut ambi\u021bie mare, mare de tot. I-am zis lu Nelu\u021ba: mai bine a\u0219tept\u0103m \u0219i facem o nunt\u0103 ca lumea, d\u0103c\u00e2t s\u0103 m\u0103 gr\u0103besc.&nbsp; Am pierdut \u0219i bani, c\u0103 astea m-a costat, c\u0103 aci oamenii&nbsp; e s\u0103raci; am avut noroc cu ni\u0219te familii de-ale lu&#8217; nevasta, venite di la Bucure\u0219ti.<\/strong><\/em><\/p>\n<p>Cortul alb, pe l\u00e2ng\u0103 care trecui \u0219i eu venind \u00een sat, \u00eel amplasar\u0103 \u00een curtea casei. Ni\u0219te scoar\u021be vechi (puse poate \u00een chip de covor ro\u0219u) acopereau p\u0103m\u00e2ntul din fa\u021ba intr\u0103rii, scutind femeile de efortul de a-\u0219i extrage tocurile din \u021b\u0103r\u00e2n\u0103 sau de a le l\u0103sa chiar ofrand\u0103&#8230;. Deasupra intr\u0103rii \u00een cort, o caset\u0103 luminoas\u0103, cu litere mi\u0219c\u0103toare, te anun\u021ba c\u0103 acolo nu e orice, ci: <em>cas\u0103 de piatr\u0103<\/em>.<\/p>\n<p>G\u00e2ndul \u00eemi zboar\u0103 la zacusc\u0103 las\u0103t\u0103 pe foc \u00een legea ei, dar am ajutoare de n\u0103dejde. Devin o ascult\u0103toare des\u0103v\u00e2r\u0219it\u0103&#8230;, de-a locului (dac\u0103 nu m-ar tr\u0103da blondul platinat).&nbsp;<\/p>\n<p><em><strong>-Tu parc\u0103 ai deja doi copii?<\/strong><\/em><\/p>\n<p><em><strong>-Da, doamn\u0103. Doi ai mei, f\u0103cu\u021bi cu Nelu\u021ba, de 6 \u0219i 3 ani, \u0219i doi ai ei, de 15 \u0219i 10 ani.&nbsp;<\/strong><\/em><\/p>\n<p><em><strong>-Ce-i f\u0103cu\u0219i, m\u0103, o fura\u0219i?&nbsp;<\/strong><\/em><\/p>\n<p><em><strong>-Nu, doamn\u0103, a venit singur\u0103, c\u0103 ea nu mai tr\u0103ia cu b\u0103rbat\u0103-su, a izgonit-o; era un be\u021biv , d-aci, din sat.&nbsp; Ea era di la Bucure\u0219ti, c\u00e2nd a venit dup\u0103 el. Cu \u0103sta eram io asociat la vite. El avea 10 vite, io, tot cam a\u0219a. Le p\u0103\u0219team aci, p\u0103 izlaz. Nelu\u021ba tot venea p\u0103 la mine, p\u0103 izlaz, vreun an a\u0219a. \u0218i io i-am zis:&nbsp; gata, f\u0103, vino s\u0103 stai cu mine, nu mai pleca. \u0218i-a stat. L&#8217;alde m\u0103-sa nu le-a convenit, c\u0103 io-s s\u0103rac; ei stau la Bucure\u0219ti \u0219i c\u00e2nd a auzit c\u0103 e \u00eens\u0103rcinat\u0103, a iertat-o.<\/strong><\/em><\/p>\n<p>\u00cenfierb\u00e2ntat, uit\u0103 de b\u0103legar \u0219i se propte\u0219te mai bine \u00een lopat\u0103, \u00eempletindu-\u0219i picioarele, gata s\u0103 continue. Ca s\u0103 nu \u00eel \u00eent\u00e2rzii, \u00eei promit c\u0103 revin, c\u00e2nd va sosi cu urm\u0103toarea c\u0103ru\u021b\u0103. Se apleac\u0103 asupra b\u0103legarului, ca \u0219i cum ar scoate ap\u0103 din f\u00e2nt\u00e2n\u0103, \u0219i d\u0103 \u00eensufle\u021bit din bra\u021be. Mormanul negru, mustind \u00eenc\u0103 a sev\u0103, cre\u0219te ca o colin\u0103 deasupra p\u0103m\u00e2ntului cr\u0103pat de usc\u0103ciune. G\u00e2ndul la recolta zdrav\u0103n\u0103 a verii urm\u0103toare m\u0103 bucur\u0103. \u00cei voi da p\u0103m\u00e2ntului hrana care \u00eei trebuie, a\u0219a cum \u0219i el ne-o d\u0103 nou\u0103.&nbsp;<\/p>\n<p>Revin la zacusca cea de toate verile, d\u0103t\u0103toare de inspira\u021bie \u0219i pove\u0219ti aromate (vezi <a href=\"https:\/\/www.dumitra.net\/blog\/?p=9253\" target=\"_blank\" rel=\"noopener\">aici<\/a> o alt\u0103 zacusc\u0103 cu poveste), imaginate sau poate n\u0103scute plec\u00e2nd de la un mic s\u00e2mbure de realitate. So\u021bul meu m\u0103 anun\u021b\u0103 elegant c\u0103 a \u00een\u021beles, c\u0103 a auzit o fr\u00e2ntur\u0103 de dialog; de aceea nici n-a vrut s\u0103 m\u0103 deranjeze. A \u00eengrijit el de zacusc\u0103. Socrul meu \u00eent\u0103re\u0219te \u0219i el c\u0103 \u0219i-a dat seama c\u0103 povestea m-a prins, c\u0103, la 60 de genera\u021bii de solda\u021bi c\u00e2te i-au trecut prin fa\u021ba ochilor, e un bun psiholog, <em>&#8220;de\u0219i nu las s\u0103 se vad\u0103 asta&#8230; &#8220;<\/em>. Copiii mi\u0219un\u0103 prin gr\u0103din\u0103 la str\u00e2nsul ultimei recolte de ro\u0219ii pe anul \u0103sta.<\/p>\n<p>Le mul\u021bumesc cu ochii miji\u021bi, revenind deasupra zacu\u0219tei \u00een plin\u0103 facere. P\u00e2n\u0103 s\u0103 o \u00eenchid \u00een borcane, am timp berechet s\u0103 n\u0103scocesc \u00een minte i\u021bele unei pove\u0219ti.<\/p>\n<p><em>Va continua.&nbsp;<\/em><\/p>\n<p><em><strong>Flutura\u0219i de b\u0103legar (II) este <a href=\"https:\/\/www.dumitra.net\/blog\/?p=10443\" target=\"_blank\" rel=\"noopener\">aici<\/a>.&nbsp;<\/strong><\/em><\/p>\n<p><em><strong>Flutura\u0219i de b\u0103legar (III) este <a href=\"https:\/\/www.dumitra.net\/blog\/?p=10504\" target=\"_blank\" rel=\"noopener\">aici<\/a>.<\/strong><\/em><\/p>\n<p><em>Povestea este o fic\u021biune. Orice asem\u0103nare cu caractere \u0219i situa\u021bii reale este pur \u00eent\u00e2mpl\u0103toare.&nbsp;<\/em><\/p>\n","protected":false},"excerpt":{"rendered":"<p>Ale satului mari fete F\u0103r\u0103 ghete Ies la garduri pe-nserat&#8230;&nbsp; (Am v\u0103zut aci-ntr-o noapte Ni\u0219te fapte Care m-au scandalizat!) &nbsp; &nbsp; &nbsp; &nbsp; &nbsp; &nbsp; &nbsp; &nbsp; &nbsp; &nbsp; &nbsp; &nbsp; &nbsp; &nbsp; &nbsp;&#46;&#46;&#46;<\/p>\n","protected":false},"author":1,"featured_media":0,"comment_status":"open","ping_status":"closed","sticky":false,"template":"","format":"standard","meta":{"ngg_post_thumbnail":0,"footnotes":""},"categories":[4],"tags":[1420],"class_list":["post-10389","post","type-post","status-publish","format-standard","hentry","category-personal","tag-povesti-de-la-sat"],"_links":{"self":[{"href":"https:\/\/www.dumitra.net\/blog\/index.php?rest_route=\/wp\/v2\/posts\/10389","targetHints":{"allow":["GET"]}}],"collection":[{"href":"https:\/\/www.dumitra.net\/blog\/index.php?rest_route=\/wp\/v2\/posts"}],"about":[{"href":"https:\/\/www.dumitra.net\/blog\/index.php?rest_route=\/wp\/v2\/types\/post"}],"author":[{"embeddable":true,"href":"https:\/\/www.dumitra.net\/blog\/index.php?rest_route=\/wp\/v2\/users\/1"}],"replies":[{"embeddable":true,"href":"https:\/\/www.dumitra.net\/blog\/index.php?rest_route=%2Fwp%2Fv2%2Fcomments&post=10389"}],"version-history":[{"count":69,"href":"https:\/\/www.dumitra.net\/blog\/index.php?rest_route=\/wp\/v2\/posts\/10389\/revisions"}],"predecessor-version":[{"id":10536,"href":"https:\/\/www.dumitra.net\/blog\/index.php?rest_route=\/wp\/v2\/posts\/10389\/revisions\/10536"}],"wp:attachment":[{"href":"https:\/\/www.dumitra.net\/blog\/index.php?rest_route=%2Fwp%2Fv2%2Fmedia&parent=10389"}],"wp:term":[{"taxonomy":"category","embeddable":true,"href":"https:\/\/www.dumitra.net\/blog\/index.php?rest_route=%2Fwp%2Fv2%2Fcategories&post=10389"},{"taxonomy":"post_tag","embeddable":true,"href":"https:\/\/www.dumitra.net\/blog\/index.php?rest_route=%2Fwp%2Fv2%2Ftags&post=10389"}],"curies":[{"name":"wp","href":"https:\/\/api.w.org\/{rel}","templated":true}]}}